{"id":8917,"date":"2023-01-27T13:39:16","date_gmt":"2023-01-27T12:39:16","guid":{"rendered":"https:\/\/www.ladiagonale.net\/?p=8917"},"modified":"2023-01-27T13:39:20","modified_gmt":"2023-01-27T12:39:20","slug":"un-responsable-des-talents-a-monaco","status":"publish","type":"post","link":"https:\/\/www.ladiagonale.net\/index.php\/2023\/01\/27\/un-responsable-des-talents-a-monaco\/","title":{"rendered":"Un responsable des talents \u00e0 Monaco"},"content":{"rendered":"\n\n\n<p>L&rsquo;AS Monaco va renforcer son Academy avec un responsable de talents. D&rsquo;apr\u00e8s <em>L&rsquo;\u00c9quipe<\/em>, le Fran\u00e7ais Zin\u00e9dine Benslimane va rejoindre l&rsquo;AS Monaco dans un poste \u00e0 l&rsquo;intitul\u00e9 quelque peu inhabituel. Sa mission principale consistera \u00e0 faire le lien entre l&rsquo;\u00e9quipe professionnelle et l&rsquo;Academy et sera directement sous la direction de Paul Mitchell.<\/p>\n\n\n\n<p>Les deux hommes se connaissent depuis plusieurs ann\u00e9es puisque Benslimane travaillait en tant que recruteur de jeunes talents \u00e0 Leipzig depuis 2019, un club qui fait partie de la galaxie Red Bull et dont la politique sportive \u00e9tait \u00e9dict\u00e9e par Paul Mitchell jusqu&rsquo;\u00e0 son arriv\u00e9e sur le Rocher en juin 2020.<\/p>\n","protected":false},"excerpt":{"rendered":"<p>L&rsquo;AS Monaco va renforcer son Academy avec un responsable de talents. D&rsquo;apr\u00e8s L&rsquo;\u00c9quipe, le Fran\u00e7ais Zin\u00e9dine Benslimane va rejoindre l&rsquo;AS Monaco dans un poste \u00e0 l&rsquo;intitul\u00e9 quelque peu inhabituel. Sa mission principale consistera \u00e0 faire le lien entre l&rsquo;\u00e9quipe professionnelle et l&rsquo;Academy et sera directement sous la direction de Paul Mitchell. Les deux hommes se [&#8230;]\n","protected":false},"author":2,"featured_media":0,"comment_status":"open","ping_status":"open","sticky":false,"template":"","format":"standard","meta":[],"categories":[4,6],"tags":[76,86,187,388],"yoast_head":"<!-- This site is optimized with the Yoast SEO plugin v19.8 - https:\/\/yoast.com\/wordpress\/plugins\/seo\/ -->\n<title>Un responsable des talents \u00e0 Monaco - La Diagonale<\/title>\n<meta name=\"robots\" content=\"index, follow, max-snippet:-1, max-image-preview:large, max-video-preview:-1\" \/>\n<link rel=\"canonical\" href=\"https:\/\/www.ladiagonale.net\/index.php\/2023\/01\/27\/un-responsable-des-talents-a-monaco\/\" \/>\n<meta property=\"og:locale\" content=\"fr_FR\" \/>\n<meta property=\"og:type\" content=\"article\" \/>\n<meta property=\"og:title\" content=\"Un responsable des talents \u00e0 Monaco - La Diagonale\" \/>\n<meta property=\"og:description\" content=\"L&rsquo;AS Monaco va renforcer son Academy avec un responsable de talents. D&rsquo;apr\u00e8s L&rsquo;\u00c9quipe, le Fran\u00e7ais Zin\u00e9dine Benslimane va rejoindre l&rsquo;AS Monaco dans un poste \u00e0 l&rsquo;intitul\u00e9 quelque peu inhabituel. Sa mission principale consistera \u00e0 faire le lien entre l&rsquo;\u00e9quipe professionnelle et l&rsquo;Academy et sera directement sous la direction de Paul Mitchell. Les deux hommes se [...]\" \/>\n<meta property=\"og:url\" content=\"https:\/\/www.ladiagonale.net\/index.php\/2023\/01\/27\/un-responsable-des-talents-a-monaco\/\" \/>\n<meta property=\"og:site_name\" content=\"La Diagonale\" \/>\n<meta property=\"article:published_time\" content=\"2023-01-27T12:39:16+00:00\" \/>\n<meta property=\"article:modified_time\" content=\"2023-01-27T12:39:20+00:00\" \/>\n<meta property=\"og:image\" content=\"https:\/\/www.ladiagonale.net\/wp-content\/uploads\/2023\/01\/benslimane.png\" \/>\n\t<meta property=\"og:image:width\" content=\"1160\" \/>\n\t<meta property=\"og:image:height\" content=\"650\" \/>\n\t<meta property=\"og:image:type\" content=\"image\/png\" \/>\n<meta name=\"author\" content=\"Damien Dellerba\" \/>\n<meta name=\"twitter:card\" content=\"summary_large_image\" \/>\n<meta name=\"twitter:image\" content=\"https:\/\/www.ladiagonale.net\/wp-content\/uploads\/2023\/01\/benslimane.png\" \/>\n<meta name=\"twitter:label1\" content=\"\u00c9crit par\" \/>\n\t<meta name=\"twitter:data1\" content=\"Damien Dellerba\" \/>\n\t<meta name=\"twitter:label2\" content=\"Dur\u00e9e de lecture estim\u00e9e\" \/>\n\t<meta name=\"twitter:data2\" content=\"1 minute\" \/>\n<script type=\"application\/ld+json\" class=\"yoast-schema-graph\">{\"@context\":\"https:\/\/schema.org\",\"@graph\":[{\"@type\":\"WebPage\",\"@id\":\"https:\/\/www.ladiagonale.net\/index.php\/2023\/01\/27\/un-responsable-des-talents-a-monaco\/\",\"url\":\"https:\/\/www.ladiagonale.net\/index.php\/2023\/01\/27\/un-responsable-des-talents-a-monaco\/\",\"name\":\"Un responsable des talents \u00e0 Monaco - La Diagonale\",\"isPartOf\":{\"@id\":\"https:\/\/www.ladiagonale.net\/#website\"},\"datePublished\":\"2023-01-27T12:39:16+00:00\",\"dateModified\":\"2023-01-27T12:39:20+00:00\",\"author\":{\"@id\":\"https:\/\/www.ladiagonale.net\/#\/schema\/person\/79ff1e7b0853ed01b2aa26e64ad300bf\"},\"breadcrumb\":{\"@id\":\"https:\/\/www.ladiagonale.net\/index.php\/2023\/01\/27\/un-responsable-des-talents-a-monaco\/#breadcrumb\"},\"inLanguage\":\"fr-FR\",\"potentialAction\":[{\"@type\":\"ReadAction\",\"target\":[\"https:\/\/www.ladiagonale.net\/index.php\/2023\/01\/27\/un-responsable-des-talents-a-monaco\/\"]}]},{\"@type\":\"BreadcrumbList\",\"@id\":\"https:\/\/www.ladiagonale.net\/index.php\/2023\/01\/27\/un-responsable-des-talents-a-monaco\/#breadcrumb\",\"itemListElement\":[{\"@type\":\"ListItem\",\"position\":1,\"name\":\"Accueil\",\"item\":\"https:\/\/www.ladiagonale.net\/\"},{\"@type\":\"ListItem\",\"position\":2,\"name\":\"Un responsable des talents \u00e0 Monaco\"}]},{\"@type\":\"WebSite\",\"@id\":\"https:\/\/www.ladiagonale.net\/#website\",\"url\":\"https:\/\/www.ladiagonale.net\/\",\"name\":\"La Diagonale\",\"description\":\"Le site des supporters de l&#039;AS Monaco FC\",\"potentialAction\":[{\"@type\":\"SearchAction\",\"target\":{\"@type\":\"EntryPoint\",\"urlTemplate\":\"https:\/\/www.ladiagonale.net\/?s={search_term_string}\"},\"query-input\":\"required name=search_term_string\"}],\"inLanguage\":\"fr-FR\"},{\"@type\":\"Person\",\"@id\":\"https:\/\/www.ladiagonale.net\/#\/schema\/person\/79ff1e7b0853ed01b2aa26e64ad300bf\",\"name\":\"Damien Dellerba\",\"image\":{\"@type\":\"ImageObject\",\"inLanguage\":\"fr-FR\",\"@id\":\"https:\/\/www.ladiagonale.net\/#\/schema\/person\/image\/\",\"url\":\"https:\/\/secure.gravatar.com\/avatar\/c7850e06d3ff63cdbaee88b7fc16e2f0?s=96&d=mm&r=g\",\"contentUrl\":\"https:\/\/secure.gravatar.com\/avatar\/c7850e06d3ff63cdbaee88b7fc16e2f0?s=96&d=mm&r=g\",\"caption\":\"Damien Dellerba\"},\"url\":\"https:\/\/www.ladiagonale.net\/index.php\/author\/damien\/\"}]}<\/script>\n<!-- \/ Yoast SEO plugin. -->","yoast_head_json":{"title":"Un responsable des talents \u00e0 Monaco - La Diagonale","robots":{"index":"index","follow":"follow","max-snippet":"max-snippet:-1","max-image-preview":"max-image-preview:large","max-video-preview":"max-video-preview:-1"},"canonical":"https:\/\/www.ladiagonale.net\/index.php\/2023\/01\/27\/un-responsable-des-talents-a-monaco\/","og_locale":"fr_FR","og_type":"article","og_title":"Un responsable des talents \u00e0 Monaco - La Diagonale","og_description":"L&rsquo;AS Monaco va renforcer son Academy avec un responsable de talents. D&rsquo;apr\u00e8s L&rsquo;\u00c9quipe, le Fran\u00e7ais Zin\u00e9dine Benslimane va rejoindre l&rsquo;AS Monaco dans un poste \u00e0 l&rsquo;intitul\u00e9 quelque peu inhabituel. Sa mission principale consistera \u00e0 faire le lien entre l&rsquo;\u00e9quipe professionnelle et l&rsquo;Academy et sera directement sous la direction de Paul Mitchell. Les deux hommes se [...]","og_url":"https:\/\/www.ladiagonale.net\/index.php\/2023\/01\/27\/un-responsable-des-talents-a-monaco\/","og_site_name":"La Diagonale","article_published_time":"2023-01-27T12:39:16+00:00","article_modified_time":"2023-01-27T12:39:20+00:00","og_image":[{"width":1160,"height":650,"url":"https:\/\/www.ladiagonale.net\/wp-content\/uploads\/2023\/01\/benslimane.png","type":"image\/png"}],"author":"Damien Dellerba","twitter_card":"summary_large_image","twitter_image":"https:\/\/www.ladiagonale.net\/wp-content\/uploads\/2023\/01\/benslimane.png","twitter_misc":{"\u00c9crit par":"Damien Dellerba","Dur\u00e9e de lecture estim\u00e9e":"1 minute"},"schema":{"@context":"https:\/\/schema.org","@graph":[{"@type":"WebPage","@id":"https:\/\/www.ladiagonale.net\/index.php\/2023\/01\/27\/un-responsable-des-talents-a-monaco\/","url":"https:\/\/www.ladiagonale.net\/index.php\/2023\/01\/27\/un-responsable-des-talents-a-monaco\/","name":"Un responsable des talents \u00e0 Monaco - La Diagonale","isPartOf":{"@id":"https:\/\/www.ladiagonale.net\/#website"},"datePublished":"2023-01-27T12:39:16+00:00","dateModified":"2023-01-27T12:39:20+00:00","author":{"@id":"https:\/\/www.ladiagonale.net\/#\/schema\/person\/79ff1e7b0853ed01b2aa26e64ad300bf"},"breadcrumb":{"@id":"https:\/\/www.ladiagonale.net\/index.php\/2023\/01\/27\/un-responsable-des-talents-a-monaco\/#breadcrumb"},"inLanguage":"fr-FR","potentialAction":[{"@type":"ReadAction","target":["https:\/\/www.ladiagonale.net\/index.php\/2023\/01\/27\/un-responsable-des-talents-a-monaco\/"]}]},{"@type":"BreadcrumbList","@id":"https:\/\/www.ladiagonale.net\/index.php\/2023\/01\/27\/un-responsable-des-talents-a-monaco\/#breadcrumb","itemListElement":[{"@type":"ListItem","position":1,"name":"Accueil","item":"https:\/\/www.ladiagonale.net\/"},{"@type":"ListItem","position":2,"name":"Un responsable des talents \u00e0 Monaco"}]},{"@type":"WebSite","@id":"https:\/\/www.ladiagonale.net\/#website","url":"https:\/\/www.ladiagonale.net\/","name":"La Diagonale","description":"Le site des supporters de l&#039;AS Monaco FC","potentialAction":[{"@type":"SearchAction","target":{"@type":"EntryPoint","urlTemplate":"https:\/\/www.ladiagonale.net\/?s={search_term_string}"},"query-input":"required name=search_term_string"}],"inLanguage":"fr-FR"},{"@type":"Person","@id":"https:\/\/www.ladiagonale.net\/#\/schema\/person\/79ff1e7b0853ed01b2aa26e64ad300bf","name":"Damien Dellerba","image":{"@type":"ImageObject","inLanguage":"fr-FR","@id":"https:\/\/www.ladiagonale.net\/#\/schema\/person\/image\/","url":"https:\/\/secure.gravatar.com\/avatar\/c7850e06d3ff63cdbaee88b7fc16e2f0?s=96&d=mm&r=g","contentUrl":"https:\/\/secure.gravatar.com\/avatar\/c7850e06d3ff63cdbaee88b7fc16e2f0?s=96&d=mm&r=g","caption":"Damien Dellerba"},"url":"https:\/\/www.ladiagonale.net\/index.php\/author\/damien\/"}]}},"_links":{"self":[{"href":"https:\/\/www.ladiagonale.net\/index.php\/wp-json\/wp\/v2\/posts\/8917"}],"collection":[{"href":"https:\/\/www.ladiagonale.net\/index.php\/wp-json\/wp\/v2\/posts"}],"about":[{"href":"https:\/\/www.ladiagonale.net\/index.php\/wp-json\/wp\/v2\/types\/post"}],"author":[{"embeddable":true,"href":"https:\/\/www.ladiagonale.net\/index.php\/wp-json\/wp\/v2\/users\/2"}],"replies":[{"embeddable":true,"href":"https:\/\/www.ladiagonale.net\/index.php\/wp-json\/wp\/v2\/comments?post=8917"}],"version-history":[{"count":1,"href":"https:\/\/www.ladiagonale.net\/index.php\/wp-json\/wp\/v2\/posts\/8917\/revisions"}],"predecessor-version":[{"id":8919,"href":"https:\/\/www.ladiagonale.net\/index.php\/wp-json\/wp\/v2\/posts\/8917\/revisions\/8919"}],"wp:attachment":[{"href":"https:\/\/www.ladiagonale.net\/index.php\/wp-json\/wp\/v2\/media?parent=8917"}],"wp:term":[{"taxonomy":"category","embeddable":true,"href":"https:\/\/www.ladiagonale.net\/index.php\/wp-json\/wp\/v2\/categories?post=8917"},{"taxonomy":"post_tag","embeddable":true,"href":"https:\/\/www.ladiagonale.net\/index.php\/wp-json\/wp\/v2\/tags?post=8917"}],"curies":[{"name":"wp","href":"https:\/\/api.w.org\/{rel}","templated":true}]}}