{"id":8934,"date":"2023-01-27T19:49:15","date_gmt":"2023-01-27T18:49:15","guid":{"rendered":"https:\/\/www.ladiagonale.net\/?p=8934"},"modified":"2023-01-31T19:36:42","modified_gmt":"2023-01-31T18:36:42","slug":"le-groupe-monegasque-volland-toujours-absent","status":"publish","type":"post","link":"https:\/\/www.ladiagonale.net\/index.php\/2023\/01\/27\/le-groupe-monegasque-volland-toujours-absent\/","title":{"rendered":"Le groupe mon\u00e9gasque : Volland toujours absent"},"content":{"rendered":"\n<p>Philippe Clement a convoqu\u00e9 un groupe de 23 joueurs pour le d\u00e9placement \u00e0 Marseille pour le compte de la 20e journ\u00e9e de Ligue 1. Le technicien belge devra faire sans Camara, suspendu, mais aussi sans Kevin Volland, visiblement encore trop juste. Jean Lucas, sur le d\u00e9part, est \u00e9cart\u00e9.<\/p>\n\n\n\n<p>Absent lors du dernier match contre Ajaccio, Gelson Martins fait son retour. Okou et Magassa sont dans le groupe, m\u00eame s\u2019il y a fort \u00e0 parier qu\u2019ils feront partie, avec Lienard, des trois joueurs qui resteront en tribune.<\/p>\n\n\n\n<p><strong>Le groupe mon\u00e9gasque<\/strong><\/p>\n\n\n\n<ul>\n\n<li>Gardiens : Didillon, Lienard, N\u00fcbel.<\/li>\n\n\n<li>D\u00e9fenseurs : Aguilar, C. Henrique, Disasi, Jakobs, Maripan, Okou, Sarr, Vanderson.<\/li>\n\n\n<li>Milieux : Akliouche, Ben Seghir, Diatta, Fofana, G. Martins, Golovin, Magassa, Matazo, Minamino.<\/li>\n\n\n<li>Attaquants : Ben Yedder, Boadu, Embolo.<\/li>\n\n<\/ul>\n\n\n\n<p><em>Absents :<\/em> Camara (suspendu), Volland (reprise), J. Lucas (choix du coach).<\/p>\n","protected":false},"excerpt":{"rendered":"<p>Philippe Clement a convoqu\u00e9 un groupe de 23 joueurs pour le d\u00e9placement \u00e0 Marseille pour le compte de la 20e journ\u00e9e de Ligue 1. Le technicien belge devra faire sans Camara, suspendu, mais aussi sans Kevin Volland, visiblement encore trop juste. Jean Lucas, sur le d\u00e9part, est \u00e9cart\u00e9. Absent lors du dernier match contre Ajaccio, [&#8230;]\n","protected":false},"author":2,"featured_media":0,"comment_status":"open","ping_status":"open","sticky":false,"template":"","format":"standard","meta":[],"categories":[4,6],"tags":[86,225,179,94,374],"yoast_head":"<!-- This site is optimized with the Yoast SEO plugin v19.8 - https:\/\/yoast.com\/wordpress\/plugins\/seo\/ -->\n<title>Le groupe mon\u00e9gasque : Volland toujours absent - La Diagonale<\/title>\n<meta name=\"robots\" content=\"index, follow, max-snippet:-1, max-image-preview:large, max-video-preview:-1\" \/>\n<link rel=\"canonical\" href=\"https:\/\/www.ladiagonale.net\/index.php\/2023\/01\/27\/le-groupe-monegasque-volland-toujours-absent\/\" \/>\n<meta property=\"og:locale\" content=\"fr_FR\" \/>\n<meta property=\"og:type\" content=\"article\" \/>\n<meta property=\"og:title\" content=\"Le groupe mon\u00e9gasque : Volland toujours absent - La Diagonale\" \/>\n<meta property=\"og:description\" content=\"Philippe Clement a convoqu\u00e9 un groupe de 23 joueurs pour le d\u00e9placement \u00e0 Marseille pour le compte de la 20e journ\u00e9e de Ligue 1. Le technicien belge devra faire sans Camara, suspendu, mais aussi sans Kevin Volland, visiblement encore trop juste. Jean Lucas, sur le d\u00e9part, est \u00e9cart\u00e9. Absent lors du dernier match contre Ajaccio, [...]\" \/>\n<meta property=\"og:url\" content=\"https:\/\/www.ladiagonale.net\/index.php\/2023\/01\/27\/le-groupe-monegasque-volland-toujours-absent\/\" \/>\n<meta property=\"og:site_name\" content=\"La Diagonale\" \/>\n<meta property=\"article:published_time\" content=\"2023-01-27T18:49:15+00:00\" \/>\n<meta property=\"article:modified_time\" content=\"2023-01-31T18:36:42+00:00\" \/>\n<meta property=\"og:image\" content=\"https:\/\/www.ladiagonale.net\/wp-content\/uploads\/2022\/11\/volland.png\" \/>\n\t<meta property=\"og:image:width\" content=\"1160\" \/>\n\t<meta property=\"og:image:height\" content=\"650\" \/>\n\t<meta property=\"og:image:type\" content=\"image\/png\" \/>\n<meta name=\"author\" content=\"Damien Dellerba\" \/>\n<meta name=\"twitter:card\" content=\"summary_large_image\" \/>\n<meta name=\"twitter:image\" content=\"https:\/\/www.ladiagonale.net\/wp-content\/uploads\/2022\/11\/volland.png\" \/>\n<meta name=\"twitter:label1\" content=\"\u00c9crit par\" \/>\n\t<meta name=\"twitter:data1\" content=\"Damien Dellerba\" \/>\n\t<meta name=\"twitter:label2\" content=\"Dur\u00e9e de lecture estim\u00e9e\" \/>\n\t<meta name=\"twitter:data2\" content=\"1 minute\" \/>\n<script type=\"application\/ld+json\" class=\"yoast-schema-graph\">{\"@context\":\"https:\/\/schema.org\",\"@graph\":[{\"@type\":\"WebPage\",\"@id\":\"https:\/\/www.ladiagonale.net\/index.php\/2023\/01\/27\/le-groupe-monegasque-volland-toujours-absent\/\",\"url\":\"https:\/\/www.ladiagonale.net\/index.php\/2023\/01\/27\/le-groupe-monegasque-volland-toujours-absent\/\",\"name\":\"Le groupe mon\u00e9gasque : Volland toujours absent - La Diagonale\",\"isPartOf\":{\"@id\":\"https:\/\/www.ladiagonale.net\/#website\"},\"datePublished\":\"2023-01-27T18:49:15+00:00\",\"dateModified\":\"2023-01-31T18:36:42+00:00\",\"author\":{\"@id\":\"https:\/\/www.ladiagonale.net\/#\/schema\/person\/79ff1e7b0853ed01b2aa26e64ad300bf\"},\"breadcrumb\":{\"@id\":\"https:\/\/www.ladiagonale.net\/index.php\/2023\/01\/27\/le-groupe-monegasque-volland-toujours-absent\/#breadcrumb\"},\"inLanguage\":\"fr-FR\",\"potentialAction\":[{\"@type\":\"ReadAction\",\"target\":[\"https:\/\/www.ladiagonale.net\/index.php\/2023\/01\/27\/le-groupe-monegasque-volland-toujours-absent\/\"]}]},{\"@type\":\"BreadcrumbList\",\"@id\":\"https:\/\/www.ladiagonale.net\/index.php\/2023\/01\/27\/le-groupe-monegasque-volland-toujours-absent\/#breadcrumb\",\"itemListElement\":[{\"@type\":\"ListItem\",\"position\":1,\"name\":\"Accueil\",\"item\":\"https:\/\/www.ladiagonale.net\/\"},{\"@type\":\"ListItem\",\"position\":2,\"name\":\"Le groupe mon\u00e9gasque : Volland toujours absent\"}]},{\"@type\":\"WebSite\",\"@id\":\"https:\/\/www.ladiagonale.net\/#website\",\"url\":\"https:\/\/www.ladiagonale.net\/\",\"name\":\"La Diagonale\",\"description\":\"Le site des supporters de l&#039;AS Monaco FC\",\"potentialAction\":[{\"@type\":\"SearchAction\",\"target\":{\"@type\":\"EntryPoint\",\"urlTemplate\":\"https:\/\/www.ladiagonale.net\/?s={search_term_string}\"},\"query-input\":\"required name=search_term_string\"}],\"inLanguage\":\"fr-FR\"},{\"@type\":\"Person\",\"@id\":\"https:\/\/www.ladiagonale.net\/#\/schema\/person\/79ff1e7b0853ed01b2aa26e64ad300bf\",\"name\":\"Damien Dellerba\",\"image\":{\"@type\":\"ImageObject\",\"inLanguage\":\"fr-FR\",\"@id\":\"https:\/\/www.ladiagonale.net\/#\/schema\/person\/image\/\",\"url\":\"https:\/\/secure.gravatar.com\/avatar\/c7850e06d3ff63cdbaee88b7fc16e2f0?s=96&d=mm&r=g\",\"contentUrl\":\"https:\/\/secure.gravatar.com\/avatar\/c7850e06d3ff63cdbaee88b7fc16e2f0?s=96&d=mm&r=g\",\"caption\":\"Damien Dellerba\"},\"url\":\"https:\/\/www.ladiagonale.net\/index.php\/author\/damien\/\"}]}<\/script>\n<!-- \/ Yoast SEO plugin. -->","yoast_head_json":{"title":"Le groupe mon\u00e9gasque : Volland toujours absent - La Diagonale","robots":{"index":"index","follow":"follow","max-snippet":"max-snippet:-1","max-image-preview":"max-image-preview:large","max-video-preview":"max-video-preview:-1"},"canonical":"https:\/\/www.ladiagonale.net\/index.php\/2023\/01\/27\/le-groupe-monegasque-volland-toujours-absent\/","og_locale":"fr_FR","og_type":"article","og_title":"Le groupe mon\u00e9gasque : Volland toujours absent - La Diagonale","og_description":"Philippe Clement a convoqu\u00e9 un groupe de 23 joueurs pour le d\u00e9placement \u00e0 Marseille pour le compte de la 20e journ\u00e9e de Ligue 1. Le technicien belge devra faire sans Camara, suspendu, mais aussi sans Kevin Volland, visiblement encore trop juste. Jean Lucas, sur le d\u00e9part, est \u00e9cart\u00e9. Absent lors du dernier match contre Ajaccio, [...]","og_url":"https:\/\/www.ladiagonale.net\/index.php\/2023\/01\/27\/le-groupe-monegasque-volland-toujours-absent\/","og_site_name":"La Diagonale","article_published_time":"2023-01-27T18:49:15+00:00","article_modified_time":"2023-01-31T18:36:42+00:00","og_image":[{"width":1160,"height":650,"url":"https:\/\/www.ladiagonale.net\/wp-content\/uploads\/2022\/11\/volland.png","type":"image\/png"}],"author":"Damien Dellerba","twitter_card":"summary_large_image","twitter_image":"https:\/\/www.ladiagonale.net\/wp-content\/uploads\/2022\/11\/volland.png","twitter_misc":{"\u00c9crit par":"Damien Dellerba","Dur\u00e9e de lecture estim\u00e9e":"1 minute"},"schema":{"@context":"https:\/\/schema.org","@graph":[{"@type":"WebPage","@id":"https:\/\/www.ladiagonale.net\/index.php\/2023\/01\/27\/le-groupe-monegasque-volland-toujours-absent\/","url":"https:\/\/www.ladiagonale.net\/index.php\/2023\/01\/27\/le-groupe-monegasque-volland-toujours-absent\/","name":"Le groupe mon\u00e9gasque : Volland toujours absent - La Diagonale","isPartOf":{"@id":"https:\/\/www.ladiagonale.net\/#website"},"datePublished":"2023-01-27T18:49:15+00:00","dateModified":"2023-01-31T18:36:42+00:00","author":{"@id":"https:\/\/www.ladiagonale.net\/#\/schema\/person\/79ff1e7b0853ed01b2aa26e64ad300bf"},"breadcrumb":{"@id":"https:\/\/www.ladiagonale.net\/index.php\/2023\/01\/27\/le-groupe-monegasque-volland-toujours-absent\/#breadcrumb"},"inLanguage":"fr-FR","potentialAction":[{"@type":"ReadAction","target":["https:\/\/www.ladiagonale.net\/index.php\/2023\/01\/27\/le-groupe-monegasque-volland-toujours-absent\/"]}]},{"@type":"BreadcrumbList","@id":"https:\/\/www.ladiagonale.net\/index.php\/2023\/01\/27\/le-groupe-monegasque-volland-toujours-absent\/#breadcrumb","itemListElement":[{"@type":"ListItem","position":1,"name":"Accueil","item":"https:\/\/www.ladiagonale.net\/"},{"@type":"ListItem","position":2,"name":"Le groupe mon\u00e9gasque : Volland toujours absent"}]},{"@type":"WebSite","@id":"https:\/\/www.ladiagonale.net\/#website","url":"https:\/\/www.ladiagonale.net\/","name":"La Diagonale","description":"Le site des supporters de l&#039;AS Monaco FC","potentialAction":[{"@type":"SearchAction","target":{"@type":"EntryPoint","urlTemplate":"https:\/\/www.ladiagonale.net\/?s={search_term_string}"},"query-input":"required name=search_term_string"}],"inLanguage":"fr-FR"},{"@type":"Person","@id":"https:\/\/www.ladiagonale.net\/#\/schema\/person\/79ff1e7b0853ed01b2aa26e64ad300bf","name":"Damien Dellerba","image":{"@type":"ImageObject","inLanguage":"fr-FR","@id":"https:\/\/www.ladiagonale.net\/#\/schema\/person\/image\/","url":"https:\/\/secure.gravatar.com\/avatar\/c7850e06d3ff63cdbaee88b7fc16e2f0?s=96&d=mm&r=g","contentUrl":"https:\/\/secure.gravatar.com\/avatar\/c7850e06d3ff63cdbaee88b7fc16e2f0?s=96&d=mm&r=g","caption":"Damien Dellerba"},"url":"https:\/\/www.ladiagonale.net\/index.php\/author\/damien\/"}]}},"_links":{"self":[{"href":"https:\/\/www.ladiagonale.net\/index.php\/wp-json\/wp\/v2\/posts\/8934"}],"collection":[{"href":"https:\/\/www.ladiagonale.net\/index.php\/wp-json\/wp\/v2\/posts"}],"about":[{"href":"https:\/\/www.ladiagonale.net\/index.php\/wp-json\/wp\/v2\/types\/post"}],"author":[{"embeddable":true,"href":"https:\/\/www.ladiagonale.net\/index.php\/wp-json\/wp\/v2\/users\/2"}],"replies":[{"embeddable":true,"href":"https:\/\/www.ladiagonale.net\/index.php\/wp-json\/wp\/v2\/comments?post=8934"}],"version-history":[{"count":2,"href":"https:\/\/www.ladiagonale.net\/index.php\/wp-json\/wp\/v2\/posts\/8934\/revisions"}],"predecessor-version":[{"id":8936,"href":"https:\/\/www.ladiagonale.net\/index.php\/wp-json\/wp\/v2\/posts\/8934\/revisions\/8936"}],"wp:attachment":[{"href":"https:\/\/www.ladiagonale.net\/index.php\/wp-json\/wp\/v2\/media?parent=8934"}],"wp:term":[{"taxonomy":"category","embeddable":true,"href":"https:\/\/www.ladiagonale.net\/index.php\/wp-json\/wp\/v2\/categories?post=8934"},{"taxonomy":"post_tag","embeddable":true,"href":"https:\/\/www.ladiagonale.net\/index.php\/wp-json\/wp\/v2\/tags?post=8934"}],"curies":[{"name":"wp","href":"https:\/\/api.w.org\/{rel}","templated":true}]}}