{"id":8937,"date":"2023-01-27T20:27:39","date_gmt":"2023-01-27T19:27:39","guid":{"rendered":"https:\/\/www.ladiagonale.net\/?p=8937"},"modified":"2023-01-28T02:41:11","modified_gmt":"2023-01-28T01:41:11","slug":"rennes-a-fait-une-offre-pour-akliouche","status":"publish","type":"post","link":"https:\/\/www.ladiagonale.net\/index.php\/2023\/01\/27\/rennes-a-fait-une-offre-pour-akliouche\/","title":{"rendered":"Rennes a fait une offre pour Akliouche"},"content":{"rendered":"\n<p>Courtis\u00e9 par Lille, l\u2019Atalanta Bergame ou encore Fribourg, Maghnes Akliouche voit un autre club allonger la liste de ses pr\u00e9tendants et de fa\u00e7on concr\u00e8te. En effet, Rennes a formul\u00e9 une offre de six millions d\u2019euros pour le milieu offensif de l\u2019AS Monaco, \u00e0 en croire <em>L\u2019\u00c9quipe<\/em>. Le quotidien sportif estime que l\u2019offre pour l\u2019international U20 sera jug\u00e9e \u00ab <em>insuffisante<\/em> \u00bb par le club de la Principaut\u00e9 qui aimerait le prolonger, alors que son contrat <a href=\"https:\/\/www.ladiagonale.net\/index.php\/2023\/01\/17\/les-negociations-avec-akliouche-au-point-mort\/\">expirerait finalement en juin 2024<\/a>.<\/p>\n\n\n\n<p>Mais les n\u00e9gociations pour la prolongation d\u2019Akliouche ne semblent pas aller dans la bonne direction, puisque une premi\u00e8re offre portant sur quatre saisons avait \u00e9t\u00e9 refus\u00e9e par le joueur de 20 ans et son entourage en octobre dernier. Le clan du joueur avait publiquement fait part de sa <a href=\"https:\/\/www.ladiagonale.net\/index.php\/2023\/01\/18\/lentourage-dakliouche-exige-des-garanties\/\">frustration<\/a> quant \u00e0 sa situation, alors qu\u2019il est peu utilis\u00e9 par Clement, et avait ouvert la porte \u00e0 un d\u00e9part.<\/p>\n","protected":false},"excerpt":{"rendered":"<p>Courtis\u00e9 par Lille, l\u2019Atalanta Bergame ou encore Fribourg, Maghnes Akliouche voit un autre club allonger la liste de ses pr\u00e9tendants et de fa\u00e7on concr\u00e8te. En effet, Rennes a formul\u00e9 une offre de six millions d\u2019euros pour le milieu offensif de l\u2019AS Monaco, \u00e0 en croire L\u2019\u00c9quipe. Le quotidien sportif estime que l\u2019offre pour l\u2019international U20 [&#8230;]\n","protected":false},"author":2,"featured_media":0,"comment_status":"open","ping_status":"open","sticky":false,"template":"","format":"standard","meta":[],"categories":[6],"tags":[86,190,111,110],"yoast_head":"<!-- This site is optimized with the Yoast SEO plugin v19.8 - https:\/\/yoast.com\/wordpress\/plugins\/seo\/ -->\n<title>Rennes a fait une offre pour Akliouche - La Diagonale<\/title>\n<meta name=\"robots\" content=\"index, follow, max-snippet:-1, max-image-preview:large, max-video-preview:-1\" \/>\n<link rel=\"canonical\" href=\"https:\/\/www.ladiagonale.net\/index.php\/2023\/01\/27\/rennes-a-fait-une-offre-pour-akliouche\/\" \/>\n<meta property=\"og:locale\" content=\"fr_FR\" \/>\n<meta property=\"og:type\" content=\"article\" \/>\n<meta property=\"og:title\" content=\"Rennes a fait une offre pour Akliouche - La Diagonale\" \/>\n<meta property=\"og:description\" content=\"Courtis\u00e9 par Lille, l\u2019Atalanta Bergame ou encore Fribourg, Maghnes Akliouche voit un autre club allonger la liste de ses pr\u00e9tendants et de fa\u00e7on concr\u00e8te. En effet, Rennes a formul\u00e9 une offre de six millions d\u2019euros pour le milieu offensif de l\u2019AS Monaco, \u00e0 en croire L\u2019\u00c9quipe. Le quotidien sportif estime que l\u2019offre pour l\u2019international U20 [...]\" \/>\n<meta property=\"og:url\" content=\"https:\/\/www.ladiagonale.net\/index.php\/2023\/01\/27\/rennes-a-fait-une-offre-pour-akliouche\/\" \/>\n<meta property=\"og:site_name\" content=\"La Diagonale\" \/>\n<meta property=\"article:published_time\" content=\"2023-01-27T19:27:39+00:00\" \/>\n<meta property=\"article:modified_time\" content=\"2023-01-28T01:41:11+00:00\" \/>\n<meta property=\"og:image\" content=\"https:\/\/www.ladiagonale.net\/wp-content\/uploads\/2022\/12\/akliouche.png\" \/>\n\t<meta property=\"og:image:width\" content=\"1160\" \/>\n\t<meta property=\"og:image:height\" content=\"650\" \/>\n\t<meta property=\"og:image:type\" content=\"image\/png\" \/>\n<meta name=\"author\" content=\"Damien Dellerba\" \/>\n<meta name=\"twitter:card\" content=\"summary_large_image\" \/>\n<meta name=\"twitter:image\" content=\"https:\/\/www.ladiagonale.net\/wp-content\/uploads\/2022\/12\/akliouche.png\" \/>\n<meta name=\"twitter:label1\" content=\"\u00c9crit par\" \/>\n\t<meta name=\"twitter:data1\" content=\"Damien Dellerba\" \/>\n\t<meta name=\"twitter:label2\" content=\"Dur\u00e9e de lecture estim\u00e9e\" \/>\n\t<meta name=\"twitter:data2\" content=\"1 minute\" \/>\n<script type=\"application\/ld+json\" class=\"yoast-schema-graph\">{\"@context\":\"https:\/\/schema.org\",\"@graph\":[{\"@type\":\"WebPage\",\"@id\":\"https:\/\/www.ladiagonale.net\/index.php\/2023\/01\/27\/rennes-a-fait-une-offre-pour-akliouche\/\",\"url\":\"https:\/\/www.ladiagonale.net\/index.php\/2023\/01\/27\/rennes-a-fait-une-offre-pour-akliouche\/\",\"name\":\"Rennes a fait une offre pour Akliouche - La Diagonale\",\"isPartOf\":{\"@id\":\"https:\/\/www.ladiagonale.net\/#website\"},\"datePublished\":\"2023-01-27T19:27:39+00:00\",\"dateModified\":\"2023-01-28T01:41:11+00:00\",\"author\":{\"@id\":\"https:\/\/www.ladiagonale.net\/#\/schema\/person\/79ff1e7b0853ed01b2aa26e64ad300bf\"},\"breadcrumb\":{\"@id\":\"https:\/\/www.ladiagonale.net\/index.php\/2023\/01\/27\/rennes-a-fait-une-offre-pour-akliouche\/#breadcrumb\"},\"inLanguage\":\"fr-FR\",\"potentialAction\":[{\"@type\":\"ReadAction\",\"target\":[\"https:\/\/www.ladiagonale.net\/index.php\/2023\/01\/27\/rennes-a-fait-une-offre-pour-akliouche\/\"]}]},{\"@type\":\"BreadcrumbList\",\"@id\":\"https:\/\/www.ladiagonale.net\/index.php\/2023\/01\/27\/rennes-a-fait-une-offre-pour-akliouche\/#breadcrumb\",\"itemListElement\":[{\"@type\":\"ListItem\",\"position\":1,\"name\":\"Accueil\",\"item\":\"https:\/\/www.ladiagonale.net\/\"},{\"@type\":\"ListItem\",\"position\":2,\"name\":\"Rennes a fait une offre pour Akliouche\"}]},{\"@type\":\"WebSite\",\"@id\":\"https:\/\/www.ladiagonale.net\/#website\",\"url\":\"https:\/\/www.ladiagonale.net\/\",\"name\":\"La Diagonale\",\"description\":\"Le site des supporters de l&#039;AS Monaco FC\",\"potentialAction\":[{\"@type\":\"SearchAction\",\"target\":{\"@type\":\"EntryPoint\",\"urlTemplate\":\"https:\/\/www.ladiagonale.net\/?s={search_term_string}\"},\"query-input\":\"required name=search_term_string\"}],\"inLanguage\":\"fr-FR\"},{\"@type\":\"Person\",\"@id\":\"https:\/\/www.ladiagonale.net\/#\/schema\/person\/79ff1e7b0853ed01b2aa26e64ad300bf\",\"name\":\"Damien Dellerba\",\"image\":{\"@type\":\"ImageObject\",\"inLanguage\":\"fr-FR\",\"@id\":\"https:\/\/www.ladiagonale.net\/#\/schema\/person\/image\/\",\"url\":\"https:\/\/secure.gravatar.com\/avatar\/c7850e06d3ff63cdbaee88b7fc16e2f0?s=96&d=mm&r=g\",\"contentUrl\":\"https:\/\/secure.gravatar.com\/avatar\/c7850e06d3ff63cdbaee88b7fc16e2f0?s=96&d=mm&r=g\",\"caption\":\"Damien Dellerba\"},\"url\":\"https:\/\/www.ladiagonale.net\/index.php\/author\/damien\/\"}]}<\/script>\n<!-- \/ Yoast SEO plugin. -->","yoast_head_json":{"title":"Rennes a fait une offre pour Akliouche - La Diagonale","robots":{"index":"index","follow":"follow","max-snippet":"max-snippet:-1","max-image-preview":"max-image-preview:large","max-video-preview":"max-video-preview:-1"},"canonical":"https:\/\/www.ladiagonale.net\/index.php\/2023\/01\/27\/rennes-a-fait-une-offre-pour-akliouche\/","og_locale":"fr_FR","og_type":"article","og_title":"Rennes a fait une offre pour Akliouche - La Diagonale","og_description":"Courtis\u00e9 par Lille, l\u2019Atalanta Bergame ou encore Fribourg, Maghnes Akliouche voit un autre club allonger la liste de ses pr\u00e9tendants et de fa\u00e7on concr\u00e8te. En effet, Rennes a formul\u00e9 une offre de six millions d\u2019euros pour le milieu offensif de l\u2019AS Monaco, \u00e0 en croire L\u2019\u00c9quipe. Le quotidien sportif estime que l\u2019offre pour l\u2019international U20 [...]","og_url":"https:\/\/www.ladiagonale.net\/index.php\/2023\/01\/27\/rennes-a-fait-une-offre-pour-akliouche\/","og_site_name":"La Diagonale","article_published_time":"2023-01-27T19:27:39+00:00","article_modified_time":"2023-01-28T01:41:11+00:00","og_image":[{"width":1160,"height":650,"url":"https:\/\/www.ladiagonale.net\/wp-content\/uploads\/2022\/12\/akliouche.png","type":"image\/png"}],"author":"Damien Dellerba","twitter_card":"summary_large_image","twitter_image":"https:\/\/www.ladiagonale.net\/wp-content\/uploads\/2022\/12\/akliouche.png","twitter_misc":{"\u00c9crit par":"Damien Dellerba","Dur\u00e9e de lecture estim\u00e9e":"1 minute"},"schema":{"@context":"https:\/\/schema.org","@graph":[{"@type":"WebPage","@id":"https:\/\/www.ladiagonale.net\/index.php\/2023\/01\/27\/rennes-a-fait-une-offre-pour-akliouche\/","url":"https:\/\/www.ladiagonale.net\/index.php\/2023\/01\/27\/rennes-a-fait-une-offre-pour-akliouche\/","name":"Rennes a fait une offre pour Akliouche - La Diagonale","isPartOf":{"@id":"https:\/\/www.ladiagonale.net\/#website"},"datePublished":"2023-01-27T19:27:39+00:00","dateModified":"2023-01-28T01:41:11+00:00","author":{"@id":"https:\/\/www.ladiagonale.net\/#\/schema\/person\/79ff1e7b0853ed01b2aa26e64ad300bf"},"breadcrumb":{"@id":"https:\/\/www.ladiagonale.net\/index.php\/2023\/01\/27\/rennes-a-fait-une-offre-pour-akliouche\/#breadcrumb"},"inLanguage":"fr-FR","potentialAction":[{"@type":"ReadAction","target":["https:\/\/www.ladiagonale.net\/index.php\/2023\/01\/27\/rennes-a-fait-une-offre-pour-akliouche\/"]}]},{"@type":"BreadcrumbList","@id":"https:\/\/www.ladiagonale.net\/index.php\/2023\/01\/27\/rennes-a-fait-une-offre-pour-akliouche\/#breadcrumb","itemListElement":[{"@type":"ListItem","position":1,"name":"Accueil","item":"https:\/\/www.ladiagonale.net\/"},{"@type":"ListItem","position":2,"name":"Rennes a fait une offre pour Akliouche"}]},{"@type":"WebSite","@id":"https:\/\/www.ladiagonale.net\/#website","url":"https:\/\/www.ladiagonale.net\/","name":"La Diagonale","description":"Le site des supporters de l&#039;AS Monaco FC","potentialAction":[{"@type":"SearchAction","target":{"@type":"EntryPoint","urlTemplate":"https:\/\/www.ladiagonale.net\/?s={search_term_string}"},"query-input":"required name=search_term_string"}],"inLanguage":"fr-FR"},{"@type":"Person","@id":"https:\/\/www.ladiagonale.net\/#\/schema\/person\/79ff1e7b0853ed01b2aa26e64ad300bf","name":"Damien Dellerba","image":{"@type":"ImageObject","inLanguage":"fr-FR","@id":"https:\/\/www.ladiagonale.net\/#\/schema\/person\/image\/","url":"https:\/\/secure.gravatar.com\/avatar\/c7850e06d3ff63cdbaee88b7fc16e2f0?s=96&d=mm&r=g","contentUrl":"https:\/\/secure.gravatar.com\/avatar\/c7850e06d3ff63cdbaee88b7fc16e2f0?s=96&d=mm&r=g","caption":"Damien Dellerba"},"url":"https:\/\/www.ladiagonale.net\/index.php\/author\/damien\/"}]}},"_links":{"self":[{"href":"https:\/\/www.ladiagonale.net\/index.php\/wp-json\/wp\/v2\/posts\/8937"}],"collection":[{"href":"https:\/\/www.ladiagonale.net\/index.php\/wp-json\/wp\/v2\/posts"}],"about":[{"href":"https:\/\/www.ladiagonale.net\/index.php\/wp-json\/wp\/v2\/types\/post"}],"author":[{"embeddable":true,"href":"https:\/\/www.ladiagonale.net\/index.php\/wp-json\/wp\/v2\/users\/2"}],"replies":[{"embeddable":true,"href":"https:\/\/www.ladiagonale.net\/index.php\/wp-json\/wp\/v2\/comments?post=8937"}],"version-history":[{"count":3,"href":"https:\/\/www.ladiagonale.net\/index.php\/wp-json\/wp\/v2\/posts\/8937\/revisions"}],"predecessor-version":[{"id":8943,"href":"https:\/\/www.ladiagonale.net\/index.php\/wp-json\/wp\/v2\/posts\/8937\/revisions\/8943"}],"wp:attachment":[{"href":"https:\/\/www.ladiagonale.net\/index.php\/wp-json\/wp\/v2\/media?parent=8937"}],"wp:term":[{"taxonomy":"category","embeddable":true,"href":"https:\/\/www.ladiagonale.net\/index.php\/wp-json\/wp\/v2\/categories?post=8937"},{"taxonomy":"post_tag","embeddable":true,"href":"https:\/\/www.ladiagonale.net\/index.php\/wp-json\/wp\/v2\/tags?post=8937"}],"curies":[{"name":"wp","href":"https:\/\/api.w.org\/{rel}","templated":true}]}}