{"id":8946,"date":"2023-01-28T10:59:45","date_gmt":"2023-01-28T09:59:45","guid":{"rendered":"https:\/\/www.ladiagonale.net\/?p=8946"},"modified":"2023-01-28T10:59:48","modified_gmt":"2023-01-28T09:59:48","slug":"les-compositions-selon-la-presse-ben-yedder-sur-le-banc","status":"publish","type":"post","link":"https:\/\/www.ladiagonale.net\/index.php\/2023\/01\/28\/les-compositions-selon-la-presse-ben-yedder-sur-le-banc\/","title":{"rendered":"Les compositions selon la presse : Ben Yedder sur le banc ?"},"content":{"rendered":"\n\n\n<p>Auteur d&rsquo;un tripl\u00e9 contre Ajaccio, Ben Yedder pourrait d\u00e9buter ce choc contre l&rsquo;OM sur le banc. Pour <em>L&rsquo;\u00c9quipe<\/em> et <em>Nice-Matin<\/em>, c&rsquo;est Eliesse Ben Seghir qui accompagnera Breel Embolo. Pour le reste, les deux onze probables sont identiques, avec un Matazo rempla\u00e7ant Camara, suspendu. <\/p>\n\n\n\n<p><strong>Le onze mon\u00e9gasque selon <em>L\u2019\u00c9quipe<\/em> et <em>Nice-Matin<\/em> :<\/strong> N\u00fcbel &#8211; Vanderson, Disasi, Maripan, C. Henrique &#8211; Diatta, Fofana, Matazo, Golovin &#8211; Ben Seghir, Embolo.<\/p>\n\n\n\n<p>C\u00f4t\u00e9 marseillais, les choix de Tudor sont plus limit\u00e9s avec les absences de Lopez et Clauss. \u00c0 noter qu&rsquo;hier soir, Lopez \u00e9tait encore incertain et le groupe marseillais n&rsquo;est tomb\u00e9 que ce matin, ce qui explique sa pr\u00e9sence dans le onze de <em>Nice-Matin<\/em>.<\/p>\n\n\n\n<p><strong>Le onze marseillais selon <em>L\u2019\u00c9quipe<\/em> :<\/strong> Blanco &#8211; Mbemba, Gigot, Kolasinac &#8211; \u00dcnder, Rongier, Veretout, N. Tavares &#8211; Malinovski, Guendouzi &#8211; Sanchez.<\/p>\n\n\n\n<p><strong>Le onze marseillais selon <em>Nice-Matin<\/em> :<\/strong> Lopez &#8211; Mbemba, Gigot, Balerdi &#8211; \u00dcnder, Rongier, Veretout, N. Tavares &#8211; Malinovski, Guendouzi &#8211; Sanchez.<\/p>\n","protected":false},"excerpt":{"rendered":"<p>Auteur d&rsquo;un tripl\u00e9 contre Ajaccio, Ben Yedder pourrait d\u00e9buter ce choc contre l&rsquo;OM sur le banc. Pour L&rsquo;\u00c9quipe et Nice-Matin, c&rsquo;est Eliesse Ben Seghir qui accompagnera Breel Embolo. Pour le reste, les deux onze probables sont identiques, avec un Matazo rempla\u00e7ant Camara, suspendu. Le onze mon\u00e9gasque selon L\u2019\u00c9quipe et Nice-Matin : N\u00fcbel &#8211; Vanderson, Disasi, [&#8230;]\n","protected":false},"author":2,"featured_media":0,"comment_status":"open","ping_status":"open","sticky":false,"template":"","format":"standard","meta":[],"categories":[6],"tags":[86,94,374],"yoast_head":"<!-- This site is optimized with the Yoast SEO plugin v19.8 - https:\/\/yoast.com\/wordpress\/plugins\/seo\/ -->\n<title>Les compositions selon la presse : Ben Yedder sur le banc ? - La Diagonale<\/title>\n<meta name=\"robots\" content=\"index, follow, max-snippet:-1, max-image-preview:large, max-video-preview:-1\" \/>\n<link rel=\"canonical\" href=\"https:\/\/www.ladiagonale.net\/index.php\/2023\/01\/28\/les-compositions-selon-la-presse-ben-yedder-sur-le-banc\/\" \/>\n<meta property=\"og:locale\" content=\"fr_FR\" \/>\n<meta property=\"og:type\" content=\"article\" \/>\n<meta property=\"og:title\" content=\"Les compositions selon la presse : Ben Yedder sur le banc ? - La Diagonale\" \/>\n<meta property=\"og:description\" content=\"Auteur d&rsquo;un tripl\u00e9 contre Ajaccio, Ben Yedder pourrait d\u00e9buter ce choc contre l&rsquo;OM sur le banc. Pour L&rsquo;\u00c9quipe et Nice-Matin, c&rsquo;est Eliesse Ben Seghir qui accompagnera Breel Embolo. Pour le reste, les deux onze probables sont identiques, avec un Matazo rempla\u00e7ant Camara, suspendu. Le onze mon\u00e9gasque selon L\u2019\u00c9quipe et Nice-Matin : N\u00fcbel &#8211; Vanderson, Disasi, [...]\" \/>\n<meta property=\"og:url\" content=\"https:\/\/www.ladiagonale.net\/index.php\/2023\/01\/28\/les-compositions-selon-la-presse-ben-yedder-sur-le-banc\/\" \/>\n<meta property=\"og:site_name\" content=\"La Diagonale\" \/>\n<meta property=\"article:published_time\" content=\"2023-01-28T09:59:45+00:00\" \/>\n<meta property=\"article:modified_time\" content=\"2023-01-28T09:59:48+00:00\" \/>\n<meta property=\"og:image\" content=\"https:\/\/www.ladiagonale.net\/wp-content\/uploads\/2022\/11\/ben-yedder2.png\" \/>\n\t<meta property=\"og:image:width\" content=\"1160\" \/>\n\t<meta property=\"og:image:height\" content=\"650\" \/>\n\t<meta property=\"og:image:type\" content=\"image\/png\" \/>\n<meta name=\"author\" content=\"Damien Dellerba\" \/>\n<meta name=\"twitter:card\" content=\"summary_large_image\" \/>\n<meta name=\"twitter:image\" content=\"https:\/\/www.ladiagonale.net\/wp-content\/uploads\/2022\/11\/ben-yedder2.png\" \/>\n<meta name=\"twitter:label1\" content=\"\u00c9crit par\" \/>\n\t<meta name=\"twitter:data1\" content=\"Damien Dellerba\" \/>\n\t<meta name=\"twitter:label2\" content=\"Dur\u00e9e de lecture estim\u00e9e\" \/>\n\t<meta name=\"twitter:data2\" content=\"1 minute\" \/>\n<script type=\"application\/ld+json\" class=\"yoast-schema-graph\">{\"@context\":\"https:\/\/schema.org\",\"@graph\":[{\"@type\":\"WebPage\",\"@id\":\"https:\/\/www.ladiagonale.net\/index.php\/2023\/01\/28\/les-compositions-selon-la-presse-ben-yedder-sur-le-banc\/\",\"url\":\"https:\/\/www.ladiagonale.net\/index.php\/2023\/01\/28\/les-compositions-selon-la-presse-ben-yedder-sur-le-banc\/\",\"name\":\"Les compositions selon la presse : Ben Yedder sur le banc ? - La Diagonale\",\"isPartOf\":{\"@id\":\"https:\/\/www.ladiagonale.net\/#website\"},\"datePublished\":\"2023-01-28T09:59:45+00:00\",\"dateModified\":\"2023-01-28T09:59:48+00:00\",\"author\":{\"@id\":\"https:\/\/www.ladiagonale.net\/#\/schema\/person\/79ff1e7b0853ed01b2aa26e64ad300bf\"},\"breadcrumb\":{\"@id\":\"https:\/\/www.ladiagonale.net\/index.php\/2023\/01\/28\/les-compositions-selon-la-presse-ben-yedder-sur-le-banc\/#breadcrumb\"},\"inLanguage\":\"fr-FR\",\"potentialAction\":[{\"@type\":\"ReadAction\",\"target\":[\"https:\/\/www.ladiagonale.net\/index.php\/2023\/01\/28\/les-compositions-selon-la-presse-ben-yedder-sur-le-banc\/\"]}]},{\"@type\":\"BreadcrumbList\",\"@id\":\"https:\/\/www.ladiagonale.net\/index.php\/2023\/01\/28\/les-compositions-selon-la-presse-ben-yedder-sur-le-banc\/#breadcrumb\",\"itemListElement\":[{\"@type\":\"ListItem\",\"position\":1,\"name\":\"Accueil\",\"item\":\"https:\/\/www.ladiagonale.net\/\"},{\"@type\":\"ListItem\",\"position\":2,\"name\":\"Les compositions selon la presse : Ben Yedder sur le banc ?\"}]},{\"@type\":\"WebSite\",\"@id\":\"https:\/\/www.ladiagonale.net\/#website\",\"url\":\"https:\/\/www.ladiagonale.net\/\",\"name\":\"La Diagonale\",\"description\":\"Le site des supporters de l&#039;AS Monaco FC\",\"potentialAction\":[{\"@type\":\"SearchAction\",\"target\":{\"@type\":\"EntryPoint\",\"urlTemplate\":\"https:\/\/www.ladiagonale.net\/?s={search_term_string}\"},\"query-input\":\"required name=search_term_string\"}],\"inLanguage\":\"fr-FR\"},{\"@type\":\"Person\",\"@id\":\"https:\/\/www.ladiagonale.net\/#\/schema\/person\/79ff1e7b0853ed01b2aa26e64ad300bf\",\"name\":\"Damien Dellerba\",\"image\":{\"@type\":\"ImageObject\",\"inLanguage\":\"fr-FR\",\"@id\":\"https:\/\/www.ladiagonale.net\/#\/schema\/person\/image\/\",\"url\":\"https:\/\/secure.gravatar.com\/avatar\/c7850e06d3ff63cdbaee88b7fc16e2f0?s=96&d=mm&r=g\",\"contentUrl\":\"https:\/\/secure.gravatar.com\/avatar\/c7850e06d3ff63cdbaee88b7fc16e2f0?s=96&d=mm&r=g\",\"caption\":\"Damien Dellerba\"},\"url\":\"https:\/\/www.ladiagonale.net\/index.php\/author\/damien\/\"}]}<\/script>\n<!-- \/ Yoast SEO plugin. -->","yoast_head_json":{"title":"Les compositions selon la presse : Ben Yedder sur le banc ? - La Diagonale","robots":{"index":"index","follow":"follow","max-snippet":"max-snippet:-1","max-image-preview":"max-image-preview:large","max-video-preview":"max-video-preview:-1"},"canonical":"https:\/\/www.ladiagonale.net\/index.php\/2023\/01\/28\/les-compositions-selon-la-presse-ben-yedder-sur-le-banc\/","og_locale":"fr_FR","og_type":"article","og_title":"Les compositions selon la presse : Ben Yedder sur le banc ? - La Diagonale","og_description":"Auteur d&rsquo;un tripl\u00e9 contre Ajaccio, Ben Yedder pourrait d\u00e9buter ce choc contre l&rsquo;OM sur le banc. Pour L&rsquo;\u00c9quipe et Nice-Matin, c&rsquo;est Eliesse Ben Seghir qui accompagnera Breel Embolo. Pour le reste, les deux onze probables sont identiques, avec un Matazo rempla\u00e7ant Camara, suspendu. Le onze mon\u00e9gasque selon L\u2019\u00c9quipe et Nice-Matin : N\u00fcbel &#8211; Vanderson, Disasi, [...]","og_url":"https:\/\/www.ladiagonale.net\/index.php\/2023\/01\/28\/les-compositions-selon-la-presse-ben-yedder-sur-le-banc\/","og_site_name":"La Diagonale","article_published_time":"2023-01-28T09:59:45+00:00","article_modified_time":"2023-01-28T09:59:48+00:00","og_image":[{"width":1160,"height":650,"url":"https:\/\/www.ladiagonale.net\/wp-content\/uploads\/2022\/11\/ben-yedder2.png","type":"image\/png"}],"author":"Damien Dellerba","twitter_card":"summary_large_image","twitter_image":"https:\/\/www.ladiagonale.net\/wp-content\/uploads\/2022\/11\/ben-yedder2.png","twitter_misc":{"\u00c9crit par":"Damien Dellerba","Dur\u00e9e de lecture estim\u00e9e":"1 minute"},"schema":{"@context":"https:\/\/schema.org","@graph":[{"@type":"WebPage","@id":"https:\/\/www.ladiagonale.net\/index.php\/2023\/01\/28\/les-compositions-selon-la-presse-ben-yedder-sur-le-banc\/","url":"https:\/\/www.ladiagonale.net\/index.php\/2023\/01\/28\/les-compositions-selon-la-presse-ben-yedder-sur-le-banc\/","name":"Les compositions selon la presse : Ben Yedder sur le banc ? - La Diagonale","isPartOf":{"@id":"https:\/\/www.ladiagonale.net\/#website"},"datePublished":"2023-01-28T09:59:45+00:00","dateModified":"2023-01-28T09:59:48+00:00","author":{"@id":"https:\/\/www.ladiagonale.net\/#\/schema\/person\/79ff1e7b0853ed01b2aa26e64ad300bf"},"breadcrumb":{"@id":"https:\/\/www.ladiagonale.net\/index.php\/2023\/01\/28\/les-compositions-selon-la-presse-ben-yedder-sur-le-banc\/#breadcrumb"},"inLanguage":"fr-FR","potentialAction":[{"@type":"ReadAction","target":["https:\/\/www.ladiagonale.net\/index.php\/2023\/01\/28\/les-compositions-selon-la-presse-ben-yedder-sur-le-banc\/"]}]},{"@type":"BreadcrumbList","@id":"https:\/\/www.ladiagonale.net\/index.php\/2023\/01\/28\/les-compositions-selon-la-presse-ben-yedder-sur-le-banc\/#breadcrumb","itemListElement":[{"@type":"ListItem","position":1,"name":"Accueil","item":"https:\/\/www.ladiagonale.net\/"},{"@type":"ListItem","position":2,"name":"Les compositions selon la presse : Ben Yedder sur le banc ?"}]},{"@type":"WebSite","@id":"https:\/\/www.ladiagonale.net\/#website","url":"https:\/\/www.ladiagonale.net\/","name":"La Diagonale","description":"Le site des supporters de l&#039;AS Monaco FC","potentialAction":[{"@type":"SearchAction","target":{"@type":"EntryPoint","urlTemplate":"https:\/\/www.ladiagonale.net\/?s={search_term_string}"},"query-input":"required name=search_term_string"}],"inLanguage":"fr-FR"},{"@type":"Person","@id":"https:\/\/www.ladiagonale.net\/#\/schema\/person\/79ff1e7b0853ed01b2aa26e64ad300bf","name":"Damien Dellerba","image":{"@type":"ImageObject","inLanguage":"fr-FR","@id":"https:\/\/www.ladiagonale.net\/#\/schema\/person\/image\/","url":"https:\/\/secure.gravatar.com\/avatar\/c7850e06d3ff63cdbaee88b7fc16e2f0?s=96&d=mm&r=g","contentUrl":"https:\/\/secure.gravatar.com\/avatar\/c7850e06d3ff63cdbaee88b7fc16e2f0?s=96&d=mm&r=g","caption":"Damien Dellerba"},"url":"https:\/\/www.ladiagonale.net\/index.php\/author\/damien\/"}]}},"_links":{"self":[{"href":"https:\/\/www.ladiagonale.net\/index.php\/wp-json\/wp\/v2\/posts\/8946"}],"collection":[{"href":"https:\/\/www.ladiagonale.net\/index.php\/wp-json\/wp\/v2\/posts"}],"about":[{"href":"https:\/\/www.ladiagonale.net\/index.php\/wp-json\/wp\/v2\/types\/post"}],"author":[{"embeddable":true,"href":"https:\/\/www.ladiagonale.net\/index.php\/wp-json\/wp\/v2\/users\/2"}],"replies":[{"embeddable":true,"href":"https:\/\/www.ladiagonale.net\/index.php\/wp-json\/wp\/v2\/comments?post=8946"}],"version-history":[{"count":1,"href":"https:\/\/www.ladiagonale.net\/index.php\/wp-json\/wp\/v2\/posts\/8946\/revisions"}],"predecessor-version":[{"id":8947,"href":"https:\/\/www.ladiagonale.net\/index.php\/wp-json\/wp\/v2\/posts\/8946\/revisions\/8947"}],"wp:attachment":[{"href":"https:\/\/www.ladiagonale.net\/index.php\/wp-json\/wp\/v2\/media?parent=8946"}],"wp:term":[{"taxonomy":"category","embeddable":true,"href":"https:\/\/www.ladiagonale.net\/index.php\/wp-json\/wp\/v2\/categories?post=8946"},{"taxonomy":"post_tag","embeddable":true,"href":"https:\/\/www.ladiagonale.net\/index.php\/wp-json\/wp\/v2\/tags?post=8946"}],"curies":[{"name":"wp","href":"https:\/\/api.w.org\/{rel}","templated":true}]}}