{"id":9044,"date":"2023-01-30T12:59:55","date_gmt":"2023-01-30T11:59:55","guid":{"rendered":"https:\/\/www.ladiagonale.net\/?p=9044"},"modified":"2023-01-30T13:00:58","modified_gmt":"2023-01-30T12:00:58","slug":"monaco-inflexible-pour-jean-lucas","status":"publish","type":"post","link":"https:\/\/www.ladiagonale.net\/index.php\/2023\/01\/30\/monaco-inflexible-pour-jean-lucas\/","title":{"rendered":"Monaco inflexible pour Jean Lucas"},"content":{"rendered":"\n\n\n<p>Jean Lucas va-t-il quitter l&rsquo;AS Monaco cet hiver ? Les options pour le milieu de terrain br\u00e9silien ne manquent pas, et m\u00eame si certains clubs comme Palmeiras ont l\u00e2ch\u00e9 l&rsquo;affaire, d&rsquo;autres continuent d&rsquo;esp\u00e9rer. L&rsquo;Espanyol Barcelone a fait la proposition la plus int\u00e9ressante \u00e0 l&rsquo;heure actuelle, avec une demande de pr\u00eat avec option d&rsquo;achat \u00e0 5,5 millions d&rsquo;euros, prise en charge de la totalit\u00e9 du salaire et 20&nbsp;% d&rsquo;une \u00e9ventuelle revente, comme l&rsquo;a r\u00e9v\u00e9l\u00e9 <em>L&rsquo;\u00c9quipe<\/em>. <\/p>\n\n\n\n<p>D&rsquo;autres \u00e9quipes ont tent\u00e9 le coup, c&rsquo;est le cas de Troyes, qui pourrait finalement se tourner vers Jeff Reine-Ad\u00e9la\u00efde, mais aussi le club turc de Besiktas, comme le d\u00e9voile <em>Foot Mercato<\/em>. Mais il ne s&rsquo;agirait que d&rsquo;offres de pr\u00eat et sans option d&rsquo;achat et une prise en charge du salaire partielle. Loin des exigences de l&rsquo;AS Monaco qui se montre pour l&rsquo;instant inflexible et demande 6,5 millions d&rsquo;euros pour transf\u00e9rer d\u00e9finitivement le Br\u00e9silien dont le contrat court jusqu&rsquo;en juin 2026. Il y a quelques jours, l&rsquo;entourage du joueur<a href=\"https:\/\/www.ladiagonale.net\/index.php\/2023\/01\/28\/monaco-refuse-des-solutions-deplore-lentourage-de-jean-lucas\/\"> s&rsquo;\u00e9tait plaint du traitement du club de la Principaut\u00e9<\/a>.<\/p>\n","protected":false},"excerpt":{"rendered":"<p>Jean Lucas va-t-il quitter l&rsquo;AS Monaco cet hiver ? Les options pour le milieu de terrain br\u00e9silien ne manquent pas, et m\u00eame si certains clubs comme Palmeiras ont l\u00e2ch\u00e9 l&rsquo;affaire, d&rsquo;autres continuent d&rsquo;esp\u00e9rer. L&rsquo;Espanyol Barcelone a fait la proposition la plus int\u00e9ressante \u00e0 l&rsquo;heure actuelle, avec une demande de pr\u00eat avec option d&rsquo;achat \u00e0 5,5 [&#8230;]\n","protected":false},"author":2,"featured_media":0,"comment_status":"open","ping_status":"open","sticky":false,"template":"","format":"standard","meta":[],"categories":[6],"tags":[86,262,111,110],"yoast_head":"<!-- This site is optimized with the Yoast SEO plugin v19.8 - https:\/\/yoast.com\/wordpress\/plugins\/seo\/ -->\n<title>Monaco inflexible pour Jean Lucas - La Diagonale<\/title>\n<meta name=\"robots\" content=\"index, follow, max-snippet:-1, max-image-preview:large, max-video-preview:-1\" \/>\n<link rel=\"canonical\" href=\"https:\/\/www.ladiagonale.net\/index.php\/2023\/01\/30\/monaco-inflexible-pour-jean-lucas\/\" \/>\n<meta property=\"og:locale\" content=\"fr_FR\" \/>\n<meta property=\"og:type\" content=\"article\" \/>\n<meta property=\"og:title\" content=\"Monaco inflexible pour Jean Lucas - La Diagonale\" \/>\n<meta property=\"og:description\" content=\"Jean Lucas va-t-il quitter l&rsquo;AS Monaco cet hiver ? Les options pour le milieu de terrain br\u00e9silien ne manquent pas, et m\u00eame si certains clubs comme Palmeiras ont l\u00e2ch\u00e9 l&rsquo;affaire, d&rsquo;autres continuent d&rsquo;esp\u00e9rer. L&rsquo;Espanyol Barcelone a fait la proposition la plus int\u00e9ressante \u00e0 l&rsquo;heure actuelle, avec une demande de pr\u00eat avec option d&rsquo;achat \u00e0 5,5 [...]\" \/>\n<meta property=\"og:url\" content=\"https:\/\/www.ladiagonale.net\/index.php\/2023\/01\/30\/monaco-inflexible-pour-jean-lucas\/\" \/>\n<meta property=\"og:site_name\" content=\"La Diagonale\" \/>\n<meta property=\"article:published_time\" content=\"2023-01-30T11:59:55+00:00\" \/>\n<meta property=\"article:modified_time\" content=\"2023-01-30T12:00:58+00:00\" \/>\n<meta property=\"og:image\" content=\"https:\/\/www.ladiagonale.net\/wp-content\/uploads\/2022\/12\/jlucas.png\" \/>\n\t<meta property=\"og:image:width\" content=\"1160\" \/>\n\t<meta property=\"og:image:height\" content=\"650\" \/>\n\t<meta property=\"og:image:type\" content=\"image\/png\" \/>\n<meta name=\"author\" content=\"Damien Dellerba\" \/>\n<meta name=\"twitter:card\" content=\"summary_large_image\" \/>\n<meta name=\"twitter:image\" content=\"https:\/\/www.ladiagonale.net\/wp-content\/uploads\/2022\/12\/jlucas.png\" \/>\n<meta name=\"twitter:label1\" content=\"\u00c9crit par\" \/>\n\t<meta name=\"twitter:data1\" content=\"Damien Dellerba\" \/>\n\t<meta name=\"twitter:label2\" content=\"Dur\u00e9e de lecture estim\u00e9e\" \/>\n\t<meta name=\"twitter:data2\" content=\"1 minute\" \/>\n<script type=\"application\/ld+json\" class=\"yoast-schema-graph\">{\"@context\":\"https:\/\/schema.org\",\"@graph\":[{\"@type\":\"WebPage\",\"@id\":\"https:\/\/www.ladiagonale.net\/index.php\/2023\/01\/30\/monaco-inflexible-pour-jean-lucas\/\",\"url\":\"https:\/\/www.ladiagonale.net\/index.php\/2023\/01\/30\/monaco-inflexible-pour-jean-lucas\/\",\"name\":\"Monaco inflexible pour Jean Lucas - La Diagonale\",\"isPartOf\":{\"@id\":\"https:\/\/www.ladiagonale.net\/#website\"},\"datePublished\":\"2023-01-30T11:59:55+00:00\",\"dateModified\":\"2023-01-30T12:00:58+00:00\",\"author\":{\"@id\":\"https:\/\/www.ladiagonale.net\/#\/schema\/person\/79ff1e7b0853ed01b2aa26e64ad300bf\"},\"breadcrumb\":{\"@id\":\"https:\/\/www.ladiagonale.net\/index.php\/2023\/01\/30\/monaco-inflexible-pour-jean-lucas\/#breadcrumb\"},\"inLanguage\":\"fr-FR\",\"potentialAction\":[{\"@type\":\"ReadAction\",\"target\":[\"https:\/\/www.ladiagonale.net\/index.php\/2023\/01\/30\/monaco-inflexible-pour-jean-lucas\/\"]}]},{\"@type\":\"BreadcrumbList\",\"@id\":\"https:\/\/www.ladiagonale.net\/index.php\/2023\/01\/30\/monaco-inflexible-pour-jean-lucas\/#breadcrumb\",\"itemListElement\":[{\"@type\":\"ListItem\",\"position\":1,\"name\":\"Accueil\",\"item\":\"https:\/\/www.ladiagonale.net\/\"},{\"@type\":\"ListItem\",\"position\":2,\"name\":\"Monaco inflexible pour Jean Lucas\"}]},{\"@type\":\"WebSite\",\"@id\":\"https:\/\/www.ladiagonale.net\/#website\",\"url\":\"https:\/\/www.ladiagonale.net\/\",\"name\":\"La Diagonale\",\"description\":\"Le site des supporters de l&#039;AS Monaco FC\",\"potentialAction\":[{\"@type\":\"SearchAction\",\"target\":{\"@type\":\"EntryPoint\",\"urlTemplate\":\"https:\/\/www.ladiagonale.net\/?s={search_term_string}\"},\"query-input\":\"required name=search_term_string\"}],\"inLanguage\":\"fr-FR\"},{\"@type\":\"Person\",\"@id\":\"https:\/\/www.ladiagonale.net\/#\/schema\/person\/79ff1e7b0853ed01b2aa26e64ad300bf\",\"name\":\"Damien Dellerba\",\"image\":{\"@type\":\"ImageObject\",\"inLanguage\":\"fr-FR\",\"@id\":\"https:\/\/www.ladiagonale.net\/#\/schema\/person\/image\/\",\"url\":\"https:\/\/secure.gravatar.com\/avatar\/c7850e06d3ff63cdbaee88b7fc16e2f0?s=96&d=mm&r=g\",\"contentUrl\":\"https:\/\/secure.gravatar.com\/avatar\/c7850e06d3ff63cdbaee88b7fc16e2f0?s=96&d=mm&r=g\",\"caption\":\"Damien Dellerba\"},\"url\":\"https:\/\/www.ladiagonale.net\/index.php\/author\/damien\/\"}]}<\/script>\n<!-- \/ Yoast SEO plugin. -->","yoast_head_json":{"title":"Monaco inflexible pour Jean Lucas - La Diagonale","robots":{"index":"index","follow":"follow","max-snippet":"max-snippet:-1","max-image-preview":"max-image-preview:large","max-video-preview":"max-video-preview:-1"},"canonical":"https:\/\/www.ladiagonale.net\/index.php\/2023\/01\/30\/monaco-inflexible-pour-jean-lucas\/","og_locale":"fr_FR","og_type":"article","og_title":"Monaco inflexible pour Jean Lucas - La Diagonale","og_description":"Jean Lucas va-t-il quitter l&rsquo;AS Monaco cet hiver ? Les options pour le milieu de terrain br\u00e9silien ne manquent pas, et m\u00eame si certains clubs comme Palmeiras ont l\u00e2ch\u00e9 l&rsquo;affaire, d&rsquo;autres continuent d&rsquo;esp\u00e9rer. L&rsquo;Espanyol Barcelone a fait la proposition la plus int\u00e9ressante \u00e0 l&rsquo;heure actuelle, avec une demande de pr\u00eat avec option d&rsquo;achat \u00e0 5,5 [...]","og_url":"https:\/\/www.ladiagonale.net\/index.php\/2023\/01\/30\/monaco-inflexible-pour-jean-lucas\/","og_site_name":"La Diagonale","article_published_time":"2023-01-30T11:59:55+00:00","article_modified_time":"2023-01-30T12:00:58+00:00","og_image":[{"width":1160,"height":650,"url":"https:\/\/www.ladiagonale.net\/wp-content\/uploads\/2022\/12\/jlucas.png","type":"image\/png"}],"author":"Damien Dellerba","twitter_card":"summary_large_image","twitter_image":"https:\/\/www.ladiagonale.net\/wp-content\/uploads\/2022\/12\/jlucas.png","twitter_misc":{"\u00c9crit par":"Damien Dellerba","Dur\u00e9e de lecture estim\u00e9e":"1 minute"},"schema":{"@context":"https:\/\/schema.org","@graph":[{"@type":"WebPage","@id":"https:\/\/www.ladiagonale.net\/index.php\/2023\/01\/30\/monaco-inflexible-pour-jean-lucas\/","url":"https:\/\/www.ladiagonale.net\/index.php\/2023\/01\/30\/monaco-inflexible-pour-jean-lucas\/","name":"Monaco inflexible pour Jean Lucas - La Diagonale","isPartOf":{"@id":"https:\/\/www.ladiagonale.net\/#website"},"datePublished":"2023-01-30T11:59:55+00:00","dateModified":"2023-01-30T12:00:58+00:00","author":{"@id":"https:\/\/www.ladiagonale.net\/#\/schema\/person\/79ff1e7b0853ed01b2aa26e64ad300bf"},"breadcrumb":{"@id":"https:\/\/www.ladiagonale.net\/index.php\/2023\/01\/30\/monaco-inflexible-pour-jean-lucas\/#breadcrumb"},"inLanguage":"fr-FR","potentialAction":[{"@type":"ReadAction","target":["https:\/\/www.ladiagonale.net\/index.php\/2023\/01\/30\/monaco-inflexible-pour-jean-lucas\/"]}]},{"@type":"BreadcrumbList","@id":"https:\/\/www.ladiagonale.net\/index.php\/2023\/01\/30\/monaco-inflexible-pour-jean-lucas\/#breadcrumb","itemListElement":[{"@type":"ListItem","position":1,"name":"Accueil","item":"https:\/\/www.ladiagonale.net\/"},{"@type":"ListItem","position":2,"name":"Monaco inflexible pour Jean Lucas"}]},{"@type":"WebSite","@id":"https:\/\/www.ladiagonale.net\/#website","url":"https:\/\/www.ladiagonale.net\/","name":"La Diagonale","description":"Le site des supporters de l&#039;AS Monaco FC","potentialAction":[{"@type":"SearchAction","target":{"@type":"EntryPoint","urlTemplate":"https:\/\/www.ladiagonale.net\/?s={search_term_string}"},"query-input":"required name=search_term_string"}],"inLanguage":"fr-FR"},{"@type":"Person","@id":"https:\/\/www.ladiagonale.net\/#\/schema\/person\/79ff1e7b0853ed01b2aa26e64ad300bf","name":"Damien Dellerba","image":{"@type":"ImageObject","inLanguage":"fr-FR","@id":"https:\/\/www.ladiagonale.net\/#\/schema\/person\/image\/","url":"https:\/\/secure.gravatar.com\/avatar\/c7850e06d3ff63cdbaee88b7fc16e2f0?s=96&d=mm&r=g","contentUrl":"https:\/\/secure.gravatar.com\/avatar\/c7850e06d3ff63cdbaee88b7fc16e2f0?s=96&d=mm&r=g","caption":"Damien Dellerba"},"url":"https:\/\/www.ladiagonale.net\/index.php\/author\/damien\/"}]}},"_links":{"self":[{"href":"https:\/\/www.ladiagonale.net\/index.php\/wp-json\/wp\/v2\/posts\/9044"}],"collection":[{"href":"https:\/\/www.ladiagonale.net\/index.php\/wp-json\/wp\/v2\/posts"}],"about":[{"href":"https:\/\/www.ladiagonale.net\/index.php\/wp-json\/wp\/v2\/types\/post"}],"author":[{"embeddable":true,"href":"https:\/\/www.ladiagonale.net\/index.php\/wp-json\/wp\/v2\/users\/2"}],"replies":[{"embeddable":true,"href":"https:\/\/www.ladiagonale.net\/index.php\/wp-json\/wp\/v2\/comments?post=9044"}],"version-history":[{"count":2,"href":"https:\/\/www.ladiagonale.net\/index.php\/wp-json\/wp\/v2\/posts\/9044\/revisions"}],"predecessor-version":[{"id":9046,"href":"https:\/\/www.ladiagonale.net\/index.php\/wp-json\/wp\/v2\/posts\/9044\/revisions\/9046"}],"wp:attachment":[{"href":"https:\/\/www.ladiagonale.net\/index.php\/wp-json\/wp\/v2\/media?parent=9044"}],"wp:term":[{"taxonomy":"category","embeddable":true,"href":"https:\/\/www.ladiagonale.net\/index.php\/wp-json\/wp\/v2\/categories?post=9044"},{"taxonomy":"post_tag","embeddable":true,"href":"https:\/\/www.ladiagonale.net\/index.php\/wp-json\/wp\/v2\/tags?post=9044"}],"curies":[{"name":"wp","href":"https:\/\/api.w.org\/{rel}","templated":true}]}}