{"id":9083,"date":"2023-01-31T11:37:26","date_gmt":"2023-01-31T10:37:26","guid":{"rendered":"https:\/\/www.ladiagonale.net\/?p=9083"},"modified":"2023-01-31T11:42:08","modified_gmt":"2023-01-31T10:42:08","slug":"officiel-lemarechal-prete-a-brest","status":"publish","type":"post","link":"https:\/\/www.ladiagonale.net\/index.php\/2023\/01\/31\/officiel-lemarechal-prete-a-brest\/","title":{"rendered":"Officiel : Lemarechal pr\u00eat\u00e9 \u00e0 Brest"},"content":{"rendered":"\n<p>Comme cela \u00e9tait attendu, F\u00e9lix Lemarechal \u00e9voluera \u00e0 Brest jusqu\u2019\u00e0 la fin de saison. Le milieu de terrain de 19 ans a \u00e9t\u00e9 pr\u00eat\u00e9 au club breton sans option d\u2019achat et l\u2019op\u00e9ration a \u00e9t\u00e9 confirm\u00e9e par l\u2019AS Monaco. Cette saison, Lemarechal n\u2019a jamais \u00e9t\u00e9 utilis\u00e9 par Philippe Clement en match officiel, seulement lors de rencontres amicales. Il a surtout pris part aux rencontres du Groupe \u00c9lite.<\/p>\n\n\n\n<p>Lundi, en conf\u00e9rence de presse, l\u2019entra\u00eeneur as\u00e9miste avait confirm\u00e9 qu\u2019il lui fallait d\u00e9sormais engranger de l\u2019exp\u00e9rience \u00e0 un plus haut niveau : \u00ab <em>C\u2019est quelqu\u2019un qui peut devenir titulaire ici dans le futur mais il doit d\u2019abord prendre de l\u2019exp\u00e9rience \u00e0 un niveau en dessous de Monaco.<\/em> \u00bb Lemarechal est sous contrat avec le club de la Principaut\u00e9 jusqu\u2019en juin 2024. <\/p>\n","protected":false},"excerpt":{"rendered":"<p>Comme cela \u00e9tait attendu, F\u00e9lix Lemarechal \u00e9voluera \u00e0 Brest jusqu\u2019\u00e0 la fin de saison. Le milieu de terrain de 19 ans a \u00e9t\u00e9 pr\u00eat\u00e9 au club breton sans option d\u2019achat et l\u2019op\u00e9ration a \u00e9t\u00e9 confirm\u00e9e par l\u2019AS Monaco. Cette saison, Lemarechal n\u2019a jamais \u00e9t\u00e9 utilis\u00e9 par Philippe Clement en match officiel, seulement lors de rencontres [&#8230;]\n","protected":false},"author":2,"featured_media":0,"comment_status":"open","ping_status":"open","sticky":false,"template":"","format":"standard","meta":[],"categories":[4,6],"tags":[86,309,111,110],"yoast_head":"<!-- This site is optimized with the Yoast SEO plugin v19.8 - https:\/\/yoast.com\/wordpress\/plugins\/seo\/ -->\n<title>Officiel : Lemarechal pr\u00eat\u00e9 \u00e0 Brest - La Diagonale<\/title>\n<meta name=\"robots\" content=\"index, follow, max-snippet:-1, max-image-preview:large, max-video-preview:-1\" \/>\n<link rel=\"canonical\" href=\"https:\/\/www.ladiagonale.net\/index.php\/2023\/01\/31\/officiel-lemarechal-prete-a-brest\/\" \/>\n<meta property=\"og:locale\" content=\"fr_FR\" \/>\n<meta property=\"og:type\" content=\"article\" \/>\n<meta property=\"og:title\" content=\"Officiel : Lemarechal pr\u00eat\u00e9 \u00e0 Brest - La Diagonale\" \/>\n<meta property=\"og:description\" content=\"Comme cela \u00e9tait attendu, F\u00e9lix Lemarechal \u00e9voluera \u00e0 Brest jusqu\u2019\u00e0 la fin de saison. Le milieu de terrain de 19 ans a \u00e9t\u00e9 pr\u00eat\u00e9 au club breton sans option d\u2019achat et l\u2019op\u00e9ration a \u00e9t\u00e9 confirm\u00e9e par l\u2019AS Monaco. Cette saison, Lemarechal n\u2019a jamais \u00e9t\u00e9 utilis\u00e9 par Philippe Clement en match officiel, seulement lors de rencontres [...]\" \/>\n<meta property=\"og:url\" content=\"https:\/\/www.ladiagonale.net\/index.php\/2023\/01\/31\/officiel-lemarechal-prete-a-brest\/\" \/>\n<meta property=\"og:site_name\" content=\"La Diagonale\" \/>\n<meta property=\"article:published_time\" content=\"2023-01-31T10:37:26+00:00\" \/>\n<meta property=\"article:modified_time\" content=\"2023-01-31T10:42:08+00:00\" \/>\n<meta property=\"og:image\" content=\"https:\/\/www.ladiagonale.net\/wp-content\/uploads\/2022\/11\/lemarechal.png\" \/>\n\t<meta property=\"og:image:width\" content=\"1160\" \/>\n\t<meta property=\"og:image:height\" content=\"650\" \/>\n\t<meta property=\"og:image:type\" content=\"image\/png\" \/>\n<meta name=\"author\" content=\"Damien Dellerba\" \/>\n<meta name=\"twitter:card\" content=\"summary_large_image\" \/>\n<meta name=\"twitter:image\" content=\"https:\/\/www.ladiagonale.net\/wp-content\/uploads\/2022\/11\/lemarechal.png\" \/>\n<meta name=\"twitter:label1\" content=\"\u00c9crit par\" \/>\n\t<meta name=\"twitter:data1\" content=\"Damien Dellerba\" \/>\n\t<meta name=\"twitter:label2\" content=\"Dur\u00e9e de lecture estim\u00e9e\" \/>\n\t<meta name=\"twitter:data2\" content=\"1 minute\" \/>\n<script type=\"application\/ld+json\" class=\"yoast-schema-graph\">{\"@context\":\"https:\/\/schema.org\",\"@graph\":[{\"@type\":\"WebPage\",\"@id\":\"https:\/\/www.ladiagonale.net\/index.php\/2023\/01\/31\/officiel-lemarechal-prete-a-brest\/\",\"url\":\"https:\/\/www.ladiagonale.net\/index.php\/2023\/01\/31\/officiel-lemarechal-prete-a-brest\/\",\"name\":\"Officiel : Lemarechal pr\u00eat\u00e9 \u00e0 Brest - La Diagonale\",\"isPartOf\":{\"@id\":\"https:\/\/www.ladiagonale.net\/#website\"},\"datePublished\":\"2023-01-31T10:37:26+00:00\",\"dateModified\":\"2023-01-31T10:42:08+00:00\",\"author\":{\"@id\":\"https:\/\/www.ladiagonale.net\/#\/schema\/person\/79ff1e7b0853ed01b2aa26e64ad300bf\"},\"breadcrumb\":{\"@id\":\"https:\/\/www.ladiagonale.net\/index.php\/2023\/01\/31\/officiel-lemarechal-prete-a-brest\/#breadcrumb\"},\"inLanguage\":\"fr-FR\",\"potentialAction\":[{\"@type\":\"ReadAction\",\"target\":[\"https:\/\/www.ladiagonale.net\/index.php\/2023\/01\/31\/officiel-lemarechal-prete-a-brest\/\"]}]},{\"@type\":\"BreadcrumbList\",\"@id\":\"https:\/\/www.ladiagonale.net\/index.php\/2023\/01\/31\/officiel-lemarechal-prete-a-brest\/#breadcrumb\",\"itemListElement\":[{\"@type\":\"ListItem\",\"position\":1,\"name\":\"Accueil\",\"item\":\"https:\/\/www.ladiagonale.net\/\"},{\"@type\":\"ListItem\",\"position\":2,\"name\":\"Officiel : Lemarechal pr\u00eat\u00e9 \u00e0 Brest\"}]},{\"@type\":\"WebSite\",\"@id\":\"https:\/\/www.ladiagonale.net\/#website\",\"url\":\"https:\/\/www.ladiagonale.net\/\",\"name\":\"La Diagonale\",\"description\":\"Le site des supporters de l&#039;AS Monaco FC\",\"potentialAction\":[{\"@type\":\"SearchAction\",\"target\":{\"@type\":\"EntryPoint\",\"urlTemplate\":\"https:\/\/www.ladiagonale.net\/?s={search_term_string}\"},\"query-input\":\"required name=search_term_string\"}],\"inLanguage\":\"fr-FR\"},{\"@type\":\"Person\",\"@id\":\"https:\/\/www.ladiagonale.net\/#\/schema\/person\/79ff1e7b0853ed01b2aa26e64ad300bf\",\"name\":\"Damien Dellerba\",\"image\":{\"@type\":\"ImageObject\",\"inLanguage\":\"fr-FR\",\"@id\":\"https:\/\/www.ladiagonale.net\/#\/schema\/person\/image\/\",\"url\":\"https:\/\/secure.gravatar.com\/avatar\/c7850e06d3ff63cdbaee88b7fc16e2f0?s=96&d=mm&r=g\",\"contentUrl\":\"https:\/\/secure.gravatar.com\/avatar\/c7850e06d3ff63cdbaee88b7fc16e2f0?s=96&d=mm&r=g\",\"caption\":\"Damien Dellerba\"},\"url\":\"https:\/\/www.ladiagonale.net\/index.php\/author\/damien\/\"}]}<\/script>\n<!-- \/ Yoast SEO plugin. -->","yoast_head_json":{"title":"Officiel : Lemarechal pr\u00eat\u00e9 \u00e0 Brest - La Diagonale","robots":{"index":"index","follow":"follow","max-snippet":"max-snippet:-1","max-image-preview":"max-image-preview:large","max-video-preview":"max-video-preview:-1"},"canonical":"https:\/\/www.ladiagonale.net\/index.php\/2023\/01\/31\/officiel-lemarechal-prete-a-brest\/","og_locale":"fr_FR","og_type":"article","og_title":"Officiel : Lemarechal pr\u00eat\u00e9 \u00e0 Brest - La Diagonale","og_description":"Comme cela \u00e9tait attendu, F\u00e9lix Lemarechal \u00e9voluera \u00e0 Brest jusqu\u2019\u00e0 la fin de saison. Le milieu de terrain de 19 ans a \u00e9t\u00e9 pr\u00eat\u00e9 au club breton sans option d\u2019achat et l\u2019op\u00e9ration a \u00e9t\u00e9 confirm\u00e9e par l\u2019AS Monaco. Cette saison, Lemarechal n\u2019a jamais \u00e9t\u00e9 utilis\u00e9 par Philippe Clement en match officiel, seulement lors de rencontres [...]","og_url":"https:\/\/www.ladiagonale.net\/index.php\/2023\/01\/31\/officiel-lemarechal-prete-a-brest\/","og_site_name":"La Diagonale","article_published_time":"2023-01-31T10:37:26+00:00","article_modified_time":"2023-01-31T10:42:08+00:00","og_image":[{"width":1160,"height":650,"url":"https:\/\/www.ladiagonale.net\/wp-content\/uploads\/2022\/11\/lemarechal.png","type":"image\/png"}],"author":"Damien Dellerba","twitter_card":"summary_large_image","twitter_image":"https:\/\/www.ladiagonale.net\/wp-content\/uploads\/2022\/11\/lemarechal.png","twitter_misc":{"\u00c9crit par":"Damien Dellerba","Dur\u00e9e de lecture estim\u00e9e":"1 minute"},"schema":{"@context":"https:\/\/schema.org","@graph":[{"@type":"WebPage","@id":"https:\/\/www.ladiagonale.net\/index.php\/2023\/01\/31\/officiel-lemarechal-prete-a-brest\/","url":"https:\/\/www.ladiagonale.net\/index.php\/2023\/01\/31\/officiel-lemarechal-prete-a-brest\/","name":"Officiel : Lemarechal pr\u00eat\u00e9 \u00e0 Brest - La Diagonale","isPartOf":{"@id":"https:\/\/www.ladiagonale.net\/#website"},"datePublished":"2023-01-31T10:37:26+00:00","dateModified":"2023-01-31T10:42:08+00:00","author":{"@id":"https:\/\/www.ladiagonale.net\/#\/schema\/person\/79ff1e7b0853ed01b2aa26e64ad300bf"},"breadcrumb":{"@id":"https:\/\/www.ladiagonale.net\/index.php\/2023\/01\/31\/officiel-lemarechal-prete-a-brest\/#breadcrumb"},"inLanguage":"fr-FR","potentialAction":[{"@type":"ReadAction","target":["https:\/\/www.ladiagonale.net\/index.php\/2023\/01\/31\/officiel-lemarechal-prete-a-brest\/"]}]},{"@type":"BreadcrumbList","@id":"https:\/\/www.ladiagonale.net\/index.php\/2023\/01\/31\/officiel-lemarechal-prete-a-brest\/#breadcrumb","itemListElement":[{"@type":"ListItem","position":1,"name":"Accueil","item":"https:\/\/www.ladiagonale.net\/"},{"@type":"ListItem","position":2,"name":"Officiel : Lemarechal pr\u00eat\u00e9 \u00e0 Brest"}]},{"@type":"WebSite","@id":"https:\/\/www.ladiagonale.net\/#website","url":"https:\/\/www.ladiagonale.net\/","name":"La Diagonale","description":"Le site des supporters de l&#039;AS Monaco FC","potentialAction":[{"@type":"SearchAction","target":{"@type":"EntryPoint","urlTemplate":"https:\/\/www.ladiagonale.net\/?s={search_term_string}"},"query-input":"required name=search_term_string"}],"inLanguage":"fr-FR"},{"@type":"Person","@id":"https:\/\/www.ladiagonale.net\/#\/schema\/person\/79ff1e7b0853ed01b2aa26e64ad300bf","name":"Damien Dellerba","image":{"@type":"ImageObject","inLanguage":"fr-FR","@id":"https:\/\/www.ladiagonale.net\/#\/schema\/person\/image\/","url":"https:\/\/secure.gravatar.com\/avatar\/c7850e06d3ff63cdbaee88b7fc16e2f0?s=96&d=mm&r=g","contentUrl":"https:\/\/secure.gravatar.com\/avatar\/c7850e06d3ff63cdbaee88b7fc16e2f0?s=96&d=mm&r=g","caption":"Damien Dellerba"},"url":"https:\/\/www.ladiagonale.net\/index.php\/author\/damien\/"}]}},"_links":{"self":[{"href":"https:\/\/www.ladiagonale.net\/index.php\/wp-json\/wp\/v2\/posts\/9083"}],"collection":[{"href":"https:\/\/www.ladiagonale.net\/index.php\/wp-json\/wp\/v2\/posts"}],"about":[{"href":"https:\/\/www.ladiagonale.net\/index.php\/wp-json\/wp\/v2\/types\/post"}],"author":[{"embeddable":true,"href":"https:\/\/www.ladiagonale.net\/index.php\/wp-json\/wp\/v2\/users\/2"}],"replies":[{"embeddable":true,"href":"https:\/\/www.ladiagonale.net\/index.php\/wp-json\/wp\/v2\/comments?post=9083"}],"version-history":[{"count":2,"href":"https:\/\/www.ladiagonale.net\/index.php\/wp-json\/wp\/v2\/posts\/9083\/revisions"}],"predecessor-version":[{"id":9086,"href":"https:\/\/www.ladiagonale.net\/index.php\/wp-json\/wp\/v2\/posts\/9083\/revisions\/9086"}],"wp:attachment":[{"href":"https:\/\/www.ladiagonale.net\/index.php\/wp-json\/wp\/v2\/media?parent=9083"}],"wp:term":[{"taxonomy":"category","embeddable":true,"href":"https:\/\/www.ladiagonale.net\/index.php\/wp-json\/wp\/v2\/categories?post=9083"},{"taxonomy":"post_tag","embeddable":true,"href":"https:\/\/www.ladiagonale.net\/index.php\/wp-json\/wp\/v2\/tags?post=9083"}],"curies":[{"name":"wp","href":"https:\/\/api.w.org\/{rel}","templated":true}]}}