{"id":9087,"date":"2023-01-31T15:11:52","date_gmt":"2023-01-31T14:11:52","guid":{"rendered":"https:\/\/www.ladiagonale.net\/?p=9087"},"modified":"2023-01-31T15:11:55","modified_gmt":"2023-01-31T14:11:55","slug":"auxerre-na-pas-vu-deffet-pelissier","status":"publish","type":"post","link":"https:\/\/www.ladiagonale.net\/index.php\/2023\/01\/31\/auxerre-na-pas-vu-deffet-pelissier\/","title":{"rendered":"Auxerre n&rsquo;a pas vu d\u2019effet Pelissier"},"content":{"rendered":"\n\n\n<p>L&rsquo;AS Monaco jouait l&rsquo;AJ Auxerre il y a \u00e0 peine plus d&rsquo;un mois et s&rsquo;\u00e9tait impos\u00e9e difficilement (2-3). L&rsquo;entra\u00eeneur Christophe Pelissier dirigeait sa quatri\u00e8me rencontre sur le banc auxerrois. Il avait sign\u00e9 des r\u00e9sultats encourageants contre deux concurrents directs pour le maintien, Ajaccio (<em>victoire 1-0<\/em>) et Troyes (<em>match nul 1-1<\/em>). Mais les Bourguignons sont d\u00e9sormais sur une tr\u00e8s mauvaise s\u00e9rie de six d\u00e9faites cons\u00e9cutives en Ligue  1. Depuis le match contre Monaco, Auxerre a perdu contre Nantes, Toulouse, Lens et Montpellier. Pire, les Auxerrois n&rsquo;ont pas marqu\u00e9 en championnat sur les quatre derni\u00e8res rencontres. Autant dire que l&rsquo;effet Pelissier et l&rsquo;\u00e9lectrochoc tant esp\u00e9r\u00e9 avec le changement d&rsquo;entra\u00eeneur n&rsquo;a pas eu lieu du c\u00f4t\u00e9 de l&rsquo;Abb\u00e9-Deschamps.<\/p>\n\n\n\n<p>Les joueurs de l&rsquo;Yonne accusent d\u00e9sormais un retard de cinq points sur le premier non-rel\u00e9gable et les r\u00e9cents r\u00e9sultats ne poussent gu\u00e8re \u00e0 l&rsquo;optimisme quant \u00e0 un \u00e9ventuel maintien. Le mercato d&rsquo;hiver, qui doit fermer ses portes ce mardi, pourra peut-\u00eatre donner de l&rsquo;espoir aux Aja\u00efstes, qui ont \u00e9t\u00e9 actifs sur cette fen\u00eatre de transferts. Ils ont accueilli Akim Zedadka (Lille), Mathis Abline (Rennes), Isaak Tour\u00e9 (Marseille), Ionut Radu (Cremonese) et l&rsquo;ancien Mon\u00e9gasque Han-Noah Massengo (Bristol) en pr\u00eat pour tenter de renverser la vapeur. Ce dernier est l&rsquo;invit\u00e9 surprise du mercato auxerrois pour pallier la grave blessure de leur recrue Elisha Owusu, transf\u00e9r\u00e9 de La Gantoise cet hiver.<\/p>\n\n\n\n<h4 class=\"has-vivid-red-color has-text-color\" style=\"font-style:normal;font-weight:500;text-transform:uppercase\">Le joueur \u00e0 surveiller<\/h4>\n\n\n\n<p><strong>Mathias Autret &#8211; 31 ans &#8211; Milieu de terrain<\/strong><\/p>\n\n\n\n<div class=\"wp-block-media-text alignwide is-stacked-on-mobile\" style=\"grid-template-columns:25% auto\"><figure class=\"wp-block-media-text__media\"><img loading=\"lazy\" width=\"700\" height=\"700\" src=\"https:\/\/www.ladiagonale.net\/wp-content\/uploads\/2023\/01\/36938.jpg\" alt=\"\" class=\"wp-image-9091 size-full\"\/><\/figure><div class=\"wp-block-media-text__content\">\n<p style=\"font-size:16px\">Pr\u00e9sent \u00e0 l&rsquo;AJ Auxerre depuis 2020, Mathias Autret est un milieu de terrain avec une belle activit\u00e9 et capable d\u2019acc\u00e9l\u00e9rer le jeu pour les Bourguignons. Il a inscrit deux buts et sign\u00e9 trois passes d\u00e9cisives, ce qui en fait l&rsquo;\u00e9l\u00e9ment le plus impliqu\u00e9 sur les buts auxerrois. Devant le but c&rsquo;est le joueur le plus pr\u00e9cis avec 12 tirs cadr\u00e9s sur 20 tent\u00e9s en Ligue 1. Mais il est aussi dangereux sur corner : ses trois passes d\u00e9cisives sont autant de coups de pied de coin frapp\u00e9s. <\/p>\n<\/div><\/div>\n","protected":false},"excerpt":{"rendered":"<p>L&rsquo;AS Monaco jouait l&rsquo;AJ Auxerre il y a \u00e0 peine plus d&rsquo;un mois et s&rsquo;\u00e9tait impos\u00e9e difficilement (2-3). L&rsquo;entra\u00eeneur Christophe Pelissier dirigeait sa quatri\u00e8me rencontre sur le banc auxerrois. Il avait sign\u00e9 des r\u00e9sultats encourageants contre deux concurrents directs pour le maintien, Ajaccio (victoire 1-0) et Troyes (match nul 1-1). Mais les Bourguignons sont d\u00e9sormais [&#8230;]\n","protected":false},"author":2,"featured_media":0,"comment_status":"open","ping_status":"open","sticky":false,"template":"","format":"standard","meta":[],"categories":[6],"tags":[86,94,357],"yoast_head":"<!-- This site is optimized with the Yoast SEO plugin v19.8 - https:\/\/yoast.com\/wordpress\/plugins\/seo\/ -->\n<title>Auxerre n&#039;a pas vu d\u2019effet Pelissier - La Diagonale<\/title>\n<meta name=\"robots\" content=\"index, follow, max-snippet:-1, max-image-preview:large, max-video-preview:-1\" \/>\n<link rel=\"canonical\" href=\"https:\/\/www.ladiagonale.net\/index.php\/2023\/01\/31\/auxerre-na-pas-vu-deffet-pelissier\/\" \/>\n<meta property=\"og:locale\" content=\"fr_FR\" \/>\n<meta property=\"og:type\" content=\"article\" \/>\n<meta property=\"og:title\" content=\"Auxerre n&#039;a pas vu d\u2019effet Pelissier - La Diagonale\" \/>\n<meta property=\"og:description\" content=\"L&rsquo;AS Monaco jouait l&rsquo;AJ Auxerre il y a \u00e0 peine plus d&rsquo;un mois et s&rsquo;\u00e9tait impos\u00e9e difficilement (2-3). L&rsquo;entra\u00eeneur Christophe Pelissier dirigeait sa quatri\u00e8me rencontre sur le banc auxerrois. Il avait sign\u00e9 des r\u00e9sultats encourageants contre deux concurrents directs pour le maintien, Ajaccio (victoire 1-0) et Troyes (match nul 1-1). Mais les Bourguignons sont d\u00e9sormais [...]\" \/>\n<meta property=\"og:url\" content=\"https:\/\/www.ladiagonale.net\/index.php\/2023\/01\/31\/auxerre-na-pas-vu-deffet-pelissier\/\" \/>\n<meta property=\"og:site_name\" content=\"La Diagonale\" \/>\n<meta property=\"article:published_time\" content=\"2023-01-31T14:11:52+00:00\" \/>\n<meta property=\"article:modified_time\" content=\"2023-01-31T14:11:55+00:00\" \/>\n<meta property=\"og:image\" content=\"https:\/\/www.ladiagonale.net\/wp-content\/uploads\/2023\/01\/autret.png\" \/>\n\t<meta property=\"og:image:width\" content=\"1160\" \/>\n\t<meta property=\"og:image:height\" content=\"650\" \/>\n\t<meta property=\"og:image:type\" content=\"image\/png\" \/>\n<meta name=\"author\" content=\"Damien Dellerba\" \/>\n<meta name=\"twitter:card\" content=\"summary_large_image\" \/>\n<meta name=\"twitter:image\" content=\"https:\/\/www.ladiagonale.net\/wp-content\/uploads\/2023\/01\/autret.png\" \/>\n<meta name=\"twitter:label1\" content=\"\u00c9crit par\" \/>\n\t<meta name=\"twitter:data1\" content=\"Damien Dellerba\" \/>\n\t<meta name=\"twitter:label2\" content=\"Dur\u00e9e de lecture estim\u00e9e\" \/>\n\t<meta name=\"twitter:data2\" content=\"2 minutes\" \/>\n<script type=\"application\/ld+json\" class=\"yoast-schema-graph\">{\"@context\":\"https:\/\/schema.org\",\"@graph\":[{\"@type\":\"WebPage\",\"@id\":\"https:\/\/www.ladiagonale.net\/index.php\/2023\/01\/31\/auxerre-na-pas-vu-deffet-pelissier\/\",\"url\":\"https:\/\/www.ladiagonale.net\/index.php\/2023\/01\/31\/auxerre-na-pas-vu-deffet-pelissier\/\",\"name\":\"Auxerre n'a pas vu d\u2019effet Pelissier - La Diagonale\",\"isPartOf\":{\"@id\":\"https:\/\/www.ladiagonale.net\/#website\"},\"datePublished\":\"2023-01-31T14:11:52+00:00\",\"dateModified\":\"2023-01-31T14:11:55+00:00\",\"author\":{\"@id\":\"https:\/\/www.ladiagonale.net\/#\/schema\/person\/79ff1e7b0853ed01b2aa26e64ad300bf\"},\"breadcrumb\":{\"@id\":\"https:\/\/www.ladiagonale.net\/index.php\/2023\/01\/31\/auxerre-na-pas-vu-deffet-pelissier\/#breadcrumb\"},\"inLanguage\":\"fr-FR\",\"potentialAction\":[{\"@type\":\"ReadAction\",\"target\":[\"https:\/\/www.ladiagonale.net\/index.php\/2023\/01\/31\/auxerre-na-pas-vu-deffet-pelissier\/\"]}]},{\"@type\":\"BreadcrumbList\",\"@id\":\"https:\/\/www.ladiagonale.net\/index.php\/2023\/01\/31\/auxerre-na-pas-vu-deffet-pelissier\/#breadcrumb\",\"itemListElement\":[{\"@type\":\"ListItem\",\"position\":1,\"name\":\"Accueil\",\"item\":\"https:\/\/www.ladiagonale.net\/\"},{\"@type\":\"ListItem\",\"position\":2,\"name\":\"Auxerre n&rsquo;a pas vu d\u2019effet Pelissier\"}]},{\"@type\":\"WebSite\",\"@id\":\"https:\/\/www.ladiagonale.net\/#website\",\"url\":\"https:\/\/www.ladiagonale.net\/\",\"name\":\"La Diagonale\",\"description\":\"Le site des supporters de l&#039;AS Monaco FC\",\"potentialAction\":[{\"@type\":\"SearchAction\",\"target\":{\"@type\":\"EntryPoint\",\"urlTemplate\":\"https:\/\/www.ladiagonale.net\/?s={search_term_string}\"},\"query-input\":\"required name=search_term_string\"}],\"inLanguage\":\"fr-FR\"},{\"@type\":\"Person\",\"@id\":\"https:\/\/www.ladiagonale.net\/#\/schema\/person\/79ff1e7b0853ed01b2aa26e64ad300bf\",\"name\":\"Damien Dellerba\",\"image\":{\"@type\":\"ImageObject\",\"inLanguage\":\"fr-FR\",\"@id\":\"https:\/\/www.ladiagonale.net\/#\/schema\/person\/image\/\",\"url\":\"https:\/\/secure.gravatar.com\/avatar\/c7850e06d3ff63cdbaee88b7fc16e2f0?s=96&d=mm&r=g\",\"contentUrl\":\"https:\/\/secure.gravatar.com\/avatar\/c7850e06d3ff63cdbaee88b7fc16e2f0?s=96&d=mm&r=g\",\"caption\":\"Damien Dellerba\"},\"url\":\"https:\/\/www.ladiagonale.net\/index.php\/author\/damien\/\"}]}<\/script>\n<!-- \/ Yoast SEO plugin. -->","yoast_head_json":{"title":"Auxerre n'a pas vu d\u2019effet Pelissier - La Diagonale","robots":{"index":"index","follow":"follow","max-snippet":"max-snippet:-1","max-image-preview":"max-image-preview:large","max-video-preview":"max-video-preview:-1"},"canonical":"https:\/\/www.ladiagonale.net\/index.php\/2023\/01\/31\/auxerre-na-pas-vu-deffet-pelissier\/","og_locale":"fr_FR","og_type":"article","og_title":"Auxerre n'a pas vu d\u2019effet Pelissier - La Diagonale","og_description":"L&rsquo;AS Monaco jouait l&rsquo;AJ Auxerre il y a \u00e0 peine plus d&rsquo;un mois et s&rsquo;\u00e9tait impos\u00e9e difficilement (2-3). L&rsquo;entra\u00eeneur Christophe Pelissier dirigeait sa quatri\u00e8me rencontre sur le banc auxerrois. Il avait sign\u00e9 des r\u00e9sultats encourageants contre deux concurrents directs pour le maintien, Ajaccio (victoire 1-0) et Troyes (match nul 1-1). Mais les Bourguignons sont d\u00e9sormais [...]","og_url":"https:\/\/www.ladiagonale.net\/index.php\/2023\/01\/31\/auxerre-na-pas-vu-deffet-pelissier\/","og_site_name":"La Diagonale","article_published_time":"2023-01-31T14:11:52+00:00","article_modified_time":"2023-01-31T14:11:55+00:00","og_image":[{"width":1160,"height":650,"url":"https:\/\/www.ladiagonale.net\/wp-content\/uploads\/2023\/01\/autret.png","type":"image\/png"}],"author":"Damien Dellerba","twitter_card":"summary_large_image","twitter_image":"https:\/\/www.ladiagonale.net\/wp-content\/uploads\/2023\/01\/autret.png","twitter_misc":{"\u00c9crit par":"Damien Dellerba","Dur\u00e9e de lecture estim\u00e9e":"2 minutes"},"schema":{"@context":"https:\/\/schema.org","@graph":[{"@type":"WebPage","@id":"https:\/\/www.ladiagonale.net\/index.php\/2023\/01\/31\/auxerre-na-pas-vu-deffet-pelissier\/","url":"https:\/\/www.ladiagonale.net\/index.php\/2023\/01\/31\/auxerre-na-pas-vu-deffet-pelissier\/","name":"Auxerre n'a pas vu d\u2019effet Pelissier - La Diagonale","isPartOf":{"@id":"https:\/\/www.ladiagonale.net\/#website"},"datePublished":"2023-01-31T14:11:52+00:00","dateModified":"2023-01-31T14:11:55+00:00","author":{"@id":"https:\/\/www.ladiagonale.net\/#\/schema\/person\/79ff1e7b0853ed01b2aa26e64ad300bf"},"breadcrumb":{"@id":"https:\/\/www.ladiagonale.net\/index.php\/2023\/01\/31\/auxerre-na-pas-vu-deffet-pelissier\/#breadcrumb"},"inLanguage":"fr-FR","potentialAction":[{"@type":"ReadAction","target":["https:\/\/www.ladiagonale.net\/index.php\/2023\/01\/31\/auxerre-na-pas-vu-deffet-pelissier\/"]}]},{"@type":"BreadcrumbList","@id":"https:\/\/www.ladiagonale.net\/index.php\/2023\/01\/31\/auxerre-na-pas-vu-deffet-pelissier\/#breadcrumb","itemListElement":[{"@type":"ListItem","position":1,"name":"Accueil","item":"https:\/\/www.ladiagonale.net\/"},{"@type":"ListItem","position":2,"name":"Auxerre n&rsquo;a pas vu d\u2019effet Pelissier"}]},{"@type":"WebSite","@id":"https:\/\/www.ladiagonale.net\/#website","url":"https:\/\/www.ladiagonale.net\/","name":"La Diagonale","description":"Le site des supporters de l&#039;AS Monaco FC","potentialAction":[{"@type":"SearchAction","target":{"@type":"EntryPoint","urlTemplate":"https:\/\/www.ladiagonale.net\/?s={search_term_string}"},"query-input":"required name=search_term_string"}],"inLanguage":"fr-FR"},{"@type":"Person","@id":"https:\/\/www.ladiagonale.net\/#\/schema\/person\/79ff1e7b0853ed01b2aa26e64ad300bf","name":"Damien Dellerba","image":{"@type":"ImageObject","inLanguage":"fr-FR","@id":"https:\/\/www.ladiagonale.net\/#\/schema\/person\/image\/","url":"https:\/\/secure.gravatar.com\/avatar\/c7850e06d3ff63cdbaee88b7fc16e2f0?s=96&d=mm&r=g","contentUrl":"https:\/\/secure.gravatar.com\/avatar\/c7850e06d3ff63cdbaee88b7fc16e2f0?s=96&d=mm&r=g","caption":"Damien Dellerba"},"url":"https:\/\/www.ladiagonale.net\/index.php\/author\/damien\/"}]}},"_links":{"self":[{"href":"https:\/\/www.ladiagonale.net\/index.php\/wp-json\/wp\/v2\/posts\/9087"}],"collection":[{"href":"https:\/\/www.ladiagonale.net\/index.php\/wp-json\/wp\/v2\/posts"}],"about":[{"href":"https:\/\/www.ladiagonale.net\/index.php\/wp-json\/wp\/v2\/types\/post"}],"author":[{"embeddable":true,"href":"https:\/\/www.ladiagonale.net\/index.php\/wp-json\/wp\/v2\/users\/2"}],"replies":[{"embeddable":true,"href":"https:\/\/www.ladiagonale.net\/index.php\/wp-json\/wp\/v2\/comments?post=9087"}],"version-history":[{"count":2,"href":"https:\/\/www.ladiagonale.net\/index.php\/wp-json\/wp\/v2\/posts\/9087\/revisions"}],"predecessor-version":[{"id":9093,"href":"https:\/\/www.ladiagonale.net\/index.php\/wp-json\/wp\/v2\/posts\/9087\/revisions\/9093"}],"wp:attachment":[{"href":"https:\/\/www.ladiagonale.net\/index.php\/wp-json\/wp\/v2\/media?parent=9087"}],"wp:term":[{"taxonomy":"category","embeddable":true,"href":"https:\/\/www.ladiagonale.net\/index.php\/wp-json\/wp\/v2\/categories?post=9087"},{"taxonomy":"post_tag","embeddable":true,"href":"https:\/\/www.ladiagonale.net\/index.php\/wp-json\/wp\/v2\/tags?post=9087"}],"curies":[{"name":"wp","href":"https:\/\/api.w.org\/{rel}","templated":true}]}}