{"id":9096,"date":"2023-01-31T15:53:00","date_gmt":"2023-01-31T14:53:00","guid":{"rendered":"https:\/\/www.ladiagonale.net\/?p=9096"},"modified":"2023-01-31T15:53:03","modified_gmt":"2023-01-31T14:53:03","slug":"officiel-matsima-revient-a-monaco","status":"publish","type":"post","link":"https:\/\/www.ladiagonale.net\/index.php\/2023\/01\/31\/officiel-matsima-revient-a-monaco\/","title":{"rendered":"Officiel : Matsima revient \u00e0 Monaco"},"content":{"rendered":"\n\n\n<p>Chrislain Matsima terminera bien la saison en Principaut\u00e9. L&rsquo;AS Monaco a officialis\u00e9 la fin de son pr\u00eat \u00e0 Lorient et son retour sur le Rocher pour cette deuxi\u00e8me partie de saison. Le d\u00e9fenseur central avait \u00e9t\u00e9 pr\u00eat\u00e9 au club breton avec une option d&rsquo;achat estim\u00e9e \u00e0 dix millions d&rsquo;euros mais \u00e9tait en situation d&rsquo;\u00e9chec, barr\u00e9 par la paire Laporte-Talbi. L&rsquo;international U20 n&rsquo;a disput\u00e9 que sept rencontres toutes comp\u00e9titions confondues.<\/p>\n\n\n\n<p>Avec Monaco, le d\u00e9fenseur de 20 ans a pris part \u00e0 24 rencontres entre 2020 et 2022. Il compensera num\u00e9riquement le d\u00e9part de Beno\u00eet Badiashile, qui ne devrait pas \u00eatre remplac\u00e9 sur ce mercato.<\/p>\n","protected":false},"excerpt":{"rendered":"<p>Chrislain Matsima terminera bien la saison en Principaut\u00e9. L&rsquo;AS Monaco a officialis\u00e9 la fin de son pr\u00eat \u00e0 Lorient et son retour sur le Rocher pour cette deuxi\u00e8me partie de saison. Le d\u00e9fenseur central avait \u00e9t\u00e9 pr\u00eat\u00e9 au club breton avec une option d&rsquo;achat estim\u00e9e \u00e0 dix millions d&rsquo;euros mais \u00e9tait en situation d&rsquo;\u00e9chec, barr\u00e9 [&#8230;]\n","protected":false},"author":2,"featured_media":0,"comment_status":"open","ping_status":"open","sticky":false,"template":"","format":"standard","meta":[],"categories":[4,6],"tags":[86,392,111,110],"yoast_head":"<!-- This site is optimized with the Yoast SEO plugin v19.8 - https:\/\/yoast.com\/wordpress\/plugins\/seo\/ -->\n<title>Officiel : Matsima revient \u00e0 Monaco - La Diagonale<\/title>\n<meta name=\"robots\" content=\"index, follow, max-snippet:-1, max-image-preview:large, max-video-preview:-1\" \/>\n<link rel=\"canonical\" href=\"https:\/\/www.ladiagonale.net\/index.php\/2023\/01\/31\/officiel-matsima-revient-a-monaco\/\" \/>\n<meta property=\"og:locale\" content=\"fr_FR\" \/>\n<meta property=\"og:type\" content=\"article\" \/>\n<meta property=\"og:title\" content=\"Officiel : Matsima revient \u00e0 Monaco - La Diagonale\" \/>\n<meta property=\"og:description\" content=\"Chrislain Matsima terminera bien la saison en Principaut\u00e9. L&rsquo;AS Monaco a officialis\u00e9 la fin de son pr\u00eat \u00e0 Lorient et son retour sur le Rocher pour cette deuxi\u00e8me partie de saison. Le d\u00e9fenseur central avait \u00e9t\u00e9 pr\u00eat\u00e9 au club breton avec une option d&rsquo;achat estim\u00e9e \u00e0 dix millions d&rsquo;euros mais \u00e9tait en situation d&rsquo;\u00e9chec, barr\u00e9 [...]\" \/>\n<meta property=\"og:url\" content=\"https:\/\/www.ladiagonale.net\/index.php\/2023\/01\/31\/officiel-matsima-revient-a-monaco\/\" \/>\n<meta property=\"og:site_name\" content=\"La Diagonale\" \/>\n<meta property=\"article:published_time\" content=\"2023-01-31T14:53:00+00:00\" \/>\n<meta property=\"article:modified_time\" content=\"2023-01-31T14:53:03+00:00\" \/>\n<meta property=\"og:image\" content=\"https:\/\/www.ladiagonale.net\/wp-content\/uploads\/2023\/01\/matsima.png\" \/>\n\t<meta property=\"og:image:width\" content=\"1160\" \/>\n\t<meta property=\"og:image:height\" content=\"650\" \/>\n\t<meta property=\"og:image:type\" content=\"image\/png\" \/>\n<meta name=\"author\" content=\"Damien Dellerba\" \/>\n<meta name=\"twitter:card\" content=\"summary_large_image\" \/>\n<meta name=\"twitter:image\" content=\"https:\/\/www.ladiagonale.net\/wp-content\/uploads\/2023\/01\/matsima.png\" \/>\n<meta name=\"twitter:label1\" content=\"\u00c9crit par\" \/>\n\t<meta name=\"twitter:data1\" content=\"Damien Dellerba\" \/>\n\t<meta name=\"twitter:label2\" content=\"Dur\u00e9e de lecture estim\u00e9e\" \/>\n\t<meta name=\"twitter:data2\" content=\"1 minute\" \/>\n<script type=\"application\/ld+json\" class=\"yoast-schema-graph\">{\"@context\":\"https:\/\/schema.org\",\"@graph\":[{\"@type\":\"WebPage\",\"@id\":\"https:\/\/www.ladiagonale.net\/index.php\/2023\/01\/31\/officiel-matsima-revient-a-monaco\/\",\"url\":\"https:\/\/www.ladiagonale.net\/index.php\/2023\/01\/31\/officiel-matsima-revient-a-monaco\/\",\"name\":\"Officiel : Matsima revient \u00e0 Monaco - La Diagonale\",\"isPartOf\":{\"@id\":\"https:\/\/www.ladiagonale.net\/#website\"},\"datePublished\":\"2023-01-31T14:53:00+00:00\",\"dateModified\":\"2023-01-31T14:53:03+00:00\",\"author\":{\"@id\":\"https:\/\/www.ladiagonale.net\/#\/schema\/person\/79ff1e7b0853ed01b2aa26e64ad300bf\"},\"breadcrumb\":{\"@id\":\"https:\/\/www.ladiagonale.net\/index.php\/2023\/01\/31\/officiel-matsima-revient-a-monaco\/#breadcrumb\"},\"inLanguage\":\"fr-FR\",\"potentialAction\":[{\"@type\":\"ReadAction\",\"target\":[\"https:\/\/www.ladiagonale.net\/index.php\/2023\/01\/31\/officiel-matsima-revient-a-monaco\/\"]}]},{\"@type\":\"BreadcrumbList\",\"@id\":\"https:\/\/www.ladiagonale.net\/index.php\/2023\/01\/31\/officiel-matsima-revient-a-monaco\/#breadcrumb\",\"itemListElement\":[{\"@type\":\"ListItem\",\"position\":1,\"name\":\"Accueil\",\"item\":\"https:\/\/www.ladiagonale.net\/\"},{\"@type\":\"ListItem\",\"position\":2,\"name\":\"Officiel : Matsima revient \u00e0 Monaco\"}]},{\"@type\":\"WebSite\",\"@id\":\"https:\/\/www.ladiagonale.net\/#website\",\"url\":\"https:\/\/www.ladiagonale.net\/\",\"name\":\"La Diagonale\",\"description\":\"Le site des supporters de l&#039;AS Monaco FC\",\"potentialAction\":[{\"@type\":\"SearchAction\",\"target\":{\"@type\":\"EntryPoint\",\"urlTemplate\":\"https:\/\/www.ladiagonale.net\/?s={search_term_string}\"},\"query-input\":\"required name=search_term_string\"}],\"inLanguage\":\"fr-FR\"},{\"@type\":\"Person\",\"@id\":\"https:\/\/www.ladiagonale.net\/#\/schema\/person\/79ff1e7b0853ed01b2aa26e64ad300bf\",\"name\":\"Damien Dellerba\",\"image\":{\"@type\":\"ImageObject\",\"inLanguage\":\"fr-FR\",\"@id\":\"https:\/\/www.ladiagonale.net\/#\/schema\/person\/image\/\",\"url\":\"https:\/\/secure.gravatar.com\/avatar\/c7850e06d3ff63cdbaee88b7fc16e2f0?s=96&d=mm&r=g\",\"contentUrl\":\"https:\/\/secure.gravatar.com\/avatar\/c7850e06d3ff63cdbaee88b7fc16e2f0?s=96&d=mm&r=g\",\"caption\":\"Damien Dellerba\"},\"url\":\"https:\/\/www.ladiagonale.net\/index.php\/author\/damien\/\"}]}<\/script>\n<!-- \/ Yoast SEO plugin. -->","yoast_head_json":{"title":"Officiel : Matsima revient \u00e0 Monaco - La Diagonale","robots":{"index":"index","follow":"follow","max-snippet":"max-snippet:-1","max-image-preview":"max-image-preview:large","max-video-preview":"max-video-preview:-1"},"canonical":"https:\/\/www.ladiagonale.net\/index.php\/2023\/01\/31\/officiel-matsima-revient-a-monaco\/","og_locale":"fr_FR","og_type":"article","og_title":"Officiel : Matsima revient \u00e0 Monaco - La Diagonale","og_description":"Chrislain Matsima terminera bien la saison en Principaut\u00e9. L&rsquo;AS Monaco a officialis\u00e9 la fin de son pr\u00eat \u00e0 Lorient et son retour sur le Rocher pour cette deuxi\u00e8me partie de saison. Le d\u00e9fenseur central avait \u00e9t\u00e9 pr\u00eat\u00e9 au club breton avec une option d&rsquo;achat estim\u00e9e \u00e0 dix millions d&rsquo;euros mais \u00e9tait en situation d&rsquo;\u00e9chec, barr\u00e9 [...]","og_url":"https:\/\/www.ladiagonale.net\/index.php\/2023\/01\/31\/officiel-matsima-revient-a-monaco\/","og_site_name":"La Diagonale","article_published_time":"2023-01-31T14:53:00+00:00","article_modified_time":"2023-01-31T14:53:03+00:00","og_image":[{"width":1160,"height":650,"url":"https:\/\/www.ladiagonale.net\/wp-content\/uploads\/2023\/01\/matsima.png","type":"image\/png"}],"author":"Damien Dellerba","twitter_card":"summary_large_image","twitter_image":"https:\/\/www.ladiagonale.net\/wp-content\/uploads\/2023\/01\/matsima.png","twitter_misc":{"\u00c9crit par":"Damien Dellerba","Dur\u00e9e de lecture estim\u00e9e":"1 minute"},"schema":{"@context":"https:\/\/schema.org","@graph":[{"@type":"WebPage","@id":"https:\/\/www.ladiagonale.net\/index.php\/2023\/01\/31\/officiel-matsima-revient-a-monaco\/","url":"https:\/\/www.ladiagonale.net\/index.php\/2023\/01\/31\/officiel-matsima-revient-a-monaco\/","name":"Officiel : Matsima revient \u00e0 Monaco - La Diagonale","isPartOf":{"@id":"https:\/\/www.ladiagonale.net\/#website"},"datePublished":"2023-01-31T14:53:00+00:00","dateModified":"2023-01-31T14:53:03+00:00","author":{"@id":"https:\/\/www.ladiagonale.net\/#\/schema\/person\/79ff1e7b0853ed01b2aa26e64ad300bf"},"breadcrumb":{"@id":"https:\/\/www.ladiagonale.net\/index.php\/2023\/01\/31\/officiel-matsima-revient-a-monaco\/#breadcrumb"},"inLanguage":"fr-FR","potentialAction":[{"@type":"ReadAction","target":["https:\/\/www.ladiagonale.net\/index.php\/2023\/01\/31\/officiel-matsima-revient-a-monaco\/"]}]},{"@type":"BreadcrumbList","@id":"https:\/\/www.ladiagonale.net\/index.php\/2023\/01\/31\/officiel-matsima-revient-a-monaco\/#breadcrumb","itemListElement":[{"@type":"ListItem","position":1,"name":"Accueil","item":"https:\/\/www.ladiagonale.net\/"},{"@type":"ListItem","position":2,"name":"Officiel : Matsima revient \u00e0 Monaco"}]},{"@type":"WebSite","@id":"https:\/\/www.ladiagonale.net\/#website","url":"https:\/\/www.ladiagonale.net\/","name":"La Diagonale","description":"Le site des supporters de l&#039;AS Monaco FC","potentialAction":[{"@type":"SearchAction","target":{"@type":"EntryPoint","urlTemplate":"https:\/\/www.ladiagonale.net\/?s={search_term_string}"},"query-input":"required name=search_term_string"}],"inLanguage":"fr-FR"},{"@type":"Person","@id":"https:\/\/www.ladiagonale.net\/#\/schema\/person\/79ff1e7b0853ed01b2aa26e64ad300bf","name":"Damien Dellerba","image":{"@type":"ImageObject","inLanguage":"fr-FR","@id":"https:\/\/www.ladiagonale.net\/#\/schema\/person\/image\/","url":"https:\/\/secure.gravatar.com\/avatar\/c7850e06d3ff63cdbaee88b7fc16e2f0?s=96&d=mm&r=g","contentUrl":"https:\/\/secure.gravatar.com\/avatar\/c7850e06d3ff63cdbaee88b7fc16e2f0?s=96&d=mm&r=g","caption":"Damien Dellerba"},"url":"https:\/\/www.ladiagonale.net\/index.php\/author\/damien\/"}]}},"_links":{"self":[{"href":"https:\/\/www.ladiagonale.net\/index.php\/wp-json\/wp\/v2\/posts\/9096"}],"collection":[{"href":"https:\/\/www.ladiagonale.net\/index.php\/wp-json\/wp\/v2\/posts"}],"about":[{"href":"https:\/\/www.ladiagonale.net\/index.php\/wp-json\/wp\/v2\/types\/post"}],"author":[{"embeddable":true,"href":"https:\/\/www.ladiagonale.net\/index.php\/wp-json\/wp\/v2\/users\/2"}],"replies":[{"embeddable":true,"href":"https:\/\/www.ladiagonale.net\/index.php\/wp-json\/wp\/v2\/comments?post=9096"}],"version-history":[{"count":1,"href":"https:\/\/www.ladiagonale.net\/index.php\/wp-json\/wp\/v2\/posts\/9096\/revisions"}],"predecessor-version":[{"id":9097,"href":"https:\/\/www.ladiagonale.net\/index.php\/wp-json\/wp\/v2\/posts\/9096\/revisions\/9097"}],"wp:attachment":[{"href":"https:\/\/www.ladiagonale.net\/index.php\/wp-json\/wp\/v2\/media?parent=9096"}],"wp:term":[{"taxonomy":"category","embeddable":true,"href":"https:\/\/www.ladiagonale.net\/index.php\/wp-json\/wp\/v2\/categories?post=9096"},{"taxonomy":"post_tag","embeddable":true,"href":"https:\/\/www.ladiagonale.net\/index.php\/wp-json\/wp\/v2\/tags?post=9096"}],"curies":[{"name":"wp","href":"https:\/\/api.w.org\/{rel}","templated":true}]}}