{"id":9101,"date":"2023-01-31T17:02:33","date_gmt":"2023-01-31T16:02:33","guid":{"rendered":"https:\/\/www.ladiagonale.net\/?p=9101"},"modified":"2023-01-31T17:12:49","modified_gmt":"2023-01-31T16:12:49","slug":"officiel-zagre-prete-a-lexcelsior-rotterdam","status":"publish","type":"post","link":"https:\/\/www.ladiagonale.net\/index.php\/2023\/01\/31\/officiel-zagre-prete-a-lexcelsior-rotterdam\/","title":{"rendered":"Officiel : Zagr\u00e9 pr\u00eat\u00e9 \u00e0 l&rsquo;Excelsior Rotterdam"},"content":{"rendered":"\n<p>L\u2019AS Monaco a beaucoup travaill\u00e9 sur ses joueurs pr\u00eat\u00e9s lors de ce mercato hivernal. Apr\u00e8s Lecomte, Musaba et Matsima, Arthur Zagr\u00e9 va lui aussi changer d&rsquo;air. Le lat\u00e9ral gauche de 21 ans quitte le FC Utrecht mais reste aux Pays-Bas pour rejoindre l\u2019Excelsior Rotterdam, 14<sup>e<\/sup> d\u2019Eredivisie, jusqu&rsquo;\u00e0 la fin de la saison. Officialis\u00e9 par le club n\u00e9erlandais, il s&rsquo;agit du troisi\u00e8me pr\u00eat cons\u00e9cutif pour lui apr\u00e8s un premier \u00e0 Dijon.<\/p>\n\n\n\n<p>Pr\u00eat\u00e9 \u00e0 Utrecht pour la deuxi\u00e8me saison cons\u00e9cutive, l\u2019ancien Parisien ne s\u2019est pas d\u00e9velopp\u00e9 comme esp\u00e9r\u00e9. Il a \u00e9t\u00e9 frein\u00e9 par des blessures et n\u2019a finalement jou\u00e9 que deux rencontres de championnat cette saison, 13 en tout depuis un an et demi. Arriv\u00e9 en Principaut\u00e9 en 2019 contre dix millions d&rsquo;euros, il s\u2019\u00e9tait engag\u00e9 avec l\u2019ASM jusqu\u2019en juin 2024.<\/p>\n\n\n","protected":false},"excerpt":{"rendered":"<p>L\u2019AS Monaco a beaucoup travaill\u00e9 sur ses joueurs pr\u00eat\u00e9s lors de ce mercato hivernal. Apr\u00e8s Lecomte, Musaba et Matsima, Arthur Zagr\u00e9 va lui aussi changer d&rsquo;air. Le lat\u00e9ral gauche de 21 ans quitte le FC Utrecht mais reste aux Pays-Bas pour rejoindre l\u2019Excelsior Rotterdam, 14e d\u2019Eredivisie, jusqu&rsquo;\u00e0 la fin de la saison. Officialis\u00e9 par le [&#8230;]\n","protected":false},"author":2,"featured_media":0,"comment_status":"open","ping_status":"open","sticky":false,"template":"","format":"standard","meta":[],"categories":[6],"tags":[393,86,111,110],"yoast_head":"<!-- This site is optimized with the Yoast SEO plugin v19.8 - https:\/\/yoast.com\/wordpress\/plugins\/seo\/ -->\n<title>Officiel : Zagr\u00e9 pr\u00eat\u00e9 \u00e0 l&#039;Excelsior Rotterdam - La Diagonale<\/title>\n<meta name=\"robots\" content=\"index, follow, max-snippet:-1, max-image-preview:large, max-video-preview:-1\" \/>\n<link rel=\"canonical\" href=\"https:\/\/www.ladiagonale.net\/index.php\/2023\/01\/31\/officiel-zagre-prete-a-lexcelsior-rotterdam\/\" \/>\n<meta property=\"og:locale\" content=\"fr_FR\" \/>\n<meta property=\"og:type\" content=\"article\" \/>\n<meta property=\"og:title\" content=\"Officiel : Zagr\u00e9 pr\u00eat\u00e9 \u00e0 l&#039;Excelsior Rotterdam - La Diagonale\" \/>\n<meta property=\"og:description\" content=\"L\u2019AS Monaco a beaucoup travaill\u00e9 sur ses joueurs pr\u00eat\u00e9s lors de ce mercato hivernal. Apr\u00e8s Lecomte, Musaba et Matsima, Arthur Zagr\u00e9 va lui aussi changer d&rsquo;air. Le lat\u00e9ral gauche de 21 ans quitte le FC Utrecht mais reste aux Pays-Bas pour rejoindre l\u2019Excelsior Rotterdam, 14e d\u2019Eredivisie, jusqu&rsquo;\u00e0 la fin de la saison. Officialis\u00e9 par le [...]\" \/>\n<meta property=\"og:url\" content=\"https:\/\/www.ladiagonale.net\/index.php\/2023\/01\/31\/officiel-zagre-prete-a-lexcelsior-rotterdam\/\" \/>\n<meta property=\"og:site_name\" content=\"La Diagonale\" \/>\n<meta property=\"article:published_time\" content=\"2023-01-31T16:02:33+00:00\" \/>\n<meta property=\"article:modified_time\" content=\"2023-01-31T16:12:49+00:00\" \/>\n<meta property=\"og:image\" content=\"https:\/\/www.ladiagonale.net\/wp-content\/uploads\/2023\/01\/zagre\u03012.png\" \/>\n\t<meta property=\"og:image:width\" content=\"1160\" \/>\n\t<meta property=\"og:image:height\" content=\"650\" \/>\n\t<meta property=\"og:image:type\" content=\"image\/png\" \/>\n<meta name=\"author\" content=\"Damien Dellerba\" \/>\n<meta name=\"twitter:card\" content=\"summary_large_image\" \/>\n<meta name=\"twitter:image\" content=\"https:\/\/www.ladiagonale.net\/wp-content\/uploads\/2023\/01\/zagre\u03012.png\" \/>\n<meta name=\"twitter:label1\" content=\"\u00c9crit par\" \/>\n\t<meta name=\"twitter:data1\" content=\"Damien Dellerba\" \/>\n\t<meta name=\"twitter:label2\" content=\"Dur\u00e9e de lecture estim\u00e9e\" \/>\n\t<meta name=\"twitter:data2\" content=\"1 minute\" \/>\n<script type=\"application\/ld+json\" class=\"yoast-schema-graph\">{\"@context\":\"https:\/\/schema.org\",\"@graph\":[{\"@type\":\"WebPage\",\"@id\":\"https:\/\/www.ladiagonale.net\/index.php\/2023\/01\/31\/officiel-zagre-prete-a-lexcelsior-rotterdam\/\",\"url\":\"https:\/\/www.ladiagonale.net\/index.php\/2023\/01\/31\/officiel-zagre-prete-a-lexcelsior-rotterdam\/\",\"name\":\"Officiel : Zagr\u00e9 pr\u00eat\u00e9 \u00e0 l'Excelsior Rotterdam - La Diagonale\",\"isPartOf\":{\"@id\":\"https:\/\/www.ladiagonale.net\/#website\"},\"datePublished\":\"2023-01-31T16:02:33+00:00\",\"dateModified\":\"2023-01-31T16:12:49+00:00\",\"author\":{\"@id\":\"https:\/\/www.ladiagonale.net\/#\/schema\/person\/79ff1e7b0853ed01b2aa26e64ad300bf\"},\"breadcrumb\":{\"@id\":\"https:\/\/www.ladiagonale.net\/index.php\/2023\/01\/31\/officiel-zagre-prete-a-lexcelsior-rotterdam\/#breadcrumb\"},\"inLanguage\":\"fr-FR\",\"potentialAction\":[{\"@type\":\"ReadAction\",\"target\":[\"https:\/\/www.ladiagonale.net\/index.php\/2023\/01\/31\/officiel-zagre-prete-a-lexcelsior-rotterdam\/\"]}]},{\"@type\":\"BreadcrumbList\",\"@id\":\"https:\/\/www.ladiagonale.net\/index.php\/2023\/01\/31\/officiel-zagre-prete-a-lexcelsior-rotterdam\/#breadcrumb\",\"itemListElement\":[{\"@type\":\"ListItem\",\"position\":1,\"name\":\"Accueil\",\"item\":\"https:\/\/www.ladiagonale.net\/\"},{\"@type\":\"ListItem\",\"position\":2,\"name\":\"Officiel : Zagr\u00e9 pr\u00eat\u00e9 \u00e0 l&rsquo;Excelsior Rotterdam\"}]},{\"@type\":\"WebSite\",\"@id\":\"https:\/\/www.ladiagonale.net\/#website\",\"url\":\"https:\/\/www.ladiagonale.net\/\",\"name\":\"La Diagonale\",\"description\":\"Le site des supporters de l&#039;AS Monaco FC\",\"potentialAction\":[{\"@type\":\"SearchAction\",\"target\":{\"@type\":\"EntryPoint\",\"urlTemplate\":\"https:\/\/www.ladiagonale.net\/?s={search_term_string}\"},\"query-input\":\"required name=search_term_string\"}],\"inLanguage\":\"fr-FR\"},{\"@type\":\"Person\",\"@id\":\"https:\/\/www.ladiagonale.net\/#\/schema\/person\/79ff1e7b0853ed01b2aa26e64ad300bf\",\"name\":\"Damien Dellerba\",\"image\":{\"@type\":\"ImageObject\",\"inLanguage\":\"fr-FR\",\"@id\":\"https:\/\/www.ladiagonale.net\/#\/schema\/person\/image\/\",\"url\":\"https:\/\/secure.gravatar.com\/avatar\/c7850e06d3ff63cdbaee88b7fc16e2f0?s=96&d=mm&r=g\",\"contentUrl\":\"https:\/\/secure.gravatar.com\/avatar\/c7850e06d3ff63cdbaee88b7fc16e2f0?s=96&d=mm&r=g\",\"caption\":\"Damien Dellerba\"},\"url\":\"https:\/\/www.ladiagonale.net\/index.php\/author\/damien\/\"}]}<\/script>\n<!-- \/ Yoast SEO plugin. -->","yoast_head_json":{"title":"Officiel : Zagr\u00e9 pr\u00eat\u00e9 \u00e0 l'Excelsior Rotterdam - La Diagonale","robots":{"index":"index","follow":"follow","max-snippet":"max-snippet:-1","max-image-preview":"max-image-preview:large","max-video-preview":"max-video-preview:-1"},"canonical":"https:\/\/www.ladiagonale.net\/index.php\/2023\/01\/31\/officiel-zagre-prete-a-lexcelsior-rotterdam\/","og_locale":"fr_FR","og_type":"article","og_title":"Officiel : Zagr\u00e9 pr\u00eat\u00e9 \u00e0 l'Excelsior Rotterdam - La Diagonale","og_description":"L\u2019AS Monaco a beaucoup travaill\u00e9 sur ses joueurs pr\u00eat\u00e9s lors de ce mercato hivernal. Apr\u00e8s Lecomte, Musaba et Matsima, Arthur Zagr\u00e9 va lui aussi changer d&rsquo;air. Le lat\u00e9ral gauche de 21 ans quitte le FC Utrecht mais reste aux Pays-Bas pour rejoindre l\u2019Excelsior Rotterdam, 14e d\u2019Eredivisie, jusqu&rsquo;\u00e0 la fin de la saison. Officialis\u00e9 par le [...]","og_url":"https:\/\/www.ladiagonale.net\/index.php\/2023\/01\/31\/officiel-zagre-prete-a-lexcelsior-rotterdam\/","og_site_name":"La Diagonale","article_published_time":"2023-01-31T16:02:33+00:00","article_modified_time":"2023-01-31T16:12:49+00:00","og_image":[{"width":1160,"height":650,"url":"https:\/\/www.ladiagonale.net\/wp-content\/uploads\/2023\/01\/zagre\u03012.png","type":"image\/png"}],"author":"Damien Dellerba","twitter_card":"summary_large_image","twitter_image":"https:\/\/www.ladiagonale.net\/wp-content\/uploads\/2023\/01\/zagre\u03012.png","twitter_misc":{"\u00c9crit par":"Damien Dellerba","Dur\u00e9e de lecture estim\u00e9e":"1 minute"},"schema":{"@context":"https:\/\/schema.org","@graph":[{"@type":"WebPage","@id":"https:\/\/www.ladiagonale.net\/index.php\/2023\/01\/31\/officiel-zagre-prete-a-lexcelsior-rotterdam\/","url":"https:\/\/www.ladiagonale.net\/index.php\/2023\/01\/31\/officiel-zagre-prete-a-lexcelsior-rotterdam\/","name":"Officiel : Zagr\u00e9 pr\u00eat\u00e9 \u00e0 l'Excelsior Rotterdam - La Diagonale","isPartOf":{"@id":"https:\/\/www.ladiagonale.net\/#website"},"datePublished":"2023-01-31T16:02:33+00:00","dateModified":"2023-01-31T16:12:49+00:00","author":{"@id":"https:\/\/www.ladiagonale.net\/#\/schema\/person\/79ff1e7b0853ed01b2aa26e64ad300bf"},"breadcrumb":{"@id":"https:\/\/www.ladiagonale.net\/index.php\/2023\/01\/31\/officiel-zagre-prete-a-lexcelsior-rotterdam\/#breadcrumb"},"inLanguage":"fr-FR","potentialAction":[{"@type":"ReadAction","target":["https:\/\/www.ladiagonale.net\/index.php\/2023\/01\/31\/officiel-zagre-prete-a-lexcelsior-rotterdam\/"]}]},{"@type":"BreadcrumbList","@id":"https:\/\/www.ladiagonale.net\/index.php\/2023\/01\/31\/officiel-zagre-prete-a-lexcelsior-rotterdam\/#breadcrumb","itemListElement":[{"@type":"ListItem","position":1,"name":"Accueil","item":"https:\/\/www.ladiagonale.net\/"},{"@type":"ListItem","position":2,"name":"Officiel : Zagr\u00e9 pr\u00eat\u00e9 \u00e0 l&rsquo;Excelsior Rotterdam"}]},{"@type":"WebSite","@id":"https:\/\/www.ladiagonale.net\/#website","url":"https:\/\/www.ladiagonale.net\/","name":"La Diagonale","description":"Le site des supporters de l&#039;AS Monaco FC","potentialAction":[{"@type":"SearchAction","target":{"@type":"EntryPoint","urlTemplate":"https:\/\/www.ladiagonale.net\/?s={search_term_string}"},"query-input":"required name=search_term_string"}],"inLanguage":"fr-FR"},{"@type":"Person","@id":"https:\/\/www.ladiagonale.net\/#\/schema\/person\/79ff1e7b0853ed01b2aa26e64ad300bf","name":"Damien Dellerba","image":{"@type":"ImageObject","inLanguage":"fr-FR","@id":"https:\/\/www.ladiagonale.net\/#\/schema\/person\/image\/","url":"https:\/\/secure.gravatar.com\/avatar\/c7850e06d3ff63cdbaee88b7fc16e2f0?s=96&d=mm&r=g","contentUrl":"https:\/\/secure.gravatar.com\/avatar\/c7850e06d3ff63cdbaee88b7fc16e2f0?s=96&d=mm&r=g","caption":"Damien Dellerba"},"url":"https:\/\/www.ladiagonale.net\/index.php\/author\/damien\/"}]}},"_links":{"self":[{"href":"https:\/\/www.ladiagonale.net\/index.php\/wp-json\/wp\/v2\/posts\/9101"}],"collection":[{"href":"https:\/\/www.ladiagonale.net\/index.php\/wp-json\/wp\/v2\/posts"}],"about":[{"href":"https:\/\/www.ladiagonale.net\/index.php\/wp-json\/wp\/v2\/types\/post"}],"author":[{"embeddable":true,"href":"https:\/\/www.ladiagonale.net\/index.php\/wp-json\/wp\/v2\/users\/2"}],"replies":[{"embeddable":true,"href":"https:\/\/www.ladiagonale.net\/index.php\/wp-json\/wp\/v2\/comments?post=9101"}],"version-history":[{"count":3,"href":"https:\/\/www.ladiagonale.net\/index.php\/wp-json\/wp\/v2\/posts\/9101\/revisions"}],"predecessor-version":[{"id":9110,"href":"https:\/\/www.ladiagonale.net\/index.php\/wp-json\/wp\/v2\/posts\/9101\/revisions\/9110"}],"wp:attachment":[{"href":"https:\/\/www.ladiagonale.net\/index.php\/wp-json\/wp\/v2\/media?parent=9101"}],"wp:term":[{"taxonomy":"category","embeddable":true,"href":"https:\/\/www.ladiagonale.net\/index.php\/wp-json\/wp\/v2\/categories?post=9101"},{"taxonomy":"post_tag","embeddable":true,"href":"https:\/\/www.ladiagonale.net\/index.php\/wp-json\/wp\/v2\/tags?post=9101"}],"curies":[{"name":"wp","href":"https:\/\/api.w.org\/{rel}","templated":true}]}}