{"id":9111,"date":"2023-01-31T19:41:40","date_gmt":"2023-01-31T18:41:40","guid":{"rendered":"https:\/\/www.ladiagonale.net\/?p=9111"},"modified":"2023-02-01T02:28:48","modified_gmt":"2023-02-01T01:28:48","slug":"le-groupe-monegasque-volland-de-retour-diatta-absent","status":"publish","type":"post","link":"https:\/\/www.ladiagonale.net\/index.php\/2023\/01\/31\/le-groupe-monegasque-volland-de-retour-diatta-absent\/","title":{"rendered":"Le groupe mon\u00e9gasque : Volland de retour, Diatta absent"},"content":{"rendered":"\n<p>Philippe Clement a convoqu\u00e9 un groupe de 22 joueurs pour la r\u00e9ception d&rsquo;Auxerre pour le compte de la 21<sup>e<\/sup> journ\u00e9e de Ligue 1. Le technicien belge r\u00e9cup\u00e8re Camara et Volland mais perd Kr\u00e9pin Diatta, qui ressent une g\u00eane \u00e0 un pied.<\/p>\n\n\n\n<p>Okou et Magassa ne sont pas dans le groupe, contrairement au dernier week-end, pas plus que Jean Lucas, toujours \u00e0 l&rsquo;\u00e9cart. Chrislain Matsima, qui revient tout juste de pr\u00eat, n&rsquo;est pas non plus convoqu\u00e9. Deux joueurs resteront en tribune.<\/p>\n\n\n\n<p><strong>Le groupe mon\u00e9gasque<\/strong><\/p>\n\n\n\n<ul><li><strong>Gardiens :<\/strong> Didillon, Lienard, N\u00fcbel.<\/li><li><strong>D\u00e9fenseurs :<\/strong> Aguilar, C. Henrique, Disasi, Jakobs, Maripan, Sarr, Vanderson.<\/li><li><strong>Milieux :<\/strong> Akliouche, Ben Seghir, Camara, Fofana, G. Martins, Golovin, Matazo, Minamino.<\/li><li><strong>Attaquants :<\/strong> Ben Yedder, Boadu, Embolo, Volland.<\/li><\/ul>\n\n\n\n<p><em>Absents :<\/em> Diatta (g\u00eane), J. Lucas, Magassa, Okou (choix du coach).<\/p>\n","protected":false},"excerpt":{"rendered":"<p>Philippe Clement a convoqu\u00e9 un groupe de 22 joueurs pour la r\u00e9ception d&rsquo;Auxerre pour le compte de la 21e journ\u00e9e de Ligue 1. Le technicien belge r\u00e9cup\u00e8re Camara et Volland mais perd Kr\u00e9pin Diatta, qui ressent une g\u00eane \u00e0 un pied. Okou et Magassa ne sont pas dans le groupe, contrairement au dernier week-end, pas [&#8230;]\n","protected":false},"author":2,"featured_media":0,"comment_status":"open","ping_status":"open","sticky":false,"template":"","format":"standard","meta":[],"categories":[4,6],"tags":[86,225,94,357],"yoast_head":"<!-- This site is optimized with the Yoast SEO plugin v19.8 - https:\/\/yoast.com\/wordpress\/plugins\/seo\/ -->\n<title>Le groupe mon\u00e9gasque : Volland de retour, Diatta absent - La Diagonale<\/title>\n<meta name=\"robots\" content=\"index, follow, max-snippet:-1, max-image-preview:large, max-video-preview:-1\" \/>\n<link rel=\"canonical\" href=\"https:\/\/www.ladiagonale.net\/index.php\/2023\/01\/31\/le-groupe-monegasque-volland-de-retour-diatta-absent\/\" \/>\n<meta property=\"og:locale\" content=\"fr_FR\" \/>\n<meta property=\"og:type\" content=\"article\" \/>\n<meta property=\"og:title\" content=\"Le groupe mon\u00e9gasque : Volland de retour, Diatta absent - La Diagonale\" \/>\n<meta property=\"og:description\" content=\"Philippe Clement a convoqu\u00e9 un groupe de 22 joueurs pour la r\u00e9ception d&rsquo;Auxerre pour le compte de la 21e journ\u00e9e de Ligue 1. Le technicien belge r\u00e9cup\u00e8re Camara et Volland mais perd Kr\u00e9pin Diatta, qui ressent une g\u00eane \u00e0 un pied. Okou et Magassa ne sont pas dans le groupe, contrairement au dernier week-end, pas [...]\" \/>\n<meta property=\"og:url\" content=\"https:\/\/www.ladiagonale.net\/index.php\/2023\/01\/31\/le-groupe-monegasque-volland-de-retour-diatta-absent\/\" \/>\n<meta property=\"og:site_name\" content=\"La Diagonale\" \/>\n<meta property=\"article:published_time\" content=\"2023-01-31T18:41:40+00:00\" \/>\n<meta property=\"article:modified_time\" content=\"2023-02-01T01:28:48+00:00\" \/>\n<meta property=\"og:image\" content=\"https:\/\/www.ladiagonale.net\/wp-content\/uploads\/2022\/11\/volland.png\" \/>\n\t<meta property=\"og:image:width\" content=\"1160\" \/>\n\t<meta property=\"og:image:height\" content=\"650\" \/>\n\t<meta property=\"og:image:type\" content=\"image\/png\" \/>\n<meta name=\"author\" content=\"Damien Dellerba\" \/>\n<meta name=\"twitter:card\" content=\"summary_large_image\" \/>\n<meta name=\"twitter:image\" content=\"https:\/\/www.ladiagonale.net\/wp-content\/uploads\/2022\/11\/volland.png\" \/>\n<meta name=\"twitter:label1\" content=\"\u00c9crit par\" \/>\n\t<meta name=\"twitter:data1\" content=\"Damien Dellerba\" \/>\n\t<meta name=\"twitter:label2\" content=\"Dur\u00e9e de lecture estim\u00e9e\" \/>\n\t<meta name=\"twitter:data2\" content=\"1 minute\" \/>\n<script type=\"application\/ld+json\" class=\"yoast-schema-graph\">{\"@context\":\"https:\/\/schema.org\",\"@graph\":[{\"@type\":\"WebPage\",\"@id\":\"https:\/\/www.ladiagonale.net\/index.php\/2023\/01\/31\/le-groupe-monegasque-volland-de-retour-diatta-absent\/\",\"url\":\"https:\/\/www.ladiagonale.net\/index.php\/2023\/01\/31\/le-groupe-monegasque-volland-de-retour-diatta-absent\/\",\"name\":\"Le groupe mon\u00e9gasque : Volland de retour, Diatta absent - La Diagonale\",\"isPartOf\":{\"@id\":\"https:\/\/www.ladiagonale.net\/#website\"},\"datePublished\":\"2023-01-31T18:41:40+00:00\",\"dateModified\":\"2023-02-01T01:28:48+00:00\",\"author\":{\"@id\":\"https:\/\/www.ladiagonale.net\/#\/schema\/person\/79ff1e7b0853ed01b2aa26e64ad300bf\"},\"breadcrumb\":{\"@id\":\"https:\/\/www.ladiagonale.net\/index.php\/2023\/01\/31\/le-groupe-monegasque-volland-de-retour-diatta-absent\/#breadcrumb\"},\"inLanguage\":\"fr-FR\",\"potentialAction\":[{\"@type\":\"ReadAction\",\"target\":[\"https:\/\/www.ladiagonale.net\/index.php\/2023\/01\/31\/le-groupe-monegasque-volland-de-retour-diatta-absent\/\"]}]},{\"@type\":\"BreadcrumbList\",\"@id\":\"https:\/\/www.ladiagonale.net\/index.php\/2023\/01\/31\/le-groupe-monegasque-volland-de-retour-diatta-absent\/#breadcrumb\",\"itemListElement\":[{\"@type\":\"ListItem\",\"position\":1,\"name\":\"Accueil\",\"item\":\"https:\/\/www.ladiagonale.net\/\"},{\"@type\":\"ListItem\",\"position\":2,\"name\":\"Le groupe mon\u00e9gasque : Volland de retour, Diatta absent\"}]},{\"@type\":\"WebSite\",\"@id\":\"https:\/\/www.ladiagonale.net\/#website\",\"url\":\"https:\/\/www.ladiagonale.net\/\",\"name\":\"La Diagonale\",\"description\":\"Le site des supporters de l&#039;AS Monaco FC\",\"potentialAction\":[{\"@type\":\"SearchAction\",\"target\":{\"@type\":\"EntryPoint\",\"urlTemplate\":\"https:\/\/www.ladiagonale.net\/?s={search_term_string}\"},\"query-input\":\"required name=search_term_string\"}],\"inLanguage\":\"fr-FR\"},{\"@type\":\"Person\",\"@id\":\"https:\/\/www.ladiagonale.net\/#\/schema\/person\/79ff1e7b0853ed01b2aa26e64ad300bf\",\"name\":\"Damien Dellerba\",\"image\":{\"@type\":\"ImageObject\",\"inLanguage\":\"fr-FR\",\"@id\":\"https:\/\/www.ladiagonale.net\/#\/schema\/person\/image\/\",\"url\":\"https:\/\/secure.gravatar.com\/avatar\/c7850e06d3ff63cdbaee88b7fc16e2f0?s=96&d=mm&r=g\",\"contentUrl\":\"https:\/\/secure.gravatar.com\/avatar\/c7850e06d3ff63cdbaee88b7fc16e2f0?s=96&d=mm&r=g\",\"caption\":\"Damien Dellerba\"},\"url\":\"https:\/\/www.ladiagonale.net\/index.php\/author\/damien\/\"}]}<\/script>\n<!-- \/ Yoast SEO plugin. -->","yoast_head_json":{"title":"Le groupe mon\u00e9gasque : Volland de retour, Diatta absent - La Diagonale","robots":{"index":"index","follow":"follow","max-snippet":"max-snippet:-1","max-image-preview":"max-image-preview:large","max-video-preview":"max-video-preview:-1"},"canonical":"https:\/\/www.ladiagonale.net\/index.php\/2023\/01\/31\/le-groupe-monegasque-volland-de-retour-diatta-absent\/","og_locale":"fr_FR","og_type":"article","og_title":"Le groupe mon\u00e9gasque : Volland de retour, Diatta absent - La Diagonale","og_description":"Philippe Clement a convoqu\u00e9 un groupe de 22 joueurs pour la r\u00e9ception d&rsquo;Auxerre pour le compte de la 21e journ\u00e9e de Ligue 1. Le technicien belge r\u00e9cup\u00e8re Camara et Volland mais perd Kr\u00e9pin Diatta, qui ressent une g\u00eane \u00e0 un pied. Okou et Magassa ne sont pas dans le groupe, contrairement au dernier week-end, pas [...]","og_url":"https:\/\/www.ladiagonale.net\/index.php\/2023\/01\/31\/le-groupe-monegasque-volland-de-retour-diatta-absent\/","og_site_name":"La Diagonale","article_published_time":"2023-01-31T18:41:40+00:00","article_modified_time":"2023-02-01T01:28:48+00:00","og_image":[{"width":1160,"height":650,"url":"https:\/\/www.ladiagonale.net\/wp-content\/uploads\/2022\/11\/volland.png","type":"image\/png"}],"author":"Damien Dellerba","twitter_card":"summary_large_image","twitter_image":"https:\/\/www.ladiagonale.net\/wp-content\/uploads\/2022\/11\/volland.png","twitter_misc":{"\u00c9crit par":"Damien Dellerba","Dur\u00e9e de lecture estim\u00e9e":"1 minute"},"schema":{"@context":"https:\/\/schema.org","@graph":[{"@type":"WebPage","@id":"https:\/\/www.ladiagonale.net\/index.php\/2023\/01\/31\/le-groupe-monegasque-volland-de-retour-diatta-absent\/","url":"https:\/\/www.ladiagonale.net\/index.php\/2023\/01\/31\/le-groupe-monegasque-volland-de-retour-diatta-absent\/","name":"Le groupe mon\u00e9gasque : Volland de retour, Diatta absent - La Diagonale","isPartOf":{"@id":"https:\/\/www.ladiagonale.net\/#website"},"datePublished":"2023-01-31T18:41:40+00:00","dateModified":"2023-02-01T01:28:48+00:00","author":{"@id":"https:\/\/www.ladiagonale.net\/#\/schema\/person\/79ff1e7b0853ed01b2aa26e64ad300bf"},"breadcrumb":{"@id":"https:\/\/www.ladiagonale.net\/index.php\/2023\/01\/31\/le-groupe-monegasque-volland-de-retour-diatta-absent\/#breadcrumb"},"inLanguage":"fr-FR","potentialAction":[{"@type":"ReadAction","target":["https:\/\/www.ladiagonale.net\/index.php\/2023\/01\/31\/le-groupe-monegasque-volland-de-retour-diatta-absent\/"]}]},{"@type":"BreadcrumbList","@id":"https:\/\/www.ladiagonale.net\/index.php\/2023\/01\/31\/le-groupe-monegasque-volland-de-retour-diatta-absent\/#breadcrumb","itemListElement":[{"@type":"ListItem","position":1,"name":"Accueil","item":"https:\/\/www.ladiagonale.net\/"},{"@type":"ListItem","position":2,"name":"Le groupe mon\u00e9gasque : Volland de retour, Diatta absent"}]},{"@type":"WebSite","@id":"https:\/\/www.ladiagonale.net\/#website","url":"https:\/\/www.ladiagonale.net\/","name":"La Diagonale","description":"Le site des supporters de l&#039;AS Monaco FC","potentialAction":[{"@type":"SearchAction","target":{"@type":"EntryPoint","urlTemplate":"https:\/\/www.ladiagonale.net\/?s={search_term_string}"},"query-input":"required name=search_term_string"}],"inLanguage":"fr-FR"},{"@type":"Person","@id":"https:\/\/www.ladiagonale.net\/#\/schema\/person\/79ff1e7b0853ed01b2aa26e64ad300bf","name":"Damien Dellerba","image":{"@type":"ImageObject","inLanguage":"fr-FR","@id":"https:\/\/www.ladiagonale.net\/#\/schema\/person\/image\/","url":"https:\/\/secure.gravatar.com\/avatar\/c7850e06d3ff63cdbaee88b7fc16e2f0?s=96&d=mm&r=g","contentUrl":"https:\/\/secure.gravatar.com\/avatar\/c7850e06d3ff63cdbaee88b7fc16e2f0?s=96&d=mm&r=g","caption":"Damien Dellerba"},"url":"https:\/\/www.ladiagonale.net\/index.php\/author\/damien\/"}]}},"_links":{"self":[{"href":"https:\/\/www.ladiagonale.net\/index.php\/wp-json\/wp\/v2\/posts\/9111"}],"collection":[{"href":"https:\/\/www.ladiagonale.net\/index.php\/wp-json\/wp\/v2\/posts"}],"about":[{"href":"https:\/\/www.ladiagonale.net\/index.php\/wp-json\/wp\/v2\/types\/post"}],"author":[{"embeddable":true,"href":"https:\/\/www.ladiagonale.net\/index.php\/wp-json\/wp\/v2\/users\/2"}],"replies":[{"embeddable":true,"href":"https:\/\/www.ladiagonale.net\/index.php\/wp-json\/wp\/v2\/comments?post=9111"}],"version-history":[{"count":4,"href":"https:\/\/www.ladiagonale.net\/index.php\/wp-json\/wp\/v2\/posts\/9111\/revisions"}],"predecessor-version":[{"id":9140,"href":"https:\/\/www.ladiagonale.net\/index.php\/wp-json\/wp\/v2\/posts\/9111\/revisions\/9140"}],"wp:attachment":[{"href":"https:\/\/www.ladiagonale.net\/index.php\/wp-json\/wp\/v2\/media?parent=9111"}],"wp:term":[{"taxonomy":"category","embeddable":true,"href":"https:\/\/www.ladiagonale.net\/index.php\/wp-json\/wp\/v2\/categories?post=9111"},{"taxonomy":"post_tag","embeddable":true,"href":"https:\/\/www.ladiagonale.net\/index.php\/wp-json\/wp\/v2\/tags?post=9111"}],"curies":[{"name":"wp","href":"https:\/\/api.w.org\/{rel}","templated":true}]}}