{"id":9350,"date":"2023-02-07T11:42:18","date_gmt":"2023-02-07T10:42:18","guid":{"rendered":"https:\/\/www.ladiagonale.net\/?p=9350"},"modified":"2023-02-07T11:42:22","modified_gmt":"2023-02-07T10:42:22","slug":"monaco-et-kappa-reeditent-le-maillot-du-titre-de-lan-2000","status":"publish","type":"post","link":"https:\/\/www.ladiagonale.net\/index.php\/2023\/02\/07\/monaco-et-kappa-reeditent-le-maillot-du-titre-de-lan-2000\/","title":{"rendered":"Monaco et Kappa r\u00e9\u00e9ditent le maillot du titre de l&rsquo;an 2000"},"content":{"rendered":"\n\n\n<p>C&rsquo;\u00e9tait une sortie forc\u00e9ment tr\u00e8s attendue par les supporters mon\u00e9gasques. L&rsquo;AS Monaco et Kappa ont annonc\u00e9 ce mardi la r\u00e9\u00e9dition du maillot de champion de France de l&rsquo;an 2000. Un maillot port\u00e9 notamment par Marcelo Gallardo, Marco Simone ou encore David Trezeguet lors d&rsquo;une saison qui en aura fait r\u00eaver plus d&rsquo;un et qui aura permis \u00e0 l&rsquo;ASM de d\u00e9crocher son septi\u00e8me titre de champion dans l&rsquo;Hexagone. Il s&rsquo;agit toutefois d&rsquo;une r\u00e9\u00e9dition limit\u00e9e \u00e0 1000 exemplaires et pour l&rsquo;acqu\u00e9rir, il faudra d\u00e9bourser 100 euros.<\/p>\n\n\n\n<figure class=\"wp-block-embed aligncenter is-type-rich is-provider-twitter wp-block-embed-twitter\"><div class=\"wp-block-embed__wrapper\">\n<blockquote class=\"twitter-tweet\" data-width=\"550\" data-dnt=\"true\"><p lang=\"fr\" dir=\"ltr\">\ud835\udc7c\ud835\udc8f \ud835\udc8e\ud835\udc82\ud835\udc8a\ud835\udc8d\ud835\udc8d\ud835\udc90\ud835\udc95 \ud835\udc8a\ud835\udc84\ud835\udc90\ud835\udc8f\ud835\udc8a\ud835\udc92\ud835\udc96\ud835\udc86. \ud835\udc7c\ud835\udc8f\ud835\udc86 \ud835\udc94\ud835\udc82\ud835\udc8a\ud835\udc94\ud835\udc90\ud835\udc8f \ud835\udc89\ud835\udc8a\ud835\udc94\ud835\udc95\ud835\udc90\ud835\udc93\ud835\udc8a\ud835\udc92\ud835\udc96\ud835\udc86 \u2728<br><br>D\u00e9couvrez la \ud835\udc5f\ud835\udc52\u0301\ud835\udc52\u0301\ud835\udc51\ud835\udc56\ud835\udc61\ud835\udc56\ud835\udc5c\ud835\udc5b \ud835\udc50\ud835\udc5c\ud835\udc59\ud835\udc59\ud835\udc52\ud835\udc50\ud835\udc61\ud835\udc5c\ud835\udc5f <a href=\"https:\/\/twitter.com\/KappaFrance?ref_src=twsrc%5Etfw\">@KappaFrance<\/a> du maillot de la saison 1999\/2000, saison du 7e sacre de nos Rouge et Blanc \ud83c\udfc6<br><br>Disponible sur notre boutique en ligne \u2935\ufe0f<\/p>&mdash; AS Monaco \ud83c\uddf2\ud83c\udde8 (@AS_Monaco) <a href=\"https:\/\/twitter.com\/AS_Monaco\/status\/1622883679763677186?ref_src=twsrc%5Etfw\">February 7, 2023<\/a><\/blockquote><script async src=\"https:\/\/platform.twitter.com\/widgets.js\" charset=\"utf-8\"><\/script>\n<\/div><\/figure>\n\n\n\n<p>C&rsquo;est le quatri\u00e8me maillot collector que l&rsquo;AS Monaco r\u00e9\u00e9dite depuis 2019, mais c&rsquo;est la premi\u00e8re fois que celui-ci est directement con\u00e7u par le m\u00eame \u00e9quipementier, en l&rsquo;occurrence Kappa. Pour la r\u00e9\u00e9dition du maillot RMC des saisons 1977 \u00e0 1982 et pour ceux des titres 1988 et 1997, le club de la Principaut\u00e9 s&rsquo;\u00e9tait associ\u00e9 \u00e0 la marque Copa.<\/p>\n\n\n\n<p>Cette fois, ce sont les d\u00e9tenteurs de \u00ab\u00a0Fan token ASM\u00a0\u00bb qui ont pu voter et choisir quel maillot collector ils souhaitaient voir r\u00e9\u00e9diter cette saison. Trois choix s&rsquo;offraient \u00e0 eux : le maillot domicile 1998-1999, le maillot domicile 1999-2000 et le troisi\u00e8me maillot 1999-2000. C&rsquo;est la tunique domicile 1999-2000 qui a finalement \u00e9t\u00e9 pl\u00e9biscit\u00e9e. <\/p>\n","protected":false},"excerpt":{"rendered":"<p>C&rsquo;\u00e9tait une sortie forc\u00e9ment tr\u00e8s attendue par les supporters mon\u00e9gasques. L&rsquo;AS Monaco et Kappa ont annonc\u00e9 ce mardi la r\u00e9\u00e9dition du maillot de champion de France de l&rsquo;an 2000. Un maillot port\u00e9 notamment par Marcelo Gallardo, Marco Simone ou encore David Trezeguet lors d&rsquo;une saison qui en aura fait r\u00eaver plus d&rsquo;un et qui aura [&#8230;]\n","protected":false},"author":2,"featured_media":0,"comment_status":"open","ping_status":"open","sticky":false,"template":"","format":"standard","meta":[],"categories":[6],"tags":[86,258,260],"yoast_head":"<!-- This site is optimized with the Yoast SEO plugin v19.8 - https:\/\/yoast.com\/wordpress\/plugins\/seo\/ -->\n<title>Monaco et Kappa r\u00e9\u00e9ditent le maillot du titre de l&#039;an 2000 - La Diagonale<\/title>\n<meta name=\"robots\" content=\"index, follow, max-snippet:-1, max-image-preview:large, max-video-preview:-1\" \/>\n<link rel=\"canonical\" href=\"https:\/\/www.ladiagonale.net\/index.php\/2023\/02\/07\/monaco-et-kappa-reeditent-le-maillot-du-titre-de-lan-2000\/\" \/>\n<meta property=\"og:locale\" content=\"fr_FR\" \/>\n<meta property=\"og:type\" content=\"article\" \/>\n<meta property=\"og:title\" content=\"Monaco et Kappa r\u00e9\u00e9ditent le maillot du titre de l&#039;an 2000 - La Diagonale\" \/>\n<meta property=\"og:description\" content=\"C&rsquo;\u00e9tait une sortie forc\u00e9ment tr\u00e8s attendue par les supporters mon\u00e9gasques. L&rsquo;AS Monaco et Kappa ont annonc\u00e9 ce mardi la r\u00e9\u00e9dition du maillot de champion de France de l&rsquo;an 2000. Un maillot port\u00e9 notamment par Marcelo Gallardo, Marco Simone ou encore David Trezeguet lors d&rsquo;une saison qui en aura fait r\u00eaver plus d&rsquo;un et qui aura [...]\" \/>\n<meta property=\"og:url\" content=\"https:\/\/www.ladiagonale.net\/index.php\/2023\/02\/07\/monaco-et-kappa-reeditent-le-maillot-du-titre-de-lan-2000\/\" \/>\n<meta property=\"og:site_name\" content=\"La Diagonale\" \/>\n<meta property=\"article:published_time\" content=\"2023-02-07T10:42:18+00:00\" \/>\n<meta property=\"article:modified_time\" content=\"2023-02-07T10:42:22+00:00\" \/>\n<meta property=\"og:image\" content=\"https:\/\/www.ladiagonale.net\/wp-content\/uploads\/2023\/02\/gallardo.png\" \/>\n\t<meta property=\"og:image:width\" content=\"1160\" \/>\n\t<meta property=\"og:image:height\" content=\"650\" \/>\n\t<meta property=\"og:image:type\" content=\"image\/png\" \/>\n<meta name=\"author\" content=\"Damien Dellerba\" \/>\n<meta name=\"twitter:card\" content=\"summary_large_image\" \/>\n<meta name=\"twitter:image\" content=\"https:\/\/www.ladiagonale.net\/wp-content\/uploads\/2023\/02\/gallardo.png\" \/>\n<meta name=\"twitter:label1\" content=\"\u00c9crit par\" \/>\n\t<meta name=\"twitter:data1\" content=\"Damien Dellerba\" \/>\n\t<meta name=\"twitter:label2\" content=\"Dur\u00e9e de lecture estim\u00e9e\" \/>\n\t<meta name=\"twitter:data2\" content=\"2 minutes\" \/>\n<script type=\"application\/ld+json\" class=\"yoast-schema-graph\">{\"@context\":\"https:\/\/schema.org\",\"@graph\":[{\"@type\":\"WebPage\",\"@id\":\"https:\/\/www.ladiagonale.net\/index.php\/2023\/02\/07\/monaco-et-kappa-reeditent-le-maillot-du-titre-de-lan-2000\/\",\"url\":\"https:\/\/www.ladiagonale.net\/index.php\/2023\/02\/07\/monaco-et-kappa-reeditent-le-maillot-du-titre-de-lan-2000\/\",\"name\":\"Monaco et Kappa r\u00e9\u00e9ditent le maillot du titre de l'an 2000 - La Diagonale\",\"isPartOf\":{\"@id\":\"https:\/\/www.ladiagonale.net\/#website\"},\"datePublished\":\"2023-02-07T10:42:18+00:00\",\"dateModified\":\"2023-02-07T10:42:22+00:00\",\"author\":{\"@id\":\"https:\/\/www.ladiagonale.net\/#\/schema\/person\/79ff1e7b0853ed01b2aa26e64ad300bf\"},\"breadcrumb\":{\"@id\":\"https:\/\/www.ladiagonale.net\/index.php\/2023\/02\/07\/monaco-et-kappa-reeditent-le-maillot-du-titre-de-lan-2000\/#breadcrumb\"},\"inLanguage\":\"fr-FR\",\"potentialAction\":[{\"@type\":\"ReadAction\",\"target\":[\"https:\/\/www.ladiagonale.net\/index.php\/2023\/02\/07\/monaco-et-kappa-reeditent-le-maillot-du-titre-de-lan-2000\/\"]}]},{\"@type\":\"BreadcrumbList\",\"@id\":\"https:\/\/www.ladiagonale.net\/index.php\/2023\/02\/07\/monaco-et-kappa-reeditent-le-maillot-du-titre-de-lan-2000\/#breadcrumb\",\"itemListElement\":[{\"@type\":\"ListItem\",\"position\":1,\"name\":\"Accueil\",\"item\":\"https:\/\/www.ladiagonale.net\/\"},{\"@type\":\"ListItem\",\"position\":2,\"name\":\"Monaco et Kappa r\u00e9\u00e9ditent le maillot du titre de l&rsquo;an 2000\"}]},{\"@type\":\"WebSite\",\"@id\":\"https:\/\/www.ladiagonale.net\/#website\",\"url\":\"https:\/\/www.ladiagonale.net\/\",\"name\":\"La Diagonale\",\"description\":\"Le site des supporters de l&#039;AS Monaco FC\",\"potentialAction\":[{\"@type\":\"SearchAction\",\"target\":{\"@type\":\"EntryPoint\",\"urlTemplate\":\"https:\/\/www.ladiagonale.net\/?s={search_term_string}\"},\"query-input\":\"required name=search_term_string\"}],\"inLanguage\":\"fr-FR\"},{\"@type\":\"Person\",\"@id\":\"https:\/\/www.ladiagonale.net\/#\/schema\/person\/79ff1e7b0853ed01b2aa26e64ad300bf\",\"name\":\"Damien Dellerba\",\"image\":{\"@type\":\"ImageObject\",\"inLanguage\":\"fr-FR\",\"@id\":\"https:\/\/www.ladiagonale.net\/#\/schema\/person\/image\/\",\"url\":\"https:\/\/secure.gravatar.com\/avatar\/c7850e06d3ff63cdbaee88b7fc16e2f0?s=96&d=mm&r=g\",\"contentUrl\":\"https:\/\/secure.gravatar.com\/avatar\/c7850e06d3ff63cdbaee88b7fc16e2f0?s=96&d=mm&r=g\",\"caption\":\"Damien Dellerba\"},\"url\":\"https:\/\/www.ladiagonale.net\/index.php\/author\/damien\/\"}]}<\/script>\n<!-- \/ Yoast SEO plugin. -->","yoast_head_json":{"title":"Monaco et Kappa r\u00e9\u00e9ditent le maillot du titre de l'an 2000 - La Diagonale","robots":{"index":"index","follow":"follow","max-snippet":"max-snippet:-1","max-image-preview":"max-image-preview:large","max-video-preview":"max-video-preview:-1"},"canonical":"https:\/\/www.ladiagonale.net\/index.php\/2023\/02\/07\/monaco-et-kappa-reeditent-le-maillot-du-titre-de-lan-2000\/","og_locale":"fr_FR","og_type":"article","og_title":"Monaco et Kappa r\u00e9\u00e9ditent le maillot du titre de l'an 2000 - La Diagonale","og_description":"C&rsquo;\u00e9tait une sortie forc\u00e9ment tr\u00e8s attendue par les supporters mon\u00e9gasques. L&rsquo;AS Monaco et Kappa ont annonc\u00e9 ce mardi la r\u00e9\u00e9dition du maillot de champion de France de l&rsquo;an 2000. Un maillot port\u00e9 notamment par Marcelo Gallardo, Marco Simone ou encore David Trezeguet lors d&rsquo;une saison qui en aura fait r\u00eaver plus d&rsquo;un et qui aura [...]","og_url":"https:\/\/www.ladiagonale.net\/index.php\/2023\/02\/07\/monaco-et-kappa-reeditent-le-maillot-du-titre-de-lan-2000\/","og_site_name":"La Diagonale","article_published_time":"2023-02-07T10:42:18+00:00","article_modified_time":"2023-02-07T10:42:22+00:00","og_image":[{"width":1160,"height":650,"url":"https:\/\/www.ladiagonale.net\/wp-content\/uploads\/2023\/02\/gallardo.png","type":"image\/png"}],"author":"Damien Dellerba","twitter_card":"summary_large_image","twitter_image":"https:\/\/www.ladiagonale.net\/wp-content\/uploads\/2023\/02\/gallardo.png","twitter_misc":{"\u00c9crit par":"Damien Dellerba","Dur\u00e9e de lecture estim\u00e9e":"2 minutes"},"schema":{"@context":"https:\/\/schema.org","@graph":[{"@type":"WebPage","@id":"https:\/\/www.ladiagonale.net\/index.php\/2023\/02\/07\/monaco-et-kappa-reeditent-le-maillot-du-titre-de-lan-2000\/","url":"https:\/\/www.ladiagonale.net\/index.php\/2023\/02\/07\/monaco-et-kappa-reeditent-le-maillot-du-titre-de-lan-2000\/","name":"Monaco et Kappa r\u00e9\u00e9ditent le maillot du titre de l'an 2000 - La Diagonale","isPartOf":{"@id":"https:\/\/www.ladiagonale.net\/#website"},"datePublished":"2023-02-07T10:42:18+00:00","dateModified":"2023-02-07T10:42:22+00:00","author":{"@id":"https:\/\/www.ladiagonale.net\/#\/schema\/person\/79ff1e7b0853ed01b2aa26e64ad300bf"},"breadcrumb":{"@id":"https:\/\/www.ladiagonale.net\/index.php\/2023\/02\/07\/monaco-et-kappa-reeditent-le-maillot-du-titre-de-lan-2000\/#breadcrumb"},"inLanguage":"fr-FR","potentialAction":[{"@type":"ReadAction","target":["https:\/\/www.ladiagonale.net\/index.php\/2023\/02\/07\/monaco-et-kappa-reeditent-le-maillot-du-titre-de-lan-2000\/"]}]},{"@type":"BreadcrumbList","@id":"https:\/\/www.ladiagonale.net\/index.php\/2023\/02\/07\/monaco-et-kappa-reeditent-le-maillot-du-titre-de-lan-2000\/#breadcrumb","itemListElement":[{"@type":"ListItem","position":1,"name":"Accueil","item":"https:\/\/www.ladiagonale.net\/"},{"@type":"ListItem","position":2,"name":"Monaco et Kappa r\u00e9\u00e9ditent le maillot du titre de l&rsquo;an 2000"}]},{"@type":"WebSite","@id":"https:\/\/www.ladiagonale.net\/#website","url":"https:\/\/www.ladiagonale.net\/","name":"La Diagonale","description":"Le site des supporters de l&#039;AS Monaco FC","potentialAction":[{"@type":"SearchAction","target":{"@type":"EntryPoint","urlTemplate":"https:\/\/www.ladiagonale.net\/?s={search_term_string}"},"query-input":"required name=search_term_string"}],"inLanguage":"fr-FR"},{"@type":"Person","@id":"https:\/\/www.ladiagonale.net\/#\/schema\/person\/79ff1e7b0853ed01b2aa26e64ad300bf","name":"Damien Dellerba","image":{"@type":"ImageObject","inLanguage":"fr-FR","@id":"https:\/\/www.ladiagonale.net\/#\/schema\/person\/image\/","url":"https:\/\/secure.gravatar.com\/avatar\/c7850e06d3ff63cdbaee88b7fc16e2f0?s=96&d=mm&r=g","contentUrl":"https:\/\/secure.gravatar.com\/avatar\/c7850e06d3ff63cdbaee88b7fc16e2f0?s=96&d=mm&r=g","caption":"Damien Dellerba"},"url":"https:\/\/www.ladiagonale.net\/index.php\/author\/damien\/"}]}},"_links":{"self":[{"href":"https:\/\/www.ladiagonale.net\/index.php\/wp-json\/wp\/v2\/posts\/9350"}],"collection":[{"href":"https:\/\/www.ladiagonale.net\/index.php\/wp-json\/wp\/v2\/posts"}],"about":[{"href":"https:\/\/www.ladiagonale.net\/index.php\/wp-json\/wp\/v2\/types\/post"}],"author":[{"embeddable":true,"href":"https:\/\/www.ladiagonale.net\/index.php\/wp-json\/wp\/v2\/users\/2"}],"replies":[{"embeddable":true,"href":"https:\/\/www.ladiagonale.net\/index.php\/wp-json\/wp\/v2\/comments?post=9350"}],"version-history":[{"count":2,"href":"https:\/\/www.ladiagonale.net\/index.php\/wp-json\/wp\/v2\/posts\/9350\/revisions"}],"predecessor-version":[{"id":9353,"href":"https:\/\/www.ladiagonale.net\/index.php\/wp-json\/wp\/v2\/posts\/9350\/revisions\/9353"}],"wp:attachment":[{"href":"https:\/\/www.ladiagonale.net\/index.php\/wp-json\/wp\/v2\/media?parent=9350"}],"wp:term":[{"taxonomy":"category","embeddable":true,"href":"https:\/\/www.ladiagonale.net\/index.php\/wp-json\/wp\/v2\/categories?post=9350"},{"taxonomy":"post_tag","embeddable":true,"href":"https:\/\/www.ladiagonale.net\/index.php\/wp-json\/wp\/v2\/tags?post=9350"}],"curies":[{"name":"wp","href":"https:\/\/api.w.org\/{rel}","templated":true}]}}