{"id":9382,"date":"2023-02-08T17:18:58","date_gmt":"2023-02-08T16:18:58","guid":{"rendered":"https:\/\/www.ladiagonale.net\/?p=9382"},"modified":"2023-02-08T17:28:25","modified_gmt":"2023-02-08T16:28:25","slug":"affluences-monaco-ferme-la-marche-a-domicile","status":"publish","type":"post","link":"https:\/\/www.ladiagonale.net\/index.php\/2023\/02\/08\/affluences-monaco-ferme-la-marche-a-domicile\/","title":{"rendered":"Affluences : Monaco ferme la marche \u00e0 domicile"},"content":{"rendered":"\n\n\n<p>La Ligue de football professionnel a publi\u00e9 les donn\u00e9es relatives aux affluences des stades de Ligue 1 \u00e0 mi-saison. Sans grande surprise, l&rsquo;AS Monaco a l&rsquo;affluence la plus faible du championnat, avec 6 865 sectateurs en moyenne depuis le d\u00e9but de la saison. Le taux de remplissage est aussi le plus bas, avec 42%, ce qui place le stade Louis-II derri\u00e8re le stade de l&rsquo;Aube de Troyes (47%) et le stade la Mosson de Montpellier (58%). <\/p>\n\n\n\n<p>L\u00e9ger motif de satisfaction toutefois puisque les chiffres sont en hausses <a href=\"https:\/\/www.ladiagonale.net\/index.php\/2022\/07\/04\/une-affluence-en-berne\/\">par rapport \u00e0 la saison derni\u00e8re<\/a>, o\u00f9 une moyenne de 5 781 spectateurs avait \u00e9t\u00e9 relev\u00e9e par la LFP, mais avec un taux de remplissage plus faible (47% lors de la saison 2021-2022). Une m\u00e9thode de comptage qui devait tenir compte des jauges anti-Covid et qui explique cette diff\u00e9rence.<\/p>\n\n\n\n<p>Cette saison, l&rsquo;ASM a mis en place de nombreuses op\u00e9rations pour attirer les supporters au stade, comme lors de la <em>Celebration week<\/em> et la rencontre contre Brest lors du jour de Nouvel an en rendant l&rsquo;entr\u00e9e gratuite \u00e0 tous, ou en faisant une entr\u00e9e \u00e0 un euro pour les femmes et la gratuit\u00e9 au moins de 16 ans \u00e0 plusieurs reprises.<\/p>\n\n\n<div class=\"wp-block-image\">\n<figure class=\"aligncenter size-full is-resized\"><img loading=\"lazy\" src=\"https:\/\/www.ladiagonale.net\/wp-content\/uploads\/2023\/02\/v2-Tableau_Affluences_Mi-Saison_L1.png\" alt=\"\" class=\"wp-image-9384\" width=\"650\" height=\"366\"\/><figcaption>Donn\u00e9es : LFP<\/figcaption><\/figure><\/div>\n\n\n<h4 class=\"has-vivid-red-color has-text-color\" style=\"font-style:normal;font-weight:400;text-transform:uppercase\">Monaco bien pr\u00e9sent \u00e0 l&rsquo;ext\u00e9rieur<\/h4>\n\n\n\n<p>L\u00e0 o\u00f9 la popularit\u00e9 de l&rsquo;AS Monaco dans l&rsquo;Hexagone se constate, c&rsquo;est lorsque l&rsquo;\u00e9quipe de la Principaut\u00e9 voyage. Le remplissage des parcages visiteurs dans les stades fran\u00e7ais y est constant et l&rsquo;engouement autour de l&rsquo;ASM ne se d\u00e9ment pas. Les supporters as\u00e9mistes se sont d\u00e9plac\u00e9s en masse lors de ces 11 matchs jou\u00e9s \u00e0 l&rsquo;ext\u00e9rieur, avec 4 577 visiteurs en cumul\u00e9 et un nombre de 509 supporters en moyenne. Cela en fait le cinqui\u00e8me club le plus repr\u00e9sent\u00e9 \u00e0 l&rsquo;ext\u00e9rieur, derri\u00e8re Auxerre mais devant Lyon, Strasbourg, Rennes ou encore Nantes.<\/p>\n\n\n<div class=\"wp-block-image\">\n<figure class=\"aligncenter size-full is-resized\"><img loading=\"lazy\" src=\"https:\/\/www.ladiagonale.net\/wp-content\/uploads\/2023\/02\/AFFLUENCES-VISTEURS-TABLEAU-L1-22-23.png\" alt=\"\" class=\"wp-image-9383\" width=\"650\" height=\"366\"\/><figcaption>Donn\u00e9es : LFP<\/figcaption><\/figure><\/div>\n\n\n<p>Ce n&rsquo;est d&rsquo;ailleurs peut-\u00eatre pas anodin dans les belles performances r\u00e9alis\u00e9es par les Rouge et Blanc loin de leurs bases. Apr\u00e8s 22 journ\u00e9e de championnat, Monaco est la deuxi\u00e8me meilleure \u00e9quipe \u00e0 l&rsquo;ext\u00e9rieur cette saison, avec 24 points pris sur 33 possibles, seulement un point derri\u00e8re le PSG. \u00c0 domicile, Monaco est plus \u00e0 la peine avec 20 points pris sur 33 possible, ce qui n&rsquo;en fait que la sixi\u00e8me \u00e9quipe la plus performante dans son stade.<\/p>\n\n\n\n<p>La forte mobilisation des supporters, via notamment ses groupes ind\u00e9pendants et les diff\u00e9rentes antennes du CSM, contribue \u00e0 faire grimper l&rsquo;ASM de quelques places au championnat des tribunes o\u00f9 elle occupe la 16<sup>e<\/sup> position. Si le club de la Principaut\u00e9 d\u00e9tient le plus faible nombre de points concernant l&rsquo;ambiance dans le stade (44), les 17 points de fid\u00e9lit\u00e9 \u00e0 l&rsquo;ext\u00e9rieur et les 48 points de l&rsquo;animation club et supporters lui permettent de se d\u00e9tacher des \u00e9quipes plac\u00e9es derri\u00e8re. <\/p>\n\n\n<div class=\"wp-block-image\">\n<figure class=\"aligncenter size-full is-resized\"><img loading=\"lazy\" src=\"https:\/\/www.ladiagonale.net\/wp-content\/uploads\/2023\/02\/CLASSEMENT-CDT-L1.png\" alt=\"\" class=\"wp-image-9388\" width=\"466\" height=\"494\"\/><figcaption>Donn\u00e9es : LFP<\/figcaption><\/figure><\/div>","protected":false},"excerpt":{"rendered":"<p>La Ligue de football professionnel a publi\u00e9 les donn\u00e9es relatives aux affluences des stades de Ligue 1 \u00e0 mi-saison. Sans grande surprise, l&rsquo;AS Monaco a l&rsquo;affluence la plus faible du championnat, avec 6 865 sectateurs en moyenne depuis le d\u00e9but de la saison. Le taux de remplissage est aussi le plus bas, avec 42%, ce [&#8230;]\n","protected":false},"author":2,"featured_media":0,"comment_status":"open","ping_status":"open","sticky":false,"template":"","format":"standard","meta":[],"categories":[6],"tags":[403,86,94,304],"yoast_head":"<!-- This site is optimized with the Yoast SEO plugin v19.8 - https:\/\/yoast.com\/wordpress\/plugins\/seo\/ -->\n<title>Affluences : Monaco ferme la marche \u00e0 domicile - La Diagonale<\/title>\n<meta name=\"robots\" content=\"index, follow, max-snippet:-1, max-image-preview:large, max-video-preview:-1\" \/>\n<link rel=\"canonical\" href=\"https:\/\/www.ladiagonale.net\/index.php\/2023\/02\/08\/affluences-monaco-ferme-la-marche-a-domicile\/\" \/>\n<meta property=\"og:locale\" content=\"fr_FR\" \/>\n<meta property=\"og:type\" content=\"article\" \/>\n<meta property=\"og:title\" content=\"Affluences : Monaco ferme la marche \u00e0 domicile - La Diagonale\" \/>\n<meta property=\"og:description\" content=\"La Ligue de football professionnel a publi\u00e9 les donn\u00e9es relatives aux affluences des stades de Ligue 1 \u00e0 mi-saison. Sans grande surprise, l&rsquo;AS Monaco a l&rsquo;affluence la plus faible du championnat, avec 6 865 sectateurs en moyenne depuis le d\u00e9but de la saison. Le taux de remplissage est aussi le plus bas, avec 42%, ce [...]\" \/>\n<meta property=\"og:url\" content=\"https:\/\/www.ladiagonale.net\/index.php\/2023\/02\/08\/affluences-monaco-ferme-la-marche-a-domicile\/\" \/>\n<meta property=\"og:site_name\" content=\"La Diagonale\" \/>\n<meta property=\"article:published_time\" content=\"2023-02-08T16:18:58+00:00\" \/>\n<meta property=\"article:modified_time\" content=\"2023-02-08T16:28:25+00:00\" \/>\n<meta property=\"og:image\" content=\"https:\/\/www.ladiagonale.net\/wp-content\/uploads\/2022\/10\/ligue1.png\" \/>\n\t<meta property=\"og:image:width\" content=\"1160\" \/>\n\t<meta property=\"og:image:height\" content=\"650\" \/>\n\t<meta property=\"og:image:type\" content=\"image\/png\" \/>\n<meta name=\"author\" content=\"Damien Dellerba\" \/>\n<meta name=\"twitter:card\" content=\"summary_large_image\" \/>\n<meta name=\"twitter:image\" content=\"https:\/\/www.ladiagonale.net\/wp-content\/uploads\/2022\/10\/ligue1.png\" \/>\n<meta name=\"twitter:label1\" content=\"\u00c9crit par\" \/>\n\t<meta name=\"twitter:data1\" content=\"Damien Dellerba\" \/>\n\t<meta name=\"twitter:label2\" content=\"Dur\u00e9e de lecture estim\u00e9e\" \/>\n\t<meta name=\"twitter:data2\" content=\"3 minutes\" \/>\n<script type=\"application\/ld+json\" class=\"yoast-schema-graph\">{\"@context\":\"https:\/\/schema.org\",\"@graph\":[{\"@type\":\"WebPage\",\"@id\":\"https:\/\/www.ladiagonale.net\/index.php\/2023\/02\/08\/affluences-monaco-ferme-la-marche-a-domicile\/\",\"url\":\"https:\/\/www.ladiagonale.net\/index.php\/2023\/02\/08\/affluences-monaco-ferme-la-marche-a-domicile\/\",\"name\":\"Affluences : Monaco ferme la marche \u00e0 domicile - La Diagonale\",\"isPartOf\":{\"@id\":\"https:\/\/www.ladiagonale.net\/#website\"},\"datePublished\":\"2023-02-08T16:18:58+00:00\",\"dateModified\":\"2023-02-08T16:28:25+00:00\",\"author\":{\"@id\":\"https:\/\/www.ladiagonale.net\/#\/schema\/person\/79ff1e7b0853ed01b2aa26e64ad300bf\"},\"breadcrumb\":{\"@id\":\"https:\/\/www.ladiagonale.net\/index.php\/2023\/02\/08\/affluences-monaco-ferme-la-marche-a-domicile\/#breadcrumb\"},\"inLanguage\":\"fr-FR\",\"potentialAction\":[{\"@type\":\"ReadAction\",\"target\":[\"https:\/\/www.ladiagonale.net\/index.php\/2023\/02\/08\/affluences-monaco-ferme-la-marche-a-domicile\/\"]}]},{\"@type\":\"BreadcrumbList\",\"@id\":\"https:\/\/www.ladiagonale.net\/index.php\/2023\/02\/08\/affluences-monaco-ferme-la-marche-a-domicile\/#breadcrumb\",\"itemListElement\":[{\"@type\":\"ListItem\",\"position\":1,\"name\":\"Accueil\",\"item\":\"https:\/\/www.ladiagonale.net\/\"},{\"@type\":\"ListItem\",\"position\":2,\"name\":\"Affluences : Monaco ferme la marche \u00e0 domicile\"}]},{\"@type\":\"WebSite\",\"@id\":\"https:\/\/www.ladiagonale.net\/#website\",\"url\":\"https:\/\/www.ladiagonale.net\/\",\"name\":\"La Diagonale\",\"description\":\"Le site des supporters de l&#039;AS Monaco FC\",\"potentialAction\":[{\"@type\":\"SearchAction\",\"target\":{\"@type\":\"EntryPoint\",\"urlTemplate\":\"https:\/\/www.ladiagonale.net\/?s={search_term_string}\"},\"query-input\":\"required name=search_term_string\"}],\"inLanguage\":\"fr-FR\"},{\"@type\":\"Person\",\"@id\":\"https:\/\/www.ladiagonale.net\/#\/schema\/person\/79ff1e7b0853ed01b2aa26e64ad300bf\",\"name\":\"Damien Dellerba\",\"image\":{\"@type\":\"ImageObject\",\"inLanguage\":\"fr-FR\",\"@id\":\"https:\/\/www.ladiagonale.net\/#\/schema\/person\/image\/\",\"url\":\"https:\/\/secure.gravatar.com\/avatar\/c7850e06d3ff63cdbaee88b7fc16e2f0?s=96&d=mm&r=g\",\"contentUrl\":\"https:\/\/secure.gravatar.com\/avatar\/c7850e06d3ff63cdbaee88b7fc16e2f0?s=96&d=mm&r=g\",\"caption\":\"Damien Dellerba\"},\"url\":\"https:\/\/www.ladiagonale.net\/index.php\/author\/damien\/\"}]}<\/script>\n<!-- \/ Yoast SEO plugin. -->","yoast_head_json":{"title":"Affluences : Monaco ferme la marche \u00e0 domicile - La Diagonale","robots":{"index":"index","follow":"follow","max-snippet":"max-snippet:-1","max-image-preview":"max-image-preview:large","max-video-preview":"max-video-preview:-1"},"canonical":"https:\/\/www.ladiagonale.net\/index.php\/2023\/02\/08\/affluences-monaco-ferme-la-marche-a-domicile\/","og_locale":"fr_FR","og_type":"article","og_title":"Affluences : Monaco ferme la marche \u00e0 domicile - La Diagonale","og_description":"La Ligue de football professionnel a publi\u00e9 les donn\u00e9es relatives aux affluences des stades de Ligue 1 \u00e0 mi-saison. Sans grande surprise, l&rsquo;AS Monaco a l&rsquo;affluence la plus faible du championnat, avec 6 865 sectateurs en moyenne depuis le d\u00e9but de la saison. Le taux de remplissage est aussi le plus bas, avec 42%, ce [...]","og_url":"https:\/\/www.ladiagonale.net\/index.php\/2023\/02\/08\/affluences-monaco-ferme-la-marche-a-domicile\/","og_site_name":"La Diagonale","article_published_time":"2023-02-08T16:18:58+00:00","article_modified_time":"2023-02-08T16:28:25+00:00","og_image":[{"width":1160,"height":650,"url":"https:\/\/www.ladiagonale.net\/wp-content\/uploads\/2022\/10\/ligue1.png","type":"image\/png"}],"author":"Damien Dellerba","twitter_card":"summary_large_image","twitter_image":"https:\/\/www.ladiagonale.net\/wp-content\/uploads\/2022\/10\/ligue1.png","twitter_misc":{"\u00c9crit par":"Damien Dellerba","Dur\u00e9e de lecture estim\u00e9e":"3 minutes"},"schema":{"@context":"https:\/\/schema.org","@graph":[{"@type":"WebPage","@id":"https:\/\/www.ladiagonale.net\/index.php\/2023\/02\/08\/affluences-monaco-ferme-la-marche-a-domicile\/","url":"https:\/\/www.ladiagonale.net\/index.php\/2023\/02\/08\/affluences-monaco-ferme-la-marche-a-domicile\/","name":"Affluences : Monaco ferme la marche \u00e0 domicile - La Diagonale","isPartOf":{"@id":"https:\/\/www.ladiagonale.net\/#website"},"datePublished":"2023-02-08T16:18:58+00:00","dateModified":"2023-02-08T16:28:25+00:00","author":{"@id":"https:\/\/www.ladiagonale.net\/#\/schema\/person\/79ff1e7b0853ed01b2aa26e64ad300bf"},"breadcrumb":{"@id":"https:\/\/www.ladiagonale.net\/index.php\/2023\/02\/08\/affluences-monaco-ferme-la-marche-a-domicile\/#breadcrumb"},"inLanguage":"fr-FR","potentialAction":[{"@type":"ReadAction","target":["https:\/\/www.ladiagonale.net\/index.php\/2023\/02\/08\/affluences-monaco-ferme-la-marche-a-domicile\/"]}]},{"@type":"BreadcrumbList","@id":"https:\/\/www.ladiagonale.net\/index.php\/2023\/02\/08\/affluences-monaco-ferme-la-marche-a-domicile\/#breadcrumb","itemListElement":[{"@type":"ListItem","position":1,"name":"Accueil","item":"https:\/\/www.ladiagonale.net\/"},{"@type":"ListItem","position":2,"name":"Affluences : Monaco ferme la marche \u00e0 domicile"}]},{"@type":"WebSite","@id":"https:\/\/www.ladiagonale.net\/#website","url":"https:\/\/www.ladiagonale.net\/","name":"La Diagonale","description":"Le site des supporters de l&#039;AS Monaco FC","potentialAction":[{"@type":"SearchAction","target":{"@type":"EntryPoint","urlTemplate":"https:\/\/www.ladiagonale.net\/?s={search_term_string}"},"query-input":"required name=search_term_string"}],"inLanguage":"fr-FR"},{"@type":"Person","@id":"https:\/\/www.ladiagonale.net\/#\/schema\/person\/79ff1e7b0853ed01b2aa26e64ad300bf","name":"Damien Dellerba","image":{"@type":"ImageObject","inLanguage":"fr-FR","@id":"https:\/\/www.ladiagonale.net\/#\/schema\/person\/image\/","url":"https:\/\/secure.gravatar.com\/avatar\/c7850e06d3ff63cdbaee88b7fc16e2f0?s=96&d=mm&r=g","contentUrl":"https:\/\/secure.gravatar.com\/avatar\/c7850e06d3ff63cdbaee88b7fc16e2f0?s=96&d=mm&r=g","caption":"Damien Dellerba"},"url":"https:\/\/www.ladiagonale.net\/index.php\/author\/damien\/"}]}},"_links":{"self":[{"href":"https:\/\/www.ladiagonale.net\/index.php\/wp-json\/wp\/v2\/posts\/9382"}],"collection":[{"href":"https:\/\/www.ladiagonale.net\/index.php\/wp-json\/wp\/v2\/posts"}],"about":[{"href":"https:\/\/www.ladiagonale.net\/index.php\/wp-json\/wp\/v2\/types\/post"}],"author":[{"embeddable":true,"href":"https:\/\/www.ladiagonale.net\/index.php\/wp-json\/wp\/v2\/users\/2"}],"replies":[{"embeddable":true,"href":"https:\/\/www.ladiagonale.net\/index.php\/wp-json\/wp\/v2\/comments?post=9382"}],"version-history":[{"count":5,"href":"https:\/\/www.ladiagonale.net\/index.php\/wp-json\/wp\/v2\/posts\/9382\/revisions"}],"predecessor-version":[{"id":9391,"href":"https:\/\/www.ladiagonale.net\/index.php\/wp-json\/wp\/v2\/posts\/9382\/revisions\/9391"}],"wp:attachment":[{"href":"https:\/\/www.ladiagonale.net\/index.php\/wp-json\/wp\/v2\/media?parent=9382"}],"wp:term":[{"taxonomy":"category","embeddable":true,"href":"https:\/\/www.ladiagonale.net\/index.php\/wp-json\/wp\/v2\/categories?post=9382"},{"taxonomy":"post_tag","embeddable":true,"href":"https:\/\/www.ladiagonale.net\/index.php\/wp-json\/wp\/v2\/tags?post=9382"}],"curies":[{"name":"wp","href":"https:\/\/api.w.org\/{rel}","templated":true}]}}