{"id":9393,"date":"2023-02-09T12:15:00","date_gmt":"2023-02-09T11:15:00","guid":{"rendered":"https:\/\/www.ladiagonale.net\/?p=9393"},"modified":"2023-02-09T12:21:07","modified_gmt":"2023-02-09T11:21:07","slug":"monaco-loue-par-leca","status":"publish","type":"post","link":"https:\/\/www.ladiagonale.net\/index.php\/2023\/02\/09\/monaco-loue-par-leca\/","title":{"rendered":"Monaco lou\u00e9 par l&rsquo;ECA"},"content":{"rendered":"\n<p>En d\u00e9but de semaine, l&rsquo;AS Monaco accueillait l&rsquo;ECA (European College Association) pour deux jours dans les salons du stade Louis-II ainsi qu&rsquo;au sein de son Centre de Performance de La Turbie flambant neuf. Pendant deux jours, des \u00e9changes ont eu lieu pour y \u00e9voquer la strat\u00e9gie de d\u00e9tection de jeunes joueurs, un domaine dans lequel l&rsquo;AS Monaco se veut \u00e0 la pointe, ayant fait de son Academy un des piliers de sa strat\u00e9gie sportive. Pascal de Maesschalk, Directeur du d\u00e9veloppement des jeunes joueurs \u00e0 l\u2019AS Monaco, et Nicolas Weber, Directeur du recrutement, ont expos\u00e9 le mod\u00e8le as\u00e9miste \u00e0 cette occasion.<\/p>\n\n\n\n<p>Pouya Yaghoubinia, le Football Development Manager au sein de l\u2019ECA, a estim\u00e9 que l&rsquo;AS Monaco pouvait \u00eatre pris pour r\u00e9f\u00e9rence dans ce secteur : \u00ab&nbsp;Nous pouvons prendre Monaco comme exemple, non seulement en termes de d\u00e9veloppement des infrastructures, mais aussi pour leurs proc\u00e9dures de d\u00e9tection des talents, des processus de d\u00e9veloppement des talents et de l&rsquo;importance qu&rsquo;ils accordent \u00e0 l&rsquo;\u00e9ducation de ces jeunes joueurs, non seulement en tant que footballeurs, mais aussi en tant qu&rsquo;\u00eatres humains et futurs citoyens. Je pense qu&rsquo;en r\u00e9unissant tous ces \u00e9l\u00e9ments, AS Monaco peut \u00eatre plac\u00e9 comme le premier centre de performance, non seulement en France, mais en Europe.&nbsp;\u00bb<\/p>\n\n\n\n<p>R\u00e9cemment, l&rsquo;AS Monaco a justement int\u00e9gr\u00e9 un <a href=\"https:\/\/www.ladiagonale.net\/index.php\/2023\/01\/27\/un-responsable-des-talents-a-monaco\/\">Responsable des talents<\/a> en la personne de Zin\u00e9dine Benslimane. Et d\u00e9but mars, elle compl\u00e8tera son \u00e9quipe de scouting avec <a href=\"https:\/\/www.ladiagonale.net\/index.php\/2023\/02\/03\/un-nouveau-recruteur-jeune-arrive-a-monaco\/\">un nouveau recruteur des jeunes<\/a>, Mohamed Ouadah, qui sera en charge du recrutement des jeunes talents de toute la r\u00e9gion Grand Est. <\/p>\n\n\n\n<figure class=\"wp-block-embed is-type-rich is-provider-twitter wp-block-embed-twitter\"><div class=\"wp-block-embed__wrapper\">\n<blockquote class=\"twitter-tweet\" data-width=\"550\" data-dnt=\"true\"><p lang=\"en\" dir=\"ltr\">&quot;We&#39;re really happy to welcome all of the [ECA] clubs here today&quot;<br><br>Pascal De Maesschalck, AS Monaco Director of Youth Football Development, expresses how excited the club is to have ECA Member Clubs with them this week to share knowledge and experience. <a href=\"https:\/\/twitter.com\/hashtag\/WeAreECA?src=hash&amp;ref_src=twsrc%5Etfw\">#WeAreECA<\/a> <a href=\"https:\/\/twitter.com\/hashtag\/HeartofFootball?src=hash&amp;ref_src=twsrc%5Etfw\">#HeartofFootball<\/a> <a href=\"https:\/\/t.co\/gadKdFDOAb\">pic.twitter.com\/gadKdFDOAb<\/a><\/p>&mdash; ECA (@ECAEurope) <a href=\"https:\/\/twitter.com\/ECAEurope\/status\/1622995322120151042?ref_src=twsrc%5Etfw\">February 7, 2023<\/a><\/blockquote><script async src=\"https:\/\/platform.twitter.com\/widgets.js\" charset=\"utf-8\"><\/script>\n<\/div><\/figure>\n\n\n\n<p>Source : <a href=\"https:\/\/www.getfootballnewsfrance.com\/2023\/eca-football-development-manager-as-monaco-can-be-placed-as-the-top-performance-centre-in-europe\/\">getfootballnewsfrance.com<\/a>, AS Monaco<\/p>\n","protected":false},"excerpt":{"rendered":"<p>En d\u00e9but de semaine, l&rsquo;AS Monaco accueillait l&rsquo;ECA (European College Association) pour deux jours dans les salons du stade Louis-II ainsi qu&rsquo;au sein de son Centre de Performance de La Turbie flambant neuf. Pendant deux jours, des \u00e9changes ont eu lieu pour y \u00e9voquer la strat\u00e9gie de d\u00e9tection de jeunes joueurs, un domaine dans lequel [&#8230;]\n","protected":false},"author":2,"featured_media":0,"comment_status":"open","ping_status":"open","sticky":false,"template":"","format":"standard","meta":[],"categories":[6],"tags":[76,86,405,406,310],"yoast_head":"<!-- This site is optimized with the Yoast SEO plugin v19.8 - https:\/\/yoast.com\/wordpress\/plugins\/seo\/ -->\n<title>Monaco lou\u00e9 par l&#039;ECA - La Diagonale<\/title>\n<meta name=\"robots\" content=\"index, follow, max-snippet:-1, max-image-preview:large, max-video-preview:-1\" \/>\n<link rel=\"canonical\" href=\"https:\/\/www.ladiagonale.net\/index.php\/2023\/02\/09\/monaco-loue-par-leca\/\" \/>\n<meta property=\"og:locale\" content=\"fr_FR\" \/>\n<meta property=\"og:type\" content=\"article\" \/>\n<meta property=\"og:title\" content=\"Monaco lou\u00e9 par l&#039;ECA - La Diagonale\" \/>\n<meta property=\"og:description\" content=\"En d\u00e9but de semaine, l&rsquo;AS Monaco accueillait l&rsquo;ECA (European College Association) pour deux jours dans les salons du stade Louis-II ainsi qu&rsquo;au sein de son Centre de Performance de La Turbie flambant neuf. Pendant deux jours, des \u00e9changes ont eu lieu pour y \u00e9voquer la strat\u00e9gie de d\u00e9tection de jeunes joueurs, un domaine dans lequel [...]\" \/>\n<meta property=\"og:url\" content=\"https:\/\/www.ladiagonale.net\/index.php\/2023\/02\/09\/monaco-loue-par-leca\/\" \/>\n<meta property=\"og:site_name\" content=\"La Diagonale\" \/>\n<meta property=\"article:published_time\" content=\"2023-02-09T11:15:00+00:00\" \/>\n<meta property=\"article:modified_time\" content=\"2023-02-09T11:21:07+00:00\" \/>\n<meta property=\"og:image\" content=\"https:\/\/www.ladiagonale.net\/wp-content\/uploads\/2023\/02\/cp.png\" \/>\n\t<meta property=\"og:image:width\" content=\"1160\" \/>\n\t<meta property=\"og:image:height\" content=\"650\" \/>\n\t<meta property=\"og:image:type\" content=\"image\/png\" \/>\n<meta name=\"author\" content=\"Damien Dellerba\" \/>\n<meta name=\"twitter:card\" content=\"summary_large_image\" \/>\n<meta name=\"twitter:image\" content=\"https:\/\/www.ladiagonale.net\/wp-content\/uploads\/2023\/02\/cp.png\" \/>\n<meta name=\"twitter:label1\" content=\"\u00c9crit par\" \/>\n\t<meta name=\"twitter:data1\" content=\"Damien Dellerba\" \/>\n\t<meta name=\"twitter:label2\" content=\"Dur\u00e9e de lecture estim\u00e9e\" \/>\n\t<meta name=\"twitter:data2\" content=\"2 minutes\" \/>\n<script type=\"application\/ld+json\" class=\"yoast-schema-graph\">{\"@context\":\"https:\/\/schema.org\",\"@graph\":[{\"@type\":\"WebPage\",\"@id\":\"https:\/\/www.ladiagonale.net\/index.php\/2023\/02\/09\/monaco-loue-par-leca\/\",\"url\":\"https:\/\/www.ladiagonale.net\/index.php\/2023\/02\/09\/monaco-loue-par-leca\/\",\"name\":\"Monaco lou\u00e9 par l'ECA - La Diagonale\",\"isPartOf\":{\"@id\":\"https:\/\/www.ladiagonale.net\/#website\"},\"datePublished\":\"2023-02-09T11:15:00+00:00\",\"dateModified\":\"2023-02-09T11:21:07+00:00\",\"author\":{\"@id\":\"https:\/\/www.ladiagonale.net\/#\/schema\/person\/79ff1e7b0853ed01b2aa26e64ad300bf\"},\"breadcrumb\":{\"@id\":\"https:\/\/www.ladiagonale.net\/index.php\/2023\/02\/09\/monaco-loue-par-leca\/#breadcrumb\"},\"inLanguage\":\"fr-FR\",\"potentialAction\":[{\"@type\":\"ReadAction\",\"target\":[\"https:\/\/www.ladiagonale.net\/index.php\/2023\/02\/09\/monaco-loue-par-leca\/\"]}]},{\"@type\":\"BreadcrumbList\",\"@id\":\"https:\/\/www.ladiagonale.net\/index.php\/2023\/02\/09\/monaco-loue-par-leca\/#breadcrumb\",\"itemListElement\":[{\"@type\":\"ListItem\",\"position\":1,\"name\":\"Accueil\",\"item\":\"https:\/\/www.ladiagonale.net\/\"},{\"@type\":\"ListItem\",\"position\":2,\"name\":\"Monaco lou\u00e9 par l&rsquo;ECA\"}]},{\"@type\":\"WebSite\",\"@id\":\"https:\/\/www.ladiagonale.net\/#website\",\"url\":\"https:\/\/www.ladiagonale.net\/\",\"name\":\"La Diagonale\",\"description\":\"Le site des supporters de l&#039;AS Monaco FC\",\"potentialAction\":[{\"@type\":\"SearchAction\",\"target\":{\"@type\":\"EntryPoint\",\"urlTemplate\":\"https:\/\/www.ladiagonale.net\/?s={search_term_string}\"},\"query-input\":\"required name=search_term_string\"}],\"inLanguage\":\"fr-FR\"},{\"@type\":\"Person\",\"@id\":\"https:\/\/www.ladiagonale.net\/#\/schema\/person\/79ff1e7b0853ed01b2aa26e64ad300bf\",\"name\":\"Damien Dellerba\",\"image\":{\"@type\":\"ImageObject\",\"inLanguage\":\"fr-FR\",\"@id\":\"https:\/\/www.ladiagonale.net\/#\/schema\/person\/image\/\",\"url\":\"https:\/\/secure.gravatar.com\/avatar\/c7850e06d3ff63cdbaee88b7fc16e2f0?s=96&d=mm&r=g\",\"contentUrl\":\"https:\/\/secure.gravatar.com\/avatar\/c7850e06d3ff63cdbaee88b7fc16e2f0?s=96&d=mm&r=g\",\"caption\":\"Damien Dellerba\"},\"url\":\"https:\/\/www.ladiagonale.net\/index.php\/author\/damien\/\"}]}<\/script>\n<!-- \/ Yoast SEO plugin. -->","yoast_head_json":{"title":"Monaco lou\u00e9 par l'ECA - La Diagonale","robots":{"index":"index","follow":"follow","max-snippet":"max-snippet:-1","max-image-preview":"max-image-preview:large","max-video-preview":"max-video-preview:-1"},"canonical":"https:\/\/www.ladiagonale.net\/index.php\/2023\/02\/09\/monaco-loue-par-leca\/","og_locale":"fr_FR","og_type":"article","og_title":"Monaco lou\u00e9 par l'ECA - La Diagonale","og_description":"En d\u00e9but de semaine, l&rsquo;AS Monaco accueillait l&rsquo;ECA (European College Association) pour deux jours dans les salons du stade Louis-II ainsi qu&rsquo;au sein de son Centre de Performance de La Turbie flambant neuf. Pendant deux jours, des \u00e9changes ont eu lieu pour y \u00e9voquer la strat\u00e9gie de d\u00e9tection de jeunes joueurs, un domaine dans lequel [...]","og_url":"https:\/\/www.ladiagonale.net\/index.php\/2023\/02\/09\/monaco-loue-par-leca\/","og_site_name":"La Diagonale","article_published_time":"2023-02-09T11:15:00+00:00","article_modified_time":"2023-02-09T11:21:07+00:00","og_image":[{"width":1160,"height":650,"url":"https:\/\/www.ladiagonale.net\/wp-content\/uploads\/2023\/02\/cp.png","type":"image\/png"}],"author":"Damien Dellerba","twitter_card":"summary_large_image","twitter_image":"https:\/\/www.ladiagonale.net\/wp-content\/uploads\/2023\/02\/cp.png","twitter_misc":{"\u00c9crit par":"Damien Dellerba","Dur\u00e9e de lecture estim\u00e9e":"2 minutes"},"schema":{"@context":"https:\/\/schema.org","@graph":[{"@type":"WebPage","@id":"https:\/\/www.ladiagonale.net\/index.php\/2023\/02\/09\/monaco-loue-par-leca\/","url":"https:\/\/www.ladiagonale.net\/index.php\/2023\/02\/09\/monaco-loue-par-leca\/","name":"Monaco lou\u00e9 par l'ECA - La Diagonale","isPartOf":{"@id":"https:\/\/www.ladiagonale.net\/#website"},"datePublished":"2023-02-09T11:15:00+00:00","dateModified":"2023-02-09T11:21:07+00:00","author":{"@id":"https:\/\/www.ladiagonale.net\/#\/schema\/person\/79ff1e7b0853ed01b2aa26e64ad300bf"},"breadcrumb":{"@id":"https:\/\/www.ladiagonale.net\/index.php\/2023\/02\/09\/monaco-loue-par-leca\/#breadcrumb"},"inLanguage":"fr-FR","potentialAction":[{"@type":"ReadAction","target":["https:\/\/www.ladiagonale.net\/index.php\/2023\/02\/09\/monaco-loue-par-leca\/"]}]},{"@type":"BreadcrumbList","@id":"https:\/\/www.ladiagonale.net\/index.php\/2023\/02\/09\/monaco-loue-par-leca\/#breadcrumb","itemListElement":[{"@type":"ListItem","position":1,"name":"Accueil","item":"https:\/\/www.ladiagonale.net\/"},{"@type":"ListItem","position":2,"name":"Monaco lou\u00e9 par l&rsquo;ECA"}]},{"@type":"WebSite","@id":"https:\/\/www.ladiagonale.net\/#website","url":"https:\/\/www.ladiagonale.net\/","name":"La Diagonale","description":"Le site des supporters de l&#039;AS Monaco FC","potentialAction":[{"@type":"SearchAction","target":{"@type":"EntryPoint","urlTemplate":"https:\/\/www.ladiagonale.net\/?s={search_term_string}"},"query-input":"required name=search_term_string"}],"inLanguage":"fr-FR"},{"@type":"Person","@id":"https:\/\/www.ladiagonale.net\/#\/schema\/person\/79ff1e7b0853ed01b2aa26e64ad300bf","name":"Damien Dellerba","image":{"@type":"ImageObject","inLanguage":"fr-FR","@id":"https:\/\/www.ladiagonale.net\/#\/schema\/person\/image\/","url":"https:\/\/secure.gravatar.com\/avatar\/c7850e06d3ff63cdbaee88b7fc16e2f0?s=96&d=mm&r=g","contentUrl":"https:\/\/secure.gravatar.com\/avatar\/c7850e06d3ff63cdbaee88b7fc16e2f0?s=96&d=mm&r=g","caption":"Damien Dellerba"},"url":"https:\/\/www.ladiagonale.net\/index.php\/author\/damien\/"}]}},"_links":{"self":[{"href":"https:\/\/www.ladiagonale.net\/index.php\/wp-json\/wp\/v2\/posts\/9393"}],"collection":[{"href":"https:\/\/www.ladiagonale.net\/index.php\/wp-json\/wp\/v2\/posts"}],"about":[{"href":"https:\/\/www.ladiagonale.net\/index.php\/wp-json\/wp\/v2\/types\/post"}],"author":[{"embeddable":true,"href":"https:\/\/www.ladiagonale.net\/index.php\/wp-json\/wp\/v2\/users\/2"}],"replies":[{"embeddable":true,"href":"https:\/\/www.ladiagonale.net\/index.php\/wp-json\/wp\/v2\/comments?post=9393"}],"version-history":[{"count":5,"href":"https:\/\/www.ladiagonale.net\/index.php\/wp-json\/wp\/v2\/posts\/9393\/revisions"}],"predecessor-version":[{"id":9409,"href":"https:\/\/www.ladiagonale.net\/index.php\/wp-json\/wp\/v2\/posts\/9393\/revisions\/9409"}],"wp:attachment":[{"href":"https:\/\/www.ladiagonale.net\/index.php\/wp-json\/wp\/v2\/media?parent=9393"}],"wp:term":[{"taxonomy":"category","embeddable":true,"href":"https:\/\/www.ladiagonale.net\/index.php\/wp-json\/wp\/v2\/categories?post=9393"},{"taxonomy":"post_tag","embeddable":true,"href":"https:\/\/www.ladiagonale.net\/index.php\/wp-json\/wp\/v2\/tags?post=9393"}],"curies":[{"name":"wp","href":"https:\/\/api.w.org\/{rel}","templated":true}]}}