{"id":9397,"date":"2023-02-08T20:22:34","date_gmt":"2023-02-08T19:22:34","guid":{"rendered":"https:\/\/www.ladiagonale.net\/?p=9397"},"modified":"2023-02-09T00:42:19","modified_gmt":"2023-02-08T23:42:19","slug":"mitchell-quittera-le-club-apres-le-mercato-dete","status":"publish","type":"post","link":"https:\/\/www.ladiagonale.net\/index.php\/2023\/02\/08\/mitchell-quittera-le-club-apres-le-mercato-dete\/","title":{"rendered":"Mitchell devrait quitter le club apr\u00e8s le mercato d&rsquo;\u00e9t\u00e9"},"content":{"rendered":"\n<p>Paul Mitchell ne devrait pas rester le directeur sportif de l&rsquo;AS Monaco tr\u00e8s longtemps. Selon des informations d\u00e9voil\u00e9es par le quotidien<em> L&rsquo;\u00c9quipe<\/em>, l&rsquo;Anglais de 41 ans a pris la d\u00e9cision de quitter le club de Principaut\u00e9 dans les prochains mois et son d\u00e9part devrait \u00eatre effectif apr\u00e8s le mercato estival alors que son contrat court jusqu&rsquo;en juin 2024. Il aurait refus\u00e9 plusieurs offres de prolongations du Pr\u00e9sident Dmitry Rybolovlev, qui lui proposait un poste de pr\u00e9sident-directeur g\u00e9n\u00e9ral et une extension de ses pr\u00e9rogatives accompagn\u00e9e d&rsquo;une revalorisation salariale. <\/p>\n\n\n\n<p>Selon l&rsquo;entourage de Mitchell, l&rsquo;ancien dirigeant de Red Bull aurait le sentiment d&rsquo;avoir fait le tour de la question : <em>\u00ab&nbsp;Paul a le sentiment d\u2019\u00eatre arriv\u00e9 \u00e0 la fin de la mission qui lui avait \u00e9t\u00e9 confi\u00e9e. Avec la cr\u00e9ation de process d\u2019organisation efficaces en interne, le changement de culture dans le travail<\/em>.&nbsp;<em>Il<\/em>&nbsp;<em>a donn\u00e9 une identit\u00e9 claire au jeu en exportant un football intense et a r\u00e9ussi \u00e0 r\u00e9duire le nombre de joueurs dans l\u2019effectif. Quand il arrive, il y a 77 joueurs sous contrat&nbsp;! \u00bb<\/em><\/p>\n\n\n\n<p>D&rsquo;apr\u00e8s le quotidien, Paul Mitchell devrait encore assurer le prochain mercato mon\u00e9gasque avant de prendre cong\u00e9, deux ans et demi apr\u00e8s son arriv\u00e9e, et aura pour mission de trouver son successeur. Celui-ci devra aussi r\u00e9pondre aux crit\u00e8res fix\u00e9s par le pr\u00e9sident Rybolovlev, \u00e0 savoir un jeune directeur sportif, <em>\u00ab cr\u00e9atif \u00bb<\/em>, selon le terme employ\u00e9 par <em>L&rsquo;\u00c9quipe,<\/em> et qui connaisse bien les march\u00e9s europ\u00e9ens.<\/p>\n","protected":false},"excerpt":{"rendered":"<p>Paul Mitchell ne devrait pas rester le directeur sportif de l&rsquo;AS Monaco tr\u00e8s longtemps. Selon des informations d\u00e9voil\u00e9es par le quotidien L&rsquo;\u00c9quipe, l&rsquo;Anglais de 41 ans a pris la d\u00e9cision de quitter le club de Principaut\u00e9 dans les prochains mois et son d\u00e9part devrait \u00eatre effectif apr\u00e8s le mercato estival alors que son contrat court [&#8230;]\n","protected":false},"author":2,"featured_media":0,"comment_status":"open","ping_status":"open","sticky":false,"template":"","format":"standard","meta":[],"categories":[6],"tags":[86,192],"yoast_head":"<!-- This site is optimized with the Yoast SEO plugin v19.8 - https:\/\/yoast.com\/wordpress\/plugins\/seo\/ -->\n<title>Mitchell devrait quitter le club apr\u00e8s le mercato d&#039;\u00e9t\u00e9 - La Diagonale<\/title>\n<meta name=\"robots\" content=\"index, follow, max-snippet:-1, max-image-preview:large, max-video-preview:-1\" \/>\n<link rel=\"canonical\" href=\"https:\/\/www.ladiagonale.net\/index.php\/2023\/02\/08\/mitchell-quittera-le-club-apres-le-mercato-dete\/\" \/>\n<meta property=\"og:locale\" content=\"fr_FR\" \/>\n<meta property=\"og:type\" content=\"article\" \/>\n<meta property=\"og:title\" content=\"Mitchell devrait quitter le club apr\u00e8s le mercato d&#039;\u00e9t\u00e9 - La Diagonale\" \/>\n<meta property=\"og:description\" content=\"Paul Mitchell ne devrait pas rester le directeur sportif de l&rsquo;AS Monaco tr\u00e8s longtemps. Selon des informations d\u00e9voil\u00e9es par le quotidien L&rsquo;\u00c9quipe, l&rsquo;Anglais de 41 ans a pris la d\u00e9cision de quitter le club de Principaut\u00e9 dans les prochains mois et son d\u00e9part devrait \u00eatre effectif apr\u00e8s le mercato estival alors que son contrat court [...]\" \/>\n<meta property=\"og:url\" content=\"https:\/\/www.ladiagonale.net\/index.php\/2023\/02\/08\/mitchell-quittera-le-club-apres-le-mercato-dete\/\" \/>\n<meta property=\"og:site_name\" content=\"La Diagonale\" \/>\n<meta property=\"article:published_time\" content=\"2023-02-08T19:22:34+00:00\" \/>\n<meta property=\"article:modified_time\" content=\"2023-02-08T23:42:19+00:00\" \/>\n<meta name=\"author\" content=\"Damien Dellerba\" \/>\n<meta name=\"twitter:card\" content=\"summary_large_image\" \/>\n<meta name=\"twitter:label1\" content=\"\u00c9crit par\" \/>\n\t<meta name=\"twitter:data1\" content=\"Damien Dellerba\" \/>\n\t<meta name=\"twitter:label2\" content=\"Dur\u00e9e de lecture estim\u00e9e\" \/>\n\t<meta name=\"twitter:data2\" content=\"2 minutes\" \/>\n<script type=\"application\/ld+json\" class=\"yoast-schema-graph\">{\"@context\":\"https:\/\/schema.org\",\"@graph\":[{\"@type\":\"WebPage\",\"@id\":\"https:\/\/www.ladiagonale.net\/index.php\/2023\/02\/08\/mitchell-quittera-le-club-apres-le-mercato-dete\/\",\"url\":\"https:\/\/www.ladiagonale.net\/index.php\/2023\/02\/08\/mitchell-quittera-le-club-apres-le-mercato-dete\/\",\"name\":\"Mitchell devrait quitter le club apr\u00e8s le mercato d'\u00e9t\u00e9 - La Diagonale\",\"isPartOf\":{\"@id\":\"https:\/\/www.ladiagonale.net\/#website\"},\"datePublished\":\"2023-02-08T19:22:34+00:00\",\"dateModified\":\"2023-02-08T23:42:19+00:00\",\"author\":{\"@id\":\"https:\/\/www.ladiagonale.net\/#\/schema\/person\/79ff1e7b0853ed01b2aa26e64ad300bf\"},\"breadcrumb\":{\"@id\":\"https:\/\/www.ladiagonale.net\/index.php\/2023\/02\/08\/mitchell-quittera-le-club-apres-le-mercato-dete\/#breadcrumb\"},\"inLanguage\":\"fr-FR\",\"potentialAction\":[{\"@type\":\"ReadAction\",\"target\":[\"https:\/\/www.ladiagonale.net\/index.php\/2023\/02\/08\/mitchell-quittera-le-club-apres-le-mercato-dete\/\"]}]},{\"@type\":\"BreadcrumbList\",\"@id\":\"https:\/\/www.ladiagonale.net\/index.php\/2023\/02\/08\/mitchell-quittera-le-club-apres-le-mercato-dete\/#breadcrumb\",\"itemListElement\":[{\"@type\":\"ListItem\",\"position\":1,\"name\":\"Accueil\",\"item\":\"https:\/\/www.ladiagonale.net\/\"},{\"@type\":\"ListItem\",\"position\":2,\"name\":\"Mitchell devrait quitter le club apr\u00e8s le mercato d&rsquo;\u00e9t\u00e9\"}]},{\"@type\":\"WebSite\",\"@id\":\"https:\/\/www.ladiagonale.net\/#website\",\"url\":\"https:\/\/www.ladiagonale.net\/\",\"name\":\"La Diagonale\",\"description\":\"Le site des supporters de l&#039;AS Monaco FC\",\"potentialAction\":[{\"@type\":\"SearchAction\",\"target\":{\"@type\":\"EntryPoint\",\"urlTemplate\":\"https:\/\/www.ladiagonale.net\/?s={search_term_string}\"},\"query-input\":\"required name=search_term_string\"}],\"inLanguage\":\"fr-FR\"},{\"@type\":\"Person\",\"@id\":\"https:\/\/www.ladiagonale.net\/#\/schema\/person\/79ff1e7b0853ed01b2aa26e64ad300bf\",\"name\":\"Damien Dellerba\",\"image\":{\"@type\":\"ImageObject\",\"inLanguage\":\"fr-FR\",\"@id\":\"https:\/\/www.ladiagonale.net\/#\/schema\/person\/image\/\",\"url\":\"https:\/\/secure.gravatar.com\/avatar\/c7850e06d3ff63cdbaee88b7fc16e2f0?s=96&d=mm&r=g\",\"contentUrl\":\"https:\/\/secure.gravatar.com\/avatar\/c7850e06d3ff63cdbaee88b7fc16e2f0?s=96&d=mm&r=g\",\"caption\":\"Damien Dellerba\"},\"url\":\"https:\/\/www.ladiagonale.net\/index.php\/author\/damien\/\"}]}<\/script>\n<!-- \/ Yoast SEO plugin. -->","yoast_head_json":{"title":"Mitchell devrait quitter le club apr\u00e8s le mercato d'\u00e9t\u00e9 - La Diagonale","robots":{"index":"index","follow":"follow","max-snippet":"max-snippet:-1","max-image-preview":"max-image-preview:large","max-video-preview":"max-video-preview:-1"},"canonical":"https:\/\/www.ladiagonale.net\/index.php\/2023\/02\/08\/mitchell-quittera-le-club-apres-le-mercato-dete\/","og_locale":"fr_FR","og_type":"article","og_title":"Mitchell devrait quitter le club apr\u00e8s le mercato d'\u00e9t\u00e9 - La Diagonale","og_description":"Paul Mitchell ne devrait pas rester le directeur sportif de l&rsquo;AS Monaco tr\u00e8s longtemps. Selon des informations d\u00e9voil\u00e9es par le quotidien L&rsquo;\u00c9quipe, l&rsquo;Anglais de 41 ans a pris la d\u00e9cision de quitter le club de Principaut\u00e9 dans les prochains mois et son d\u00e9part devrait \u00eatre effectif apr\u00e8s le mercato estival alors que son contrat court [...]","og_url":"https:\/\/www.ladiagonale.net\/index.php\/2023\/02\/08\/mitchell-quittera-le-club-apres-le-mercato-dete\/","og_site_name":"La Diagonale","article_published_time":"2023-02-08T19:22:34+00:00","article_modified_time":"2023-02-08T23:42:19+00:00","author":"Damien Dellerba","twitter_card":"summary_large_image","twitter_misc":{"\u00c9crit par":"Damien Dellerba","Dur\u00e9e de lecture estim\u00e9e":"2 minutes"},"schema":{"@context":"https:\/\/schema.org","@graph":[{"@type":"WebPage","@id":"https:\/\/www.ladiagonale.net\/index.php\/2023\/02\/08\/mitchell-quittera-le-club-apres-le-mercato-dete\/","url":"https:\/\/www.ladiagonale.net\/index.php\/2023\/02\/08\/mitchell-quittera-le-club-apres-le-mercato-dete\/","name":"Mitchell devrait quitter le club apr\u00e8s le mercato d'\u00e9t\u00e9 - La Diagonale","isPartOf":{"@id":"https:\/\/www.ladiagonale.net\/#website"},"datePublished":"2023-02-08T19:22:34+00:00","dateModified":"2023-02-08T23:42:19+00:00","author":{"@id":"https:\/\/www.ladiagonale.net\/#\/schema\/person\/79ff1e7b0853ed01b2aa26e64ad300bf"},"breadcrumb":{"@id":"https:\/\/www.ladiagonale.net\/index.php\/2023\/02\/08\/mitchell-quittera-le-club-apres-le-mercato-dete\/#breadcrumb"},"inLanguage":"fr-FR","potentialAction":[{"@type":"ReadAction","target":["https:\/\/www.ladiagonale.net\/index.php\/2023\/02\/08\/mitchell-quittera-le-club-apres-le-mercato-dete\/"]}]},{"@type":"BreadcrumbList","@id":"https:\/\/www.ladiagonale.net\/index.php\/2023\/02\/08\/mitchell-quittera-le-club-apres-le-mercato-dete\/#breadcrumb","itemListElement":[{"@type":"ListItem","position":1,"name":"Accueil","item":"https:\/\/www.ladiagonale.net\/"},{"@type":"ListItem","position":2,"name":"Mitchell devrait quitter le club apr\u00e8s le mercato d&rsquo;\u00e9t\u00e9"}]},{"@type":"WebSite","@id":"https:\/\/www.ladiagonale.net\/#website","url":"https:\/\/www.ladiagonale.net\/","name":"La Diagonale","description":"Le site des supporters de l&#039;AS Monaco FC","potentialAction":[{"@type":"SearchAction","target":{"@type":"EntryPoint","urlTemplate":"https:\/\/www.ladiagonale.net\/?s={search_term_string}"},"query-input":"required name=search_term_string"}],"inLanguage":"fr-FR"},{"@type":"Person","@id":"https:\/\/www.ladiagonale.net\/#\/schema\/person\/79ff1e7b0853ed01b2aa26e64ad300bf","name":"Damien Dellerba","image":{"@type":"ImageObject","inLanguage":"fr-FR","@id":"https:\/\/www.ladiagonale.net\/#\/schema\/person\/image\/","url":"https:\/\/secure.gravatar.com\/avatar\/c7850e06d3ff63cdbaee88b7fc16e2f0?s=96&d=mm&r=g","contentUrl":"https:\/\/secure.gravatar.com\/avatar\/c7850e06d3ff63cdbaee88b7fc16e2f0?s=96&d=mm&r=g","caption":"Damien Dellerba"},"url":"https:\/\/www.ladiagonale.net\/index.php\/author\/damien\/"}]}},"_links":{"self":[{"href":"https:\/\/www.ladiagonale.net\/index.php\/wp-json\/wp\/v2\/posts\/9397"}],"collection":[{"href":"https:\/\/www.ladiagonale.net\/index.php\/wp-json\/wp\/v2\/posts"}],"about":[{"href":"https:\/\/www.ladiagonale.net\/index.php\/wp-json\/wp\/v2\/types\/post"}],"author":[{"embeddable":true,"href":"https:\/\/www.ladiagonale.net\/index.php\/wp-json\/wp\/v2\/users\/2"}],"replies":[{"embeddable":true,"href":"https:\/\/www.ladiagonale.net\/index.php\/wp-json\/wp\/v2\/comments?post=9397"}],"version-history":[{"count":6,"href":"https:\/\/www.ladiagonale.net\/index.php\/wp-json\/wp\/v2\/posts\/9397\/revisions"}],"predecessor-version":[{"id":9403,"href":"https:\/\/www.ladiagonale.net\/index.php\/wp-json\/wp\/v2\/posts\/9397\/revisions\/9403"}],"wp:attachment":[{"href":"https:\/\/www.ladiagonale.net\/index.php\/wp-json\/wp\/v2\/media?parent=9397"}],"wp:term":[{"taxonomy":"category","embeddable":true,"href":"https:\/\/www.ladiagonale.net\/index.php\/wp-json\/wp\/v2\/categories?post=9397"},{"taxonomy":"post_tag","embeddable":true,"href":"https:\/\/www.ladiagonale.net\/index.php\/wp-json\/wp\/v2\/tags?post=9397"}],"curies":[{"name":"wp","href":"https:\/\/api.w.org\/{rel}","templated":true}]}}