{"id":9411,"date":"2023-02-09T13:59:56","date_gmt":"2023-02-09T12:59:56","guid":{"rendered":"https:\/\/www.ladiagonale.net\/?p=9411"},"modified":"2023-02-09T23:07:44","modified_gmt":"2023-02-09T22:07:44","slug":"monaco-reprend-la-main-sur-le-psg-a-domicile","status":"publish","type":"post","link":"https:\/\/www.ladiagonale.net\/index.php\/2023\/02\/09\/monaco-reprend-la-main-sur-le-psg-a-domicile\/","title":{"rendered":"Monaco a repris la main sur le PSG \u00e0 domicile"},"content":{"rendered":"\n\n\n<p>Ce samedi (17h), l&rsquo;AS Monaco recevra le Paris Saint-Germain pour la 47<sup>e<\/sup> fois de son histoire. Une r\u00e9ception qui a souvent tourn\u00e9 \u00e0 l&rsquo;avantage du club de la Principaut\u00e9 qui compte 26 succ\u00e8s, contre 13 matchs nuls et sept d\u00e9faites. L&rsquo;ASM a m\u00eame connu 22 saisons d&rsquo;affil\u00e9e sans perdre sur sa pelouse contre Paris, entre 1985 et 2006. Depuis le rachat du PSG par QSI en 2011, les chiffres se sont r\u00e9\u00e9quilibr\u00e9s puisque les Parisiens n&rsquo;avaient auparavant remport\u00e9 que trois succ\u00e8s sur le Rocher. Mais apr\u00e8s trois d\u00e9faites de rang entre les saisons 2017-2018 et 2019-2020, ce qui ne lui \u00e9tait jamais arriv\u00e9 dans son histoire, Monaco a repris les choses en main \u00e0 la maison et gagn\u00e9 les deux derni\u00e8res confrontations face au club de la Capitale.<\/p>\n\n\n\n<p>La saison derni\u00e8re, le contexte autour de la rencontre \u00e9tait quelque peu particulier, avec notamment les r\u00e9v\u00e9lations du quotidien <em>L&rsquo;\u00c9quipe<\/em> la veille de la rencontre sur les envies de Dmitry Rybolovlev de faire un grand m\u00e9nage au sein du club. Cela n&rsquo;avait pas emp\u00each\u00e9 l&rsquo;ASM de s&rsquo;imposer brillamment (3-0), gr\u00e2ce \u00e0 un doubl\u00e9 de Ben Yedder et un but de Volland, m\u00eame s&rsquo;il s&rsquo;agissait en face d&rsquo;un PSG d\u00e9mobilis\u00e9 et qui venait d&rsquo;\u00eatre \u00e9limin\u00e9 de Ligue des champions par le Real Madrid avec un sc\u00e9nario rocambolesque dont ils ont l&rsquo;habitude.<\/p>\n\n\n\n<p class=\"has-vivid-red-color has-text-color\"><strong>Les cinq derni\u00e8res confrontations en Ligue 1 au stade Louis-II<\/strong><\/p>\n\n\n\n<ul><li>Saison 2021-2022 (29<sup>e<\/sup> journ\u00e9e) : 3-0<\/li><li>Saison 2020-2021 (11<sup>e<\/sup> journ\u00e9e) : 3-2<\/li><li>Saison 2019-2020 (15<sup>e<\/sup> journ\u00e9e) : 1-4<\/li><li>Saison 2018-2019 (13<sup>e<\/sup> journ\u00e9e) : 0-4<\/li><li>Saison 2017-2018 (14<sup>e<\/sup> journ\u00e9e) : 1-2<\/li><\/ul>\n","protected":false},"excerpt":{"rendered":"<p>Ce samedi (17h), l&rsquo;AS Monaco recevra le Paris Saint-Germain pour la 47e fois de son histoire. Une r\u00e9ception qui a souvent tourn\u00e9 \u00e0 l&rsquo;avantage du club de la Principaut\u00e9 qui compte 26 succ\u00e8s, contre 13 matchs nuls et sept d\u00e9faites. L&rsquo;ASM a m\u00eame connu 22 saisons d&rsquo;affil\u00e9e sans perdre sur sa pelouse contre Paris, entre [&#8230;]\n","protected":false},"author":2,"featured_media":0,"comment_status":"open","ping_status":"open","sticky":false,"template":"","format":"standard","meta":[],"categories":[6],"tags":[86,261,94,384],"yoast_head":"<!-- This site is optimized with the Yoast SEO plugin v19.8 - https:\/\/yoast.com\/wordpress\/plugins\/seo\/ -->\n<title>Monaco a repris la main sur le PSG \u00e0 domicile - La Diagonale<\/title>\n<meta name=\"robots\" content=\"index, follow, max-snippet:-1, max-image-preview:large, max-video-preview:-1\" \/>\n<link rel=\"canonical\" href=\"https:\/\/www.ladiagonale.net\/index.php\/2023\/02\/09\/monaco-reprend-la-main-sur-le-psg-a-domicile\/\" \/>\n<meta property=\"og:locale\" content=\"fr_FR\" \/>\n<meta property=\"og:type\" content=\"article\" \/>\n<meta property=\"og:title\" content=\"Monaco a repris la main sur le PSG \u00e0 domicile - La Diagonale\" \/>\n<meta property=\"og:description\" content=\"Ce samedi (17h), l&rsquo;AS Monaco recevra le Paris Saint-Germain pour la 47e fois de son histoire. Une r\u00e9ception qui a souvent tourn\u00e9 \u00e0 l&rsquo;avantage du club de la Principaut\u00e9 qui compte 26 succ\u00e8s, contre 13 matchs nuls et sept d\u00e9faites. L&rsquo;ASM a m\u00eame connu 22 saisons d&rsquo;affil\u00e9e sans perdre sur sa pelouse contre Paris, entre [...]\" \/>\n<meta property=\"og:url\" content=\"https:\/\/www.ladiagonale.net\/index.php\/2023\/02\/09\/monaco-reprend-la-main-sur-le-psg-a-domicile\/\" \/>\n<meta property=\"og:site_name\" content=\"La Diagonale\" \/>\n<meta property=\"article:published_time\" content=\"2023-02-09T12:59:56+00:00\" \/>\n<meta property=\"article:modified_time\" content=\"2023-02-09T22:07:44+00:00\" \/>\n<meta property=\"og:image\" content=\"https:\/\/www.ladiagonale.net\/wp-content\/uploads\/2023\/02\/asmpsg2022.png\" \/>\n\t<meta property=\"og:image:width\" content=\"1160\" \/>\n\t<meta property=\"og:image:height\" content=\"650\" \/>\n\t<meta property=\"og:image:type\" content=\"image\/png\" \/>\n<meta name=\"author\" content=\"Damien Dellerba\" \/>\n<meta name=\"twitter:card\" content=\"summary_large_image\" \/>\n<meta name=\"twitter:image\" content=\"https:\/\/www.ladiagonale.net\/wp-content\/uploads\/2023\/02\/asmpsg2022.png\" \/>\n<meta name=\"twitter:label1\" content=\"\u00c9crit par\" \/>\n\t<meta name=\"twitter:data1\" content=\"Damien Dellerba\" \/>\n\t<meta name=\"twitter:label2\" content=\"Dur\u00e9e de lecture estim\u00e9e\" \/>\n\t<meta name=\"twitter:data2\" content=\"2 minutes\" \/>\n<script type=\"application\/ld+json\" class=\"yoast-schema-graph\">{\"@context\":\"https:\/\/schema.org\",\"@graph\":[{\"@type\":\"WebPage\",\"@id\":\"https:\/\/www.ladiagonale.net\/index.php\/2023\/02\/09\/monaco-reprend-la-main-sur-le-psg-a-domicile\/\",\"url\":\"https:\/\/www.ladiagonale.net\/index.php\/2023\/02\/09\/monaco-reprend-la-main-sur-le-psg-a-domicile\/\",\"name\":\"Monaco a repris la main sur le PSG \u00e0 domicile - La Diagonale\",\"isPartOf\":{\"@id\":\"https:\/\/www.ladiagonale.net\/#website\"},\"datePublished\":\"2023-02-09T12:59:56+00:00\",\"dateModified\":\"2023-02-09T22:07:44+00:00\",\"author\":{\"@id\":\"https:\/\/www.ladiagonale.net\/#\/schema\/person\/79ff1e7b0853ed01b2aa26e64ad300bf\"},\"breadcrumb\":{\"@id\":\"https:\/\/www.ladiagonale.net\/index.php\/2023\/02\/09\/monaco-reprend-la-main-sur-le-psg-a-domicile\/#breadcrumb\"},\"inLanguage\":\"fr-FR\",\"potentialAction\":[{\"@type\":\"ReadAction\",\"target\":[\"https:\/\/www.ladiagonale.net\/index.php\/2023\/02\/09\/monaco-reprend-la-main-sur-le-psg-a-domicile\/\"]}]},{\"@type\":\"BreadcrumbList\",\"@id\":\"https:\/\/www.ladiagonale.net\/index.php\/2023\/02\/09\/monaco-reprend-la-main-sur-le-psg-a-domicile\/#breadcrumb\",\"itemListElement\":[{\"@type\":\"ListItem\",\"position\":1,\"name\":\"Accueil\",\"item\":\"https:\/\/www.ladiagonale.net\/\"},{\"@type\":\"ListItem\",\"position\":2,\"name\":\"Monaco a repris la main sur le PSG \u00e0 domicile\"}]},{\"@type\":\"WebSite\",\"@id\":\"https:\/\/www.ladiagonale.net\/#website\",\"url\":\"https:\/\/www.ladiagonale.net\/\",\"name\":\"La Diagonale\",\"description\":\"Le site des supporters de l&#039;AS Monaco FC\",\"potentialAction\":[{\"@type\":\"SearchAction\",\"target\":{\"@type\":\"EntryPoint\",\"urlTemplate\":\"https:\/\/www.ladiagonale.net\/?s={search_term_string}\"},\"query-input\":\"required name=search_term_string\"}],\"inLanguage\":\"fr-FR\"},{\"@type\":\"Person\",\"@id\":\"https:\/\/www.ladiagonale.net\/#\/schema\/person\/79ff1e7b0853ed01b2aa26e64ad300bf\",\"name\":\"Damien Dellerba\",\"image\":{\"@type\":\"ImageObject\",\"inLanguage\":\"fr-FR\",\"@id\":\"https:\/\/www.ladiagonale.net\/#\/schema\/person\/image\/\",\"url\":\"https:\/\/secure.gravatar.com\/avatar\/c7850e06d3ff63cdbaee88b7fc16e2f0?s=96&d=mm&r=g\",\"contentUrl\":\"https:\/\/secure.gravatar.com\/avatar\/c7850e06d3ff63cdbaee88b7fc16e2f0?s=96&d=mm&r=g\",\"caption\":\"Damien Dellerba\"},\"url\":\"https:\/\/www.ladiagonale.net\/index.php\/author\/damien\/\"}]}<\/script>\n<!-- \/ Yoast SEO plugin. -->","yoast_head_json":{"title":"Monaco a repris la main sur le PSG \u00e0 domicile - La Diagonale","robots":{"index":"index","follow":"follow","max-snippet":"max-snippet:-1","max-image-preview":"max-image-preview:large","max-video-preview":"max-video-preview:-1"},"canonical":"https:\/\/www.ladiagonale.net\/index.php\/2023\/02\/09\/monaco-reprend-la-main-sur-le-psg-a-domicile\/","og_locale":"fr_FR","og_type":"article","og_title":"Monaco a repris la main sur le PSG \u00e0 domicile - La Diagonale","og_description":"Ce samedi (17h), l&rsquo;AS Monaco recevra le Paris Saint-Germain pour la 47e fois de son histoire. Une r\u00e9ception qui a souvent tourn\u00e9 \u00e0 l&rsquo;avantage du club de la Principaut\u00e9 qui compte 26 succ\u00e8s, contre 13 matchs nuls et sept d\u00e9faites. L&rsquo;ASM a m\u00eame connu 22 saisons d&rsquo;affil\u00e9e sans perdre sur sa pelouse contre Paris, entre [...]","og_url":"https:\/\/www.ladiagonale.net\/index.php\/2023\/02\/09\/monaco-reprend-la-main-sur-le-psg-a-domicile\/","og_site_name":"La Diagonale","article_published_time":"2023-02-09T12:59:56+00:00","article_modified_time":"2023-02-09T22:07:44+00:00","og_image":[{"width":1160,"height":650,"url":"https:\/\/www.ladiagonale.net\/wp-content\/uploads\/2023\/02\/asmpsg2022.png","type":"image\/png"}],"author":"Damien Dellerba","twitter_card":"summary_large_image","twitter_image":"https:\/\/www.ladiagonale.net\/wp-content\/uploads\/2023\/02\/asmpsg2022.png","twitter_misc":{"\u00c9crit par":"Damien Dellerba","Dur\u00e9e de lecture estim\u00e9e":"2 minutes"},"schema":{"@context":"https:\/\/schema.org","@graph":[{"@type":"WebPage","@id":"https:\/\/www.ladiagonale.net\/index.php\/2023\/02\/09\/monaco-reprend-la-main-sur-le-psg-a-domicile\/","url":"https:\/\/www.ladiagonale.net\/index.php\/2023\/02\/09\/monaco-reprend-la-main-sur-le-psg-a-domicile\/","name":"Monaco a repris la main sur le PSG \u00e0 domicile - La Diagonale","isPartOf":{"@id":"https:\/\/www.ladiagonale.net\/#website"},"datePublished":"2023-02-09T12:59:56+00:00","dateModified":"2023-02-09T22:07:44+00:00","author":{"@id":"https:\/\/www.ladiagonale.net\/#\/schema\/person\/79ff1e7b0853ed01b2aa26e64ad300bf"},"breadcrumb":{"@id":"https:\/\/www.ladiagonale.net\/index.php\/2023\/02\/09\/monaco-reprend-la-main-sur-le-psg-a-domicile\/#breadcrumb"},"inLanguage":"fr-FR","potentialAction":[{"@type":"ReadAction","target":["https:\/\/www.ladiagonale.net\/index.php\/2023\/02\/09\/monaco-reprend-la-main-sur-le-psg-a-domicile\/"]}]},{"@type":"BreadcrumbList","@id":"https:\/\/www.ladiagonale.net\/index.php\/2023\/02\/09\/monaco-reprend-la-main-sur-le-psg-a-domicile\/#breadcrumb","itemListElement":[{"@type":"ListItem","position":1,"name":"Accueil","item":"https:\/\/www.ladiagonale.net\/"},{"@type":"ListItem","position":2,"name":"Monaco a repris la main sur le PSG \u00e0 domicile"}]},{"@type":"WebSite","@id":"https:\/\/www.ladiagonale.net\/#website","url":"https:\/\/www.ladiagonale.net\/","name":"La Diagonale","description":"Le site des supporters de l&#039;AS Monaco FC","potentialAction":[{"@type":"SearchAction","target":{"@type":"EntryPoint","urlTemplate":"https:\/\/www.ladiagonale.net\/?s={search_term_string}"},"query-input":"required name=search_term_string"}],"inLanguage":"fr-FR"},{"@type":"Person","@id":"https:\/\/www.ladiagonale.net\/#\/schema\/person\/79ff1e7b0853ed01b2aa26e64ad300bf","name":"Damien Dellerba","image":{"@type":"ImageObject","inLanguage":"fr-FR","@id":"https:\/\/www.ladiagonale.net\/#\/schema\/person\/image\/","url":"https:\/\/secure.gravatar.com\/avatar\/c7850e06d3ff63cdbaee88b7fc16e2f0?s=96&d=mm&r=g","contentUrl":"https:\/\/secure.gravatar.com\/avatar\/c7850e06d3ff63cdbaee88b7fc16e2f0?s=96&d=mm&r=g","caption":"Damien Dellerba"},"url":"https:\/\/www.ladiagonale.net\/index.php\/author\/damien\/"}]}},"_links":{"self":[{"href":"https:\/\/www.ladiagonale.net\/index.php\/wp-json\/wp\/v2\/posts\/9411"}],"collection":[{"href":"https:\/\/www.ladiagonale.net\/index.php\/wp-json\/wp\/v2\/posts"}],"about":[{"href":"https:\/\/www.ladiagonale.net\/index.php\/wp-json\/wp\/v2\/types\/post"}],"author":[{"embeddable":true,"href":"https:\/\/www.ladiagonale.net\/index.php\/wp-json\/wp\/v2\/users\/2"}],"replies":[{"embeddable":true,"href":"https:\/\/www.ladiagonale.net\/index.php\/wp-json\/wp\/v2\/comments?post=9411"}],"version-history":[{"count":2,"href":"https:\/\/www.ladiagonale.net\/index.php\/wp-json\/wp\/v2\/posts\/9411\/revisions"}],"predecessor-version":[{"id":9445,"href":"https:\/\/www.ladiagonale.net\/index.php\/wp-json\/wp\/v2\/posts\/9411\/revisions\/9445"}],"wp:attachment":[{"href":"https:\/\/www.ladiagonale.net\/index.php\/wp-json\/wp\/v2\/media?parent=9411"}],"wp:term":[{"taxonomy":"category","embeddable":true,"href":"https:\/\/www.ladiagonale.net\/index.php\/wp-json\/wp\/v2\/categories?post=9411"},{"taxonomy":"post_tag","embeddable":true,"href":"https:\/\/www.ladiagonale.net\/index.php\/wp-json\/wp\/v2\/tags?post=9411"}],"curies":[{"name":"wp","href":"https:\/\/api.w.org\/{rel}","templated":true}]}}