{"id":9417,"date":"2023-02-09T15:11:34","date_gmt":"2023-02-09T14:11:34","guid":{"rendered":"https:\/\/www.ladiagonale.net\/?p=9417"},"modified":"2023-02-09T15:11:37","modified_gmt":"2023-02-09T14:11:37","slug":"vanderson-toujours-incertain-pour-paris-ben-seghir-de-retour","status":"publish","type":"post","link":"https:\/\/www.ladiagonale.net\/index.php\/2023\/02\/09\/vanderson-toujours-incertain-pour-paris-ben-seghir-de-retour\/","title":{"rendered":"Vanderson toujours incertain pour Paris, Ben Seghir de retour"},"content":{"rendered":"\n\n\n<p>Lors du week-end pr\u00e9c\u00e9dent contre Clermont, trois joueurs \u00e9taient absents et Monaco pourrait n\u2019en r\u00e9cup\u00e9rer qu\u2019un seul. Vanderson avait d\u00fb d\u00e9clarer forfait en raison d\u2019une g\u00eane au genou gauche. Son retour face au PSG n\u2019est pas certain puisque Philippe Clement a r\u00e9v\u00e9l\u00e9 que le lat\u00e9ral br\u00e9silien n&rsquo;avait pas retrouv\u00e9 le chemin de l&rsquo;entra\u00eenement.<\/p>\n\n\n\n<p>Autre absent contre Clermont, Malang Sarr est lui aussi tr\u00e8s incertain pour cette rencontre, en raison d\u2019une g\u00eane \u00e0 une hanche, d&rsquo;apr\u00e8s l&rsquo;entra\u00eeneur belge : \u00ab\u00a0<em>Il a un petit probl\u00e8me mais il y a un grand doute autour de lui pour samedi car il ne s\u2019est pas entra\u00een\u00e9 aujourd\u2019hui.<\/em>\u00a0\u00bb<\/p>\n\n\n\n<p>Bonne nouvelle en revanche, puisqu\u2019un retour d\u2019Eliesse Ben Seghir est en bonne voie. Le jeune milieu offensif s\u2019est de nouveau entra\u00een\u00e9 normalement ce jeudi : \u00ab\u00a0<em>Eliesse a fait son retour \u00e0 l\u2019entra\u00eenement pour la premi\u00e8re fois aujourd\u2019hui<\/em>\u00a0\u00bb, a confirm\u00e9 Philippe Clement.<\/p>\n","protected":false},"excerpt":{"rendered":"<p>Lors du week-end pr\u00e9c\u00e9dent contre Clermont, trois joueurs \u00e9taient absents et Monaco pourrait n\u2019en r\u00e9cup\u00e9rer qu\u2019un seul. Vanderson avait d\u00fb d\u00e9clarer forfait en raison d\u2019une g\u00eane au genou gauche. Son retour face au PSG n\u2019est pas certain puisque Philippe Clement a r\u00e9v\u00e9l\u00e9 que le lat\u00e9ral br\u00e9silien n&rsquo;avait pas retrouv\u00e9 le chemin de l&rsquo;entra\u00eenement. Autre absent [&#8230;]\n","protected":false},"author":2,"featured_media":0,"comment_status":"open","ping_status":"open","sticky":false,"template":"","format":"standard","meta":[],"categories":[6],"tags":[86,286,94,194,384,125],"yoast_head":"<!-- This site is optimized with the Yoast SEO plugin v19.8 - https:\/\/yoast.com\/wordpress\/plugins\/seo\/ -->\n<title>Vanderson toujours incertain pour Paris, Ben Seghir de retour - La Diagonale<\/title>\n<meta name=\"robots\" content=\"index, follow, max-snippet:-1, max-image-preview:large, max-video-preview:-1\" \/>\n<link rel=\"canonical\" href=\"https:\/\/www.ladiagonale.net\/index.php\/2023\/02\/09\/vanderson-toujours-incertain-pour-paris-ben-seghir-de-retour\/\" \/>\n<meta property=\"og:locale\" content=\"fr_FR\" \/>\n<meta property=\"og:type\" content=\"article\" \/>\n<meta property=\"og:title\" content=\"Vanderson toujours incertain pour Paris, Ben Seghir de retour - La Diagonale\" \/>\n<meta property=\"og:description\" content=\"Lors du week-end pr\u00e9c\u00e9dent contre Clermont, trois joueurs \u00e9taient absents et Monaco pourrait n\u2019en r\u00e9cup\u00e9rer qu\u2019un seul. Vanderson avait d\u00fb d\u00e9clarer forfait en raison d\u2019une g\u00eane au genou gauche. Son retour face au PSG n\u2019est pas certain puisque Philippe Clement a r\u00e9v\u00e9l\u00e9 que le lat\u00e9ral br\u00e9silien n&rsquo;avait pas retrouv\u00e9 le chemin de l&rsquo;entra\u00eenement. Autre absent [...]\" \/>\n<meta property=\"og:url\" content=\"https:\/\/www.ladiagonale.net\/index.php\/2023\/02\/09\/vanderson-toujours-incertain-pour-paris-ben-seghir-de-retour\/\" \/>\n<meta property=\"og:site_name\" content=\"La Diagonale\" \/>\n<meta property=\"article:published_time\" content=\"2023-02-09T14:11:34+00:00\" \/>\n<meta property=\"article:modified_time\" content=\"2023-02-09T14:11:37+00:00\" \/>\n<meta property=\"og:image\" content=\"https:\/\/www.ladiagonale.net\/wp-content\/uploads\/2022\/10\/vanderson.png\" \/>\n\t<meta property=\"og:image:width\" content=\"1160\" \/>\n\t<meta property=\"og:image:height\" content=\"650\" \/>\n\t<meta property=\"og:image:type\" content=\"image\/png\" \/>\n<meta name=\"author\" content=\"Damien Dellerba\" \/>\n<meta name=\"twitter:card\" content=\"summary_large_image\" \/>\n<meta name=\"twitter:image\" content=\"https:\/\/www.ladiagonale.net\/wp-content\/uploads\/2022\/10\/vanderson.png\" \/>\n<meta name=\"twitter:label1\" content=\"\u00c9crit par\" \/>\n\t<meta name=\"twitter:data1\" content=\"Damien Dellerba\" \/>\n\t<meta name=\"twitter:label2\" content=\"Dur\u00e9e de lecture estim\u00e9e\" \/>\n\t<meta name=\"twitter:data2\" content=\"1 minute\" \/>\n<script type=\"application\/ld+json\" class=\"yoast-schema-graph\">{\"@context\":\"https:\/\/schema.org\",\"@graph\":[{\"@type\":\"WebPage\",\"@id\":\"https:\/\/www.ladiagonale.net\/index.php\/2023\/02\/09\/vanderson-toujours-incertain-pour-paris-ben-seghir-de-retour\/\",\"url\":\"https:\/\/www.ladiagonale.net\/index.php\/2023\/02\/09\/vanderson-toujours-incertain-pour-paris-ben-seghir-de-retour\/\",\"name\":\"Vanderson toujours incertain pour Paris, Ben Seghir de retour - La Diagonale\",\"isPartOf\":{\"@id\":\"https:\/\/www.ladiagonale.net\/#website\"},\"datePublished\":\"2023-02-09T14:11:34+00:00\",\"dateModified\":\"2023-02-09T14:11:37+00:00\",\"author\":{\"@id\":\"https:\/\/www.ladiagonale.net\/#\/schema\/person\/79ff1e7b0853ed01b2aa26e64ad300bf\"},\"breadcrumb\":{\"@id\":\"https:\/\/www.ladiagonale.net\/index.php\/2023\/02\/09\/vanderson-toujours-incertain-pour-paris-ben-seghir-de-retour\/#breadcrumb\"},\"inLanguage\":\"fr-FR\",\"potentialAction\":[{\"@type\":\"ReadAction\",\"target\":[\"https:\/\/www.ladiagonale.net\/index.php\/2023\/02\/09\/vanderson-toujours-incertain-pour-paris-ben-seghir-de-retour\/\"]}]},{\"@type\":\"BreadcrumbList\",\"@id\":\"https:\/\/www.ladiagonale.net\/index.php\/2023\/02\/09\/vanderson-toujours-incertain-pour-paris-ben-seghir-de-retour\/#breadcrumb\",\"itemListElement\":[{\"@type\":\"ListItem\",\"position\":1,\"name\":\"Accueil\",\"item\":\"https:\/\/www.ladiagonale.net\/\"},{\"@type\":\"ListItem\",\"position\":2,\"name\":\"Vanderson toujours incertain pour Paris, Ben Seghir de retour\"}]},{\"@type\":\"WebSite\",\"@id\":\"https:\/\/www.ladiagonale.net\/#website\",\"url\":\"https:\/\/www.ladiagonale.net\/\",\"name\":\"La Diagonale\",\"description\":\"Le site des supporters de l&#039;AS Monaco FC\",\"potentialAction\":[{\"@type\":\"SearchAction\",\"target\":{\"@type\":\"EntryPoint\",\"urlTemplate\":\"https:\/\/www.ladiagonale.net\/?s={search_term_string}\"},\"query-input\":\"required name=search_term_string\"}],\"inLanguage\":\"fr-FR\"},{\"@type\":\"Person\",\"@id\":\"https:\/\/www.ladiagonale.net\/#\/schema\/person\/79ff1e7b0853ed01b2aa26e64ad300bf\",\"name\":\"Damien Dellerba\",\"image\":{\"@type\":\"ImageObject\",\"inLanguage\":\"fr-FR\",\"@id\":\"https:\/\/www.ladiagonale.net\/#\/schema\/person\/image\/\",\"url\":\"https:\/\/secure.gravatar.com\/avatar\/c7850e06d3ff63cdbaee88b7fc16e2f0?s=96&d=mm&r=g\",\"contentUrl\":\"https:\/\/secure.gravatar.com\/avatar\/c7850e06d3ff63cdbaee88b7fc16e2f0?s=96&d=mm&r=g\",\"caption\":\"Damien Dellerba\"},\"url\":\"https:\/\/www.ladiagonale.net\/index.php\/author\/damien\/\"}]}<\/script>\n<!-- \/ Yoast SEO plugin. -->","yoast_head_json":{"title":"Vanderson toujours incertain pour Paris, Ben Seghir de retour - La Diagonale","robots":{"index":"index","follow":"follow","max-snippet":"max-snippet:-1","max-image-preview":"max-image-preview:large","max-video-preview":"max-video-preview:-1"},"canonical":"https:\/\/www.ladiagonale.net\/index.php\/2023\/02\/09\/vanderson-toujours-incertain-pour-paris-ben-seghir-de-retour\/","og_locale":"fr_FR","og_type":"article","og_title":"Vanderson toujours incertain pour Paris, Ben Seghir de retour - La Diagonale","og_description":"Lors du week-end pr\u00e9c\u00e9dent contre Clermont, trois joueurs \u00e9taient absents et Monaco pourrait n\u2019en r\u00e9cup\u00e9rer qu\u2019un seul. Vanderson avait d\u00fb d\u00e9clarer forfait en raison d\u2019une g\u00eane au genou gauche. Son retour face au PSG n\u2019est pas certain puisque Philippe Clement a r\u00e9v\u00e9l\u00e9 que le lat\u00e9ral br\u00e9silien n&rsquo;avait pas retrouv\u00e9 le chemin de l&rsquo;entra\u00eenement. Autre absent [...]","og_url":"https:\/\/www.ladiagonale.net\/index.php\/2023\/02\/09\/vanderson-toujours-incertain-pour-paris-ben-seghir-de-retour\/","og_site_name":"La Diagonale","article_published_time":"2023-02-09T14:11:34+00:00","article_modified_time":"2023-02-09T14:11:37+00:00","og_image":[{"width":1160,"height":650,"url":"https:\/\/www.ladiagonale.net\/wp-content\/uploads\/2022\/10\/vanderson.png","type":"image\/png"}],"author":"Damien Dellerba","twitter_card":"summary_large_image","twitter_image":"https:\/\/www.ladiagonale.net\/wp-content\/uploads\/2022\/10\/vanderson.png","twitter_misc":{"\u00c9crit par":"Damien Dellerba","Dur\u00e9e de lecture estim\u00e9e":"1 minute"},"schema":{"@context":"https:\/\/schema.org","@graph":[{"@type":"WebPage","@id":"https:\/\/www.ladiagonale.net\/index.php\/2023\/02\/09\/vanderson-toujours-incertain-pour-paris-ben-seghir-de-retour\/","url":"https:\/\/www.ladiagonale.net\/index.php\/2023\/02\/09\/vanderson-toujours-incertain-pour-paris-ben-seghir-de-retour\/","name":"Vanderson toujours incertain pour Paris, Ben Seghir de retour - La Diagonale","isPartOf":{"@id":"https:\/\/www.ladiagonale.net\/#website"},"datePublished":"2023-02-09T14:11:34+00:00","dateModified":"2023-02-09T14:11:37+00:00","author":{"@id":"https:\/\/www.ladiagonale.net\/#\/schema\/person\/79ff1e7b0853ed01b2aa26e64ad300bf"},"breadcrumb":{"@id":"https:\/\/www.ladiagonale.net\/index.php\/2023\/02\/09\/vanderson-toujours-incertain-pour-paris-ben-seghir-de-retour\/#breadcrumb"},"inLanguage":"fr-FR","potentialAction":[{"@type":"ReadAction","target":["https:\/\/www.ladiagonale.net\/index.php\/2023\/02\/09\/vanderson-toujours-incertain-pour-paris-ben-seghir-de-retour\/"]}]},{"@type":"BreadcrumbList","@id":"https:\/\/www.ladiagonale.net\/index.php\/2023\/02\/09\/vanderson-toujours-incertain-pour-paris-ben-seghir-de-retour\/#breadcrumb","itemListElement":[{"@type":"ListItem","position":1,"name":"Accueil","item":"https:\/\/www.ladiagonale.net\/"},{"@type":"ListItem","position":2,"name":"Vanderson toujours incertain pour Paris, Ben Seghir de retour"}]},{"@type":"WebSite","@id":"https:\/\/www.ladiagonale.net\/#website","url":"https:\/\/www.ladiagonale.net\/","name":"La Diagonale","description":"Le site des supporters de l&#039;AS Monaco FC","potentialAction":[{"@type":"SearchAction","target":{"@type":"EntryPoint","urlTemplate":"https:\/\/www.ladiagonale.net\/?s={search_term_string}"},"query-input":"required name=search_term_string"}],"inLanguage":"fr-FR"},{"@type":"Person","@id":"https:\/\/www.ladiagonale.net\/#\/schema\/person\/79ff1e7b0853ed01b2aa26e64ad300bf","name":"Damien Dellerba","image":{"@type":"ImageObject","inLanguage":"fr-FR","@id":"https:\/\/www.ladiagonale.net\/#\/schema\/person\/image\/","url":"https:\/\/secure.gravatar.com\/avatar\/c7850e06d3ff63cdbaee88b7fc16e2f0?s=96&d=mm&r=g","contentUrl":"https:\/\/secure.gravatar.com\/avatar\/c7850e06d3ff63cdbaee88b7fc16e2f0?s=96&d=mm&r=g","caption":"Damien Dellerba"},"url":"https:\/\/www.ladiagonale.net\/index.php\/author\/damien\/"}]}},"_links":{"self":[{"href":"https:\/\/www.ladiagonale.net\/index.php\/wp-json\/wp\/v2\/posts\/9417"}],"collection":[{"href":"https:\/\/www.ladiagonale.net\/index.php\/wp-json\/wp\/v2\/posts"}],"about":[{"href":"https:\/\/www.ladiagonale.net\/index.php\/wp-json\/wp\/v2\/types\/post"}],"author":[{"embeddable":true,"href":"https:\/\/www.ladiagonale.net\/index.php\/wp-json\/wp\/v2\/users\/2"}],"replies":[{"embeddable":true,"href":"https:\/\/www.ladiagonale.net\/index.php\/wp-json\/wp\/v2\/comments?post=9417"}],"version-history":[{"count":1,"href":"https:\/\/www.ladiagonale.net\/index.php\/wp-json\/wp\/v2\/posts\/9417\/revisions"}],"predecessor-version":[{"id":9418,"href":"https:\/\/www.ladiagonale.net\/index.php\/wp-json\/wp\/v2\/posts\/9417\/revisions\/9418"}],"wp:attachment":[{"href":"https:\/\/www.ladiagonale.net\/index.php\/wp-json\/wp\/v2\/media?parent=9417"}],"wp:term":[{"taxonomy":"category","embeddable":true,"href":"https:\/\/www.ladiagonale.net\/index.php\/wp-json\/wp\/v2\/categories?post=9417"},{"taxonomy":"post_tag","embeddable":true,"href":"https:\/\/www.ladiagonale.net\/index.php\/wp-json\/wp\/v2\/tags?post=9417"}],"curies":[{"name":"wp","href":"https:\/\/api.w.org\/{rel}","templated":true}]}}