{"id":9486,"date":"2023-02-11T09:48:21","date_gmt":"2023-02-11T08:48:21","guid":{"rendered":"https:\/\/www.ladiagonale.net\/?p=9486"},"modified":"2023-02-11T09:50:00","modified_gmt":"2023-02-11T08:50:00","slug":"bunce-et-clement-ont-du-eduquer-golovin","status":"publish","type":"post","link":"https:\/\/www.ladiagonale.net\/index.php\/2023\/02\/11\/bunce-et-clement-ont-du-eduquer-golovin\/","title":{"rendered":"Bunce et Clement ont d\u00fb \u00ab\u00a0\u00e9duquer\u00a0\u00bb Golovin"},"content":{"rendered":"\n\n\n<p>Dans son \u00e9dition du jour, le journal <em>L\u2019\u00c9quipe<\/em> a consacr\u00e9 une double-page au renouveau d\u2019Aleksandr Golovin. Le milieu de terrain russe a jou\u00e9 30 des 31 matchs de l\u2019AS Monaco cette saison, et n\u2019en a loup\u00e9 qu\u2019un seul pour cause de suspension (<em>contre Strasbourg lors de la 1re journ\u00e9e<\/em>). Frein\u00e9 par les p\u00e9pins physiques, Golovin doit cette transformation au travail personnalis\u00e9 du staff avec lui : \u00ab <em>Il y a quinze mois, on s&rsquo;est r\u00e9unis avec Philippe Clement<\/em>, explique James Bunce, le directeur de la performance. <em>\u00ab\u00a0Golo\u00a0\u00bb \u00e9tait trop souvent bless\u00e9 et ratait de nombreux matches. Il a fallu le sensibiliser sur l&rsquo;importance de travailler plus et autrement, tout en prenant son temps, pour le rendre plus solide et plus consistant.<\/em>&nbsp;\u00bb<\/p>\n\n\n\n<p>James Bunce r\u00e9v\u00e8le qu\u2019il a fallu faire un v\u00e9ritable travail pour l\u2019accompagner sur ce chemin et dans cette progression : <em>\u00ab&nbsp;On l&rsquo;a \u00e9duqu\u00e9 sur sa nutrition, sa r\u00e9cup\u00e9ration. Le virage a \u00e9t\u00e9 de le sensibiliser sur l&rsquo;importance de ce travail de renforcement et de pr\u00e9vention pour le prot\u00e9ger des blessures et le renforcer. Tout est parti de l\u00e0.&nbsp;\u00bb<\/em> Et pour l&rsquo;Anglais, les r\u00e9sultats sont l\u00e0 : <em>\u00ab<\/em> <em>Golo est aujourd&rsquo;hui l&rsquo;un des joueurs les plus athl\u00e9tiques, pas seulement \u00e0 Monaco mais en Ligue&nbsp;1, ce qui lui permet de ne pas seulement se concentrer sur son jeu offensif. Il peut sprinter durant tout un match pour se replier.&nbsp;\u00bb<\/em><\/p>\n\n\n\n<blockquote class=\"wp-block-quote is-style-default has-medium-font-size\"><p><em><em>\u00ab<\/em><\/em> <em>Maintenant c&rsquo;est l&rsquo;un des premiers \u00e0 la salle de gym pour faire les exercices.<\/em> <em>\u00bb<\/em><\/p><cite>Philippe Clement, \u00e0 propos d&rsquo;Aleksandr Golovin<\/cite><\/blockquote>\n\n\n\n<p>Mais pour arriver \u00e0 un tel r\u00e9sultat, il faut \u00e9galement que cela passe par une prise de conscience du jour, indispensable, ce qui a \u00e9t\u00e9 le cas : <em>\u00ab&nbsp;C&rsquo;est un joueur intelligent, il a pris cet entretien et cette d\u00e9cision tr\u00e8s au s\u00e9rieux. On a d\u00e9cid\u00e9 de lui construire un corps solide, on l&rsquo;a pouss\u00e9, on a programm\u00e9 ses journ\u00e9es, ses semaines, ses mois, on lui a construit un corps pour qu&rsquo;il puisse multiplier les sprints, les changements de rythme.<\/em> <em>(&#8230;)<\/em> <em>Il a beaucoup travaill\u00e9 en salle de gym. Il travaille dur, il prend son temps, et aujourd&rsquo;hui il est capable d&rsquo;encha\u00eener trois matches en huit jours. \u00bb<\/em><\/p>\n\n\n\n<p>Son entra\u00eeneur, Philippe Clement, abonde dans le m\u00eame sens que James Bunce : <em>\u00ab Physiquement, ce n&rsquo;est plus le m\u00eame. Maintenant, c&rsquo;est l&rsquo;un des premiers \u00e0 la salle de gym pour faire les exercices. Il a senti qu&rsquo;il \u00e9tait un nouveau joueur gr\u00e2ce \u00e0 \u00e7a et son moteur lui permet de faire ce qu&rsquo;il fait maintenant. Avant, il n&rsquo;avait pas ce moteur, il devait choisir ses moments. Sa grande diff\u00e9rence, c&rsquo;est la fra\u00eecheur qu&rsquo;il garde tout au long du match sans avoir besoin de r\u00e9cup\u00e9rer. Tous les d\u00e9fis qu&rsquo;on lui a soumis depuis un an, il les a tous relev\u00e9s.&nbsp;\u00bb<\/em><\/p>\n","protected":false},"excerpt":{"rendered":"<p>Dans son \u00e9dition du jour, le journal L\u2019\u00c9quipe a consacr\u00e9 une double-page au renouveau d\u2019Aleksandr Golovin. Le milieu de terrain russe a jou\u00e9 30 des 31 matchs de l\u2019AS Monaco cette saison, et n\u2019en a loup\u00e9 qu\u2019un seul pour cause de suspension (contre Strasbourg lors de la 1re journ\u00e9e). Frein\u00e9 par les p\u00e9pins physiques, Golovin [&#8230;]\n","protected":false},"author":2,"featured_media":0,"comment_status":"open","ping_status":"open","sticky":false,"template":"","format":"standard","meta":[],"categories":[6],"tags":[184,86,138,191],"yoast_head":"<!-- This site is optimized with the Yoast SEO plugin v19.8 - https:\/\/yoast.com\/wordpress\/plugins\/seo\/ -->\n<title>Bunce et Clement ont d\u00fb \u00ab\u00a0\u00e9duquer\u00a0\u00bb Golovin - La Diagonale<\/title>\n<meta name=\"robots\" content=\"index, follow, max-snippet:-1, max-image-preview:large, max-video-preview:-1\" \/>\n<link rel=\"canonical\" href=\"https:\/\/www.ladiagonale.net\/index.php\/2023\/02\/11\/bunce-et-clement-ont-du-eduquer-golovin\/\" \/>\n<meta property=\"og:locale\" content=\"fr_FR\" \/>\n<meta property=\"og:type\" content=\"article\" \/>\n<meta property=\"og:title\" content=\"Bunce et Clement ont d\u00fb \u00ab\u00a0\u00e9duquer\u00a0\u00bb Golovin - La Diagonale\" \/>\n<meta property=\"og:description\" content=\"Dans son \u00e9dition du jour, le journal L\u2019\u00c9quipe a consacr\u00e9 une double-page au renouveau d\u2019Aleksandr Golovin. Le milieu de terrain russe a jou\u00e9 30 des 31 matchs de l\u2019AS Monaco cette saison, et n\u2019en a loup\u00e9 qu\u2019un seul pour cause de suspension (contre Strasbourg lors de la 1re journ\u00e9e). Frein\u00e9 par les p\u00e9pins physiques, Golovin [...]\" \/>\n<meta property=\"og:url\" content=\"https:\/\/www.ladiagonale.net\/index.php\/2023\/02\/11\/bunce-et-clement-ont-du-eduquer-golovin\/\" \/>\n<meta property=\"og:site_name\" content=\"La Diagonale\" \/>\n<meta property=\"article:published_time\" content=\"2023-02-11T08:48:21+00:00\" \/>\n<meta property=\"article:modified_time\" content=\"2023-02-11T08:50:00+00:00\" \/>\n<meta property=\"og:image\" content=\"https:\/\/www.ladiagonale.net\/wp-content\/uploads\/2022\/10\/golovin.png\" \/>\n\t<meta property=\"og:image:width\" content=\"1160\" \/>\n\t<meta property=\"og:image:height\" content=\"650\" \/>\n\t<meta property=\"og:image:type\" content=\"image\/png\" \/>\n<meta name=\"author\" content=\"Damien Dellerba\" \/>\n<meta name=\"twitter:card\" content=\"summary_large_image\" \/>\n<meta name=\"twitter:image\" content=\"https:\/\/www.ladiagonale.net\/wp-content\/uploads\/2022\/10\/golovin.png\" \/>\n<meta name=\"twitter:label1\" content=\"\u00c9crit par\" \/>\n\t<meta name=\"twitter:data1\" content=\"Damien Dellerba\" \/>\n\t<meta name=\"twitter:label2\" content=\"Dur\u00e9e de lecture estim\u00e9e\" \/>\n\t<meta name=\"twitter:data2\" content=\"3 minutes\" \/>\n<script type=\"application\/ld+json\" class=\"yoast-schema-graph\">{\"@context\":\"https:\/\/schema.org\",\"@graph\":[{\"@type\":\"WebPage\",\"@id\":\"https:\/\/www.ladiagonale.net\/index.php\/2023\/02\/11\/bunce-et-clement-ont-du-eduquer-golovin\/\",\"url\":\"https:\/\/www.ladiagonale.net\/index.php\/2023\/02\/11\/bunce-et-clement-ont-du-eduquer-golovin\/\",\"name\":\"Bunce et Clement ont d\u00fb \u00ab\u00a0\u00e9duquer\u00a0\u00bb Golovin - La Diagonale\",\"isPartOf\":{\"@id\":\"https:\/\/www.ladiagonale.net\/#website\"},\"datePublished\":\"2023-02-11T08:48:21+00:00\",\"dateModified\":\"2023-02-11T08:50:00+00:00\",\"author\":{\"@id\":\"https:\/\/www.ladiagonale.net\/#\/schema\/person\/79ff1e7b0853ed01b2aa26e64ad300bf\"},\"breadcrumb\":{\"@id\":\"https:\/\/www.ladiagonale.net\/index.php\/2023\/02\/11\/bunce-et-clement-ont-du-eduquer-golovin\/#breadcrumb\"},\"inLanguage\":\"fr-FR\",\"potentialAction\":[{\"@type\":\"ReadAction\",\"target\":[\"https:\/\/www.ladiagonale.net\/index.php\/2023\/02\/11\/bunce-et-clement-ont-du-eduquer-golovin\/\"]}]},{\"@type\":\"BreadcrumbList\",\"@id\":\"https:\/\/www.ladiagonale.net\/index.php\/2023\/02\/11\/bunce-et-clement-ont-du-eduquer-golovin\/#breadcrumb\",\"itemListElement\":[{\"@type\":\"ListItem\",\"position\":1,\"name\":\"Accueil\",\"item\":\"https:\/\/www.ladiagonale.net\/\"},{\"@type\":\"ListItem\",\"position\":2,\"name\":\"Bunce et Clement ont d\u00fb \u00ab\u00a0\u00e9duquer\u00a0\u00bb Golovin\"}]},{\"@type\":\"WebSite\",\"@id\":\"https:\/\/www.ladiagonale.net\/#website\",\"url\":\"https:\/\/www.ladiagonale.net\/\",\"name\":\"La Diagonale\",\"description\":\"Le site des supporters de l&#039;AS Monaco FC\",\"potentialAction\":[{\"@type\":\"SearchAction\",\"target\":{\"@type\":\"EntryPoint\",\"urlTemplate\":\"https:\/\/www.ladiagonale.net\/?s={search_term_string}\"},\"query-input\":\"required name=search_term_string\"}],\"inLanguage\":\"fr-FR\"},{\"@type\":\"Person\",\"@id\":\"https:\/\/www.ladiagonale.net\/#\/schema\/person\/79ff1e7b0853ed01b2aa26e64ad300bf\",\"name\":\"Damien Dellerba\",\"image\":{\"@type\":\"ImageObject\",\"inLanguage\":\"fr-FR\",\"@id\":\"https:\/\/www.ladiagonale.net\/#\/schema\/person\/image\/\",\"url\":\"https:\/\/secure.gravatar.com\/avatar\/c7850e06d3ff63cdbaee88b7fc16e2f0?s=96&d=mm&r=g\",\"contentUrl\":\"https:\/\/secure.gravatar.com\/avatar\/c7850e06d3ff63cdbaee88b7fc16e2f0?s=96&d=mm&r=g\",\"caption\":\"Damien Dellerba\"},\"url\":\"https:\/\/www.ladiagonale.net\/index.php\/author\/damien\/\"}]}<\/script>\n<!-- \/ Yoast SEO plugin. -->","yoast_head_json":{"title":"Bunce et Clement ont d\u00fb \u00ab\u00a0\u00e9duquer\u00a0\u00bb Golovin - La Diagonale","robots":{"index":"index","follow":"follow","max-snippet":"max-snippet:-1","max-image-preview":"max-image-preview:large","max-video-preview":"max-video-preview:-1"},"canonical":"https:\/\/www.ladiagonale.net\/index.php\/2023\/02\/11\/bunce-et-clement-ont-du-eduquer-golovin\/","og_locale":"fr_FR","og_type":"article","og_title":"Bunce et Clement ont d\u00fb \u00ab\u00a0\u00e9duquer\u00a0\u00bb Golovin - La Diagonale","og_description":"Dans son \u00e9dition du jour, le journal L\u2019\u00c9quipe a consacr\u00e9 une double-page au renouveau d\u2019Aleksandr Golovin. Le milieu de terrain russe a jou\u00e9 30 des 31 matchs de l\u2019AS Monaco cette saison, et n\u2019en a loup\u00e9 qu\u2019un seul pour cause de suspension (contre Strasbourg lors de la 1re journ\u00e9e). Frein\u00e9 par les p\u00e9pins physiques, Golovin [...]","og_url":"https:\/\/www.ladiagonale.net\/index.php\/2023\/02\/11\/bunce-et-clement-ont-du-eduquer-golovin\/","og_site_name":"La Diagonale","article_published_time":"2023-02-11T08:48:21+00:00","article_modified_time":"2023-02-11T08:50:00+00:00","og_image":[{"width":1160,"height":650,"url":"https:\/\/www.ladiagonale.net\/wp-content\/uploads\/2022\/10\/golovin.png","type":"image\/png"}],"author":"Damien Dellerba","twitter_card":"summary_large_image","twitter_image":"https:\/\/www.ladiagonale.net\/wp-content\/uploads\/2022\/10\/golovin.png","twitter_misc":{"\u00c9crit par":"Damien Dellerba","Dur\u00e9e de lecture estim\u00e9e":"3 minutes"},"schema":{"@context":"https:\/\/schema.org","@graph":[{"@type":"WebPage","@id":"https:\/\/www.ladiagonale.net\/index.php\/2023\/02\/11\/bunce-et-clement-ont-du-eduquer-golovin\/","url":"https:\/\/www.ladiagonale.net\/index.php\/2023\/02\/11\/bunce-et-clement-ont-du-eduquer-golovin\/","name":"Bunce et Clement ont d\u00fb \u00ab\u00a0\u00e9duquer\u00a0\u00bb Golovin - La Diagonale","isPartOf":{"@id":"https:\/\/www.ladiagonale.net\/#website"},"datePublished":"2023-02-11T08:48:21+00:00","dateModified":"2023-02-11T08:50:00+00:00","author":{"@id":"https:\/\/www.ladiagonale.net\/#\/schema\/person\/79ff1e7b0853ed01b2aa26e64ad300bf"},"breadcrumb":{"@id":"https:\/\/www.ladiagonale.net\/index.php\/2023\/02\/11\/bunce-et-clement-ont-du-eduquer-golovin\/#breadcrumb"},"inLanguage":"fr-FR","potentialAction":[{"@type":"ReadAction","target":["https:\/\/www.ladiagonale.net\/index.php\/2023\/02\/11\/bunce-et-clement-ont-du-eduquer-golovin\/"]}]},{"@type":"BreadcrumbList","@id":"https:\/\/www.ladiagonale.net\/index.php\/2023\/02\/11\/bunce-et-clement-ont-du-eduquer-golovin\/#breadcrumb","itemListElement":[{"@type":"ListItem","position":1,"name":"Accueil","item":"https:\/\/www.ladiagonale.net\/"},{"@type":"ListItem","position":2,"name":"Bunce et Clement ont d\u00fb \u00ab\u00a0\u00e9duquer\u00a0\u00bb Golovin"}]},{"@type":"WebSite","@id":"https:\/\/www.ladiagonale.net\/#website","url":"https:\/\/www.ladiagonale.net\/","name":"La Diagonale","description":"Le site des supporters de l&#039;AS Monaco FC","potentialAction":[{"@type":"SearchAction","target":{"@type":"EntryPoint","urlTemplate":"https:\/\/www.ladiagonale.net\/?s={search_term_string}"},"query-input":"required name=search_term_string"}],"inLanguage":"fr-FR"},{"@type":"Person","@id":"https:\/\/www.ladiagonale.net\/#\/schema\/person\/79ff1e7b0853ed01b2aa26e64ad300bf","name":"Damien Dellerba","image":{"@type":"ImageObject","inLanguage":"fr-FR","@id":"https:\/\/www.ladiagonale.net\/#\/schema\/person\/image\/","url":"https:\/\/secure.gravatar.com\/avatar\/c7850e06d3ff63cdbaee88b7fc16e2f0?s=96&d=mm&r=g","contentUrl":"https:\/\/secure.gravatar.com\/avatar\/c7850e06d3ff63cdbaee88b7fc16e2f0?s=96&d=mm&r=g","caption":"Damien Dellerba"},"url":"https:\/\/www.ladiagonale.net\/index.php\/author\/damien\/"}]}},"_links":{"self":[{"href":"https:\/\/www.ladiagonale.net\/index.php\/wp-json\/wp\/v2\/posts\/9486"}],"collection":[{"href":"https:\/\/www.ladiagonale.net\/index.php\/wp-json\/wp\/v2\/posts"}],"about":[{"href":"https:\/\/www.ladiagonale.net\/index.php\/wp-json\/wp\/v2\/types\/post"}],"author":[{"embeddable":true,"href":"https:\/\/www.ladiagonale.net\/index.php\/wp-json\/wp\/v2\/users\/2"}],"replies":[{"embeddable":true,"href":"https:\/\/www.ladiagonale.net\/index.php\/wp-json\/wp\/v2\/comments?post=9486"}],"version-history":[{"count":3,"href":"https:\/\/www.ladiagonale.net\/index.php\/wp-json\/wp\/v2\/posts\/9486\/revisions"}],"predecessor-version":[{"id":9489,"href":"https:\/\/www.ladiagonale.net\/index.php\/wp-json\/wp\/v2\/posts\/9486\/revisions\/9489"}],"wp:attachment":[{"href":"https:\/\/www.ladiagonale.net\/index.php\/wp-json\/wp\/v2\/media?parent=9486"}],"wp:term":[{"taxonomy":"category","embeddable":true,"href":"https:\/\/www.ladiagonale.net\/index.php\/wp-json\/wp\/v2\/categories?post=9486"},{"taxonomy":"post_tag","embeddable":true,"href":"https:\/\/www.ladiagonale.net\/index.php\/wp-json\/wp\/v2\/tags?post=9486"}],"curies":[{"name":"wp","href":"https:\/\/api.w.org\/{rel}","templated":true}]}}