{"id":9492,"date":"2023-02-11T10:38:59","date_gmt":"2023-02-11T09:38:59","guid":{"rendered":"https:\/\/www.ladiagonale.net\/?p=9492"},"modified":"2023-02-11T14:18:56","modified_gmt":"2023-02-11T13:18:56","slug":"c-henrique-si-le-psg-enchaine-les-defaites-on-pourra-penser-au-titre","status":"publish","type":"post","link":"https:\/\/www.ladiagonale.net\/index.php\/2023\/02\/11\/c-henrique-si-le-psg-enchaine-les-defaites-on-pourra-penser-au-titre\/","title":{"rendered":"C. Henrique : \u00ab\u00a0Si le PSG encha\u00eene les d\u00e9faites, on pourra penser au titre\u00a0\u00bb"},"content":{"rendered":"\n\n\n<p>Caio Henrique a donn\u00e9 un entretien par <em>Canal+<\/em> et a notamment \u00e9voqu\u00e9 la rencontre \u00e0 venir de l\u2019AS Monaco contre Paris ce samedi (17h) : \u00ab <em>On sait que ce sera un match difficile, ils ont une belle \u00e9quipe. On doit garder la t\u00eate froide si on veut avoir l\u2019occasion de marquer et de repartir avec les trois points. Sur les derniers matchs ils ont l\u00e2ch\u00e9 pas mal de points. Ils ont eu des d\u00e9faites et des matchs nuls. Mais on connait la qualit\u00e9 des joueurs de cette \u00e9quipe, ils sont de classe mondiale. Ils peuvent nous faire mal, on devra \u00eatre attentif et sans scrupule et leur mettre la pression d\u2019entr\u00e9e.<\/em> \u00bb<\/p>\n\n\n\n<p>Pour la cha\u00eene crypt\u00e9e, le lat\u00e9ral br\u00e9silien a aussi fait part des ambitions de l\u2019AS Monaco et des joueurs sur cette deuxi\u00e8me moiti\u00e9 de saison. Si Monaco venait \u00e0 s\u2019imposer face au PSG, il resterait encore sept points \u00e0 combler sur le leader, mais cela ne l\u2019emp\u00eache pas de r\u00eaver \u00e0 un potentiel titre : \u00ab <em>On commence \u00e0 s\u2019int\u00e9resser au classement et on voit qu\u2019on se rapproche des \u00e9quipes de devant donc on r\u00eave de se qualifier directement pour la Ligue des champions. Et puis, on ne sait jamais, si le PSG encha\u00eene des d\u00e9faites et nous les victoires, on pourra penser au titre.<\/em>&nbsp;\u00bb<\/p>\n\n\n\n<p>Auteur de sa septi\u00e8me passe d\u00e9cisive en Ligue 1 cette saison contre Clermont, Caio Henrique a admis \u00eatre satisfait de son niveau de performance actuel : \u00ab <em>Quand on peut marquer ou faire une passe d\u00e9cisive \u00e0 un co\u00e9quipier, c\u2019est merveilleux. Je suis satisfait de moi. Je travaille beaucoup pour aider l\u2019\u00e9quipe et \u00eatre d\u00e9cisif pour qu\u2019on gagne des matchs.<\/em> \u00bb Et il est aussi heureux de sa compl\u00e9mentarit\u00e9 avec Golovin : \u00ab <em>On a une bonne relation, aussi bien sur le terrain qu\u2019en dehors. C\u2019est un ami. C\u2019est vrai qu\u2019on a beaucoup d\u2019automatismes surtout apr\u00e8s trois ann\u00e9es \u00e0 jouer ensemble c\u00f4t\u00e9 gauche. Tant mieux si notre duo est une force pour l\u2019\u00e9quipe.<\/em> \u00bb<\/p>\n","protected":false},"excerpt":{"rendered":"<p>Caio Henrique a donn\u00e9 un entretien par Canal+ et a notamment \u00e9voqu\u00e9 la rencontre \u00e0 venir de l\u2019AS Monaco contre Paris ce samedi (17h) : \u00ab On sait que ce sera un match difficile, ils ont une belle \u00e9quipe. On doit garder la t\u00eate froide si on veut avoir l\u2019occasion de marquer et de repartir [&#8230;]\n","protected":false},"author":2,"featured_media":0,"comment_status":"open","ping_status":"open","sticky":false,"template":"","format":"standard","meta":[],"categories":[6],"tags":[86,137,94,384],"yoast_head":"<!-- This site is optimized with the Yoast SEO plugin v19.8 - https:\/\/yoast.com\/wordpress\/plugins\/seo\/ -->\n<title>C. Henrique : \u00ab\u00a0Si le PSG encha\u00eene les d\u00e9faites, on pourra penser au titre\u00a0\u00bb - La Diagonale<\/title>\n<meta name=\"robots\" content=\"index, follow, max-snippet:-1, max-image-preview:large, max-video-preview:-1\" \/>\n<link rel=\"canonical\" href=\"https:\/\/www.ladiagonale.net\/index.php\/2023\/02\/11\/c-henrique-si-le-psg-enchaine-les-defaites-on-pourra-penser-au-titre\/\" \/>\n<meta property=\"og:locale\" content=\"fr_FR\" \/>\n<meta property=\"og:type\" content=\"article\" \/>\n<meta property=\"og:title\" content=\"C. Henrique : \u00ab\u00a0Si le PSG encha\u00eene les d\u00e9faites, on pourra penser au titre\u00a0\u00bb - La Diagonale\" \/>\n<meta property=\"og:description\" content=\"Caio Henrique a donn\u00e9 un entretien par Canal+ et a notamment \u00e9voqu\u00e9 la rencontre \u00e0 venir de l\u2019AS Monaco contre Paris ce samedi (17h) : \u00ab On sait que ce sera un match difficile, ils ont une belle \u00e9quipe. On doit garder la t\u00eate froide si on veut avoir l\u2019occasion de marquer et de repartir [...]\" \/>\n<meta property=\"og:url\" content=\"https:\/\/www.ladiagonale.net\/index.php\/2023\/02\/11\/c-henrique-si-le-psg-enchaine-les-defaites-on-pourra-penser-au-titre\/\" \/>\n<meta property=\"og:site_name\" content=\"La Diagonale\" \/>\n<meta property=\"article:published_time\" content=\"2023-02-11T09:38:59+00:00\" \/>\n<meta property=\"article:modified_time\" content=\"2023-02-11T13:18:56+00:00\" \/>\n<meta property=\"og:image\" content=\"https:\/\/www.ladiagonale.net\/wp-content\/uploads\/2023\/02\/caio.png\" \/>\n\t<meta property=\"og:image:width\" content=\"1160\" \/>\n\t<meta property=\"og:image:height\" content=\"650\" \/>\n\t<meta property=\"og:image:type\" content=\"image\/png\" \/>\n<meta name=\"author\" content=\"Damien Dellerba\" \/>\n<meta name=\"twitter:card\" content=\"summary_large_image\" \/>\n<meta name=\"twitter:image\" content=\"https:\/\/www.ladiagonale.net\/wp-content\/uploads\/2023\/02\/caio.png\" \/>\n<meta name=\"twitter:label1\" content=\"\u00c9crit par\" \/>\n\t<meta name=\"twitter:data1\" content=\"Damien Dellerba\" \/>\n\t<meta name=\"twitter:label2\" content=\"Dur\u00e9e de lecture estim\u00e9e\" \/>\n\t<meta name=\"twitter:data2\" content=\"2 minutes\" \/>\n<script type=\"application\/ld+json\" class=\"yoast-schema-graph\">{\"@context\":\"https:\/\/schema.org\",\"@graph\":[{\"@type\":\"WebPage\",\"@id\":\"https:\/\/www.ladiagonale.net\/index.php\/2023\/02\/11\/c-henrique-si-le-psg-enchaine-les-defaites-on-pourra-penser-au-titre\/\",\"url\":\"https:\/\/www.ladiagonale.net\/index.php\/2023\/02\/11\/c-henrique-si-le-psg-enchaine-les-defaites-on-pourra-penser-au-titre\/\",\"name\":\"C. Henrique : \u00ab\u00a0Si le PSG encha\u00eene les d\u00e9faites, on pourra penser au titre\u00a0\u00bb - La Diagonale\",\"isPartOf\":{\"@id\":\"https:\/\/www.ladiagonale.net\/#website\"},\"datePublished\":\"2023-02-11T09:38:59+00:00\",\"dateModified\":\"2023-02-11T13:18:56+00:00\",\"author\":{\"@id\":\"https:\/\/www.ladiagonale.net\/#\/schema\/person\/79ff1e7b0853ed01b2aa26e64ad300bf\"},\"breadcrumb\":{\"@id\":\"https:\/\/www.ladiagonale.net\/index.php\/2023\/02\/11\/c-henrique-si-le-psg-enchaine-les-defaites-on-pourra-penser-au-titre\/#breadcrumb\"},\"inLanguage\":\"fr-FR\",\"potentialAction\":[{\"@type\":\"ReadAction\",\"target\":[\"https:\/\/www.ladiagonale.net\/index.php\/2023\/02\/11\/c-henrique-si-le-psg-enchaine-les-defaites-on-pourra-penser-au-titre\/\"]}]},{\"@type\":\"BreadcrumbList\",\"@id\":\"https:\/\/www.ladiagonale.net\/index.php\/2023\/02\/11\/c-henrique-si-le-psg-enchaine-les-defaites-on-pourra-penser-au-titre\/#breadcrumb\",\"itemListElement\":[{\"@type\":\"ListItem\",\"position\":1,\"name\":\"Accueil\",\"item\":\"https:\/\/www.ladiagonale.net\/\"},{\"@type\":\"ListItem\",\"position\":2,\"name\":\"C. Henrique : \u00ab\u00a0Si le PSG encha\u00eene les d\u00e9faites, on pourra penser au titre\u00a0\u00bb\"}]},{\"@type\":\"WebSite\",\"@id\":\"https:\/\/www.ladiagonale.net\/#website\",\"url\":\"https:\/\/www.ladiagonale.net\/\",\"name\":\"La Diagonale\",\"description\":\"Le site des supporters de l&#039;AS Monaco FC\",\"potentialAction\":[{\"@type\":\"SearchAction\",\"target\":{\"@type\":\"EntryPoint\",\"urlTemplate\":\"https:\/\/www.ladiagonale.net\/?s={search_term_string}\"},\"query-input\":\"required name=search_term_string\"}],\"inLanguage\":\"fr-FR\"},{\"@type\":\"Person\",\"@id\":\"https:\/\/www.ladiagonale.net\/#\/schema\/person\/79ff1e7b0853ed01b2aa26e64ad300bf\",\"name\":\"Damien Dellerba\",\"image\":{\"@type\":\"ImageObject\",\"inLanguage\":\"fr-FR\",\"@id\":\"https:\/\/www.ladiagonale.net\/#\/schema\/person\/image\/\",\"url\":\"https:\/\/secure.gravatar.com\/avatar\/c7850e06d3ff63cdbaee88b7fc16e2f0?s=96&d=mm&r=g\",\"contentUrl\":\"https:\/\/secure.gravatar.com\/avatar\/c7850e06d3ff63cdbaee88b7fc16e2f0?s=96&d=mm&r=g\",\"caption\":\"Damien Dellerba\"},\"url\":\"https:\/\/www.ladiagonale.net\/index.php\/author\/damien\/\"}]}<\/script>\n<!-- \/ Yoast SEO plugin. -->","yoast_head_json":{"title":"C. Henrique : \u00ab\u00a0Si le PSG encha\u00eene les d\u00e9faites, on pourra penser au titre\u00a0\u00bb - La Diagonale","robots":{"index":"index","follow":"follow","max-snippet":"max-snippet:-1","max-image-preview":"max-image-preview:large","max-video-preview":"max-video-preview:-1"},"canonical":"https:\/\/www.ladiagonale.net\/index.php\/2023\/02\/11\/c-henrique-si-le-psg-enchaine-les-defaites-on-pourra-penser-au-titre\/","og_locale":"fr_FR","og_type":"article","og_title":"C. Henrique : \u00ab\u00a0Si le PSG encha\u00eene les d\u00e9faites, on pourra penser au titre\u00a0\u00bb - La Diagonale","og_description":"Caio Henrique a donn\u00e9 un entretien par Canal+ et a notamment \u00e9voqu\u00e9 la rencontre \u00e0 venir de l\u2019AS Monaco contre Paris ce samedi (17h) : \u00ab On sait que ce sera un match difficile, ils ont une belle \u00e9quipe. On doit garder la t\u00eate froide si on veut avoir l\u2019occasion de marquer et de repartir [...]","og_url":"https:\/\/www.ladiagonale.net\/index.php\/2023\/02\/11\/c-henrique-si-le-psg-enchaine-les-defaites-on-pourra-penser-au-titre\/","og_site_name":"La Diagonale","article_published_time":"2023-02-11T09:38:59+00:00","article_modified_time":"2023-02-11T13:18:56+00:00","og_image":[{"width":1160,"height":650,"url":"https:\/\/www.ladiagonale.net\/wp-content\/uploads\/2023\/02\/caio.png","type":"image\/png"}],"author":"Damien Dellerba","twitter_card":"summary_large_image","twitter_image":"https:\/\/www.ladiagonale.net\/wp-content\/uploads\/2023\/02\/caio.png","twitter_misc":{"\u00c9crit par":"Damien Dellerba","Dur\u00e9e de lecture estim\u00e9e":"2 minutes"},"schema":{"@context":"https:\/\/schema.org","@graph":[{"@type":"WebPage","@id":"https:\/\/www.ladiagonale.net\/index.php\/2023\/02\/11\/c-henrique-si-le-psg-enchaine-les-defaites-on-pourra-penser-au-titre\/","url":"https:\/\/www.ladiagonale.net\/index.php\/2023\/02\/11\/c-henrique-si-le-psg-enchaine-les-defaites-on-pourra-penser-au-titre\/","name":"C. Henrique : \u00ab\u00a0Si le PSG encha\u00eene les d\u00e9faites, on pourra penser au titre\u00a0\u00bb - La Diagonale","isPartOf":{"@id":"https:\/\/www.ladiagonale.net\/#website"},"datePublished":"2023-02-11T09:38:59+00:00","dateModified":"2023-02-11T13:18:56+00:00","author":{"@id":"https:\/\/www.ladiagonale.net\/#\/schema\/person\/79ff1e7b0853ed01b2aa26e64ad300bf"},"breadcrumb":{"@id":"https:\/\/www.ladiagonale.net\/index.php\/2023\/02\/11\/c-henrique-si-le-psg-enchaine-les-defaites-on-pourra-penser-au-titre\/#breadcrumb"},"inLanguage":"fr-FR","potentialAction":[{"@type":"ReadAction","target":["https:\/\/www.ladiagonale.net\/index.php\/2023\/02\/11\/c-henrique-si-le-psg-enchaine-les-defaites-on-pourra-penser-au-titre\/"]}]},{"@type":"BreadcrumbList","@id":"https:\/\/www.ladiagonale.net\/index.php\/2023\/02\/11\/c-henrique-si-le-psg-enchaine-les-defaites-on-pourra-penser-au-titre\/#breadcrumb","itemListElement":[{"@type":"ListItem","position":1,"name":"Accueil","item":"https:\/\/www.ladiagonale.net\/"},{"@type":"ListItem","position":2,"name":"C. Henrique : \u00ab\u00a0Si le PSG encha\u00eene les d\u00e9faites, on pourra penser au titre\u00a0\u00bb"}]},{"@type":"WebSite","@id":"https:\/\/www.ladiagonale.net\/#website","url":"https:\/\/www.ladiagonale.net\/","name":"La Diagonale","description":"Le site des supporters de l&#039;AS Monaco FC","potentialAction":[{"@type":"SearchAction","target":{"@type":"EntryPoint","urlTemplate":"https:\/\/www.ladiagonale.net\/?s={search_term_string}"},"query-input":"required name=search_term_string"}],"inLanguage":"fr-FR"},{"@type":"Person","@id":"https:\/\/www.ladiagonale.net\/#\/schema\/person\/79ff1e7b0853ed01b2aa26e64ad300bf","name":"Damien Dellerba","image":{"@type":"ImageObject","inLanguage":"fr-FR","@id":"https:\/\/www.ladiagonale.net\/#\/schema\/person\/image\/","url":"https:\/\/secure.gravatar.com\/avatar\/c7850e06d3ff63cdbaee88b7fc16e2f0?s=96&d=mm&r=g","contentUrl":"https:\/\/secure.gravatar.com\/avatar\/c7850e06d3ff63cdbaee88b7fc16e2f0?s=96&d=mm&r=g","caption":"Damien Dellerba"},"url":"https:\/\/www.ladiagonale.net\/index.php\/author\/damien\/"}]}},"_links":{"self":[{"href":"https:\/\/www.ladiagonale.net\/index.php\/wp-json\/wp\/v2\/posts\/9492"}],"collection":[{"href":"https:\/\/www.ladiagonale.net\/index.php\/wp-json\/wp\/v2\/posts"}],"about":[{"href":"https:\/\/www.ladiagonale.net\/index.php\/wp-json\/wp\/v2\/types\/post"}],"author":[{"embeddable":true,"href":"https:\/\/www.ladiagonale.net\/index.php\/wp-json\/wp\/v2\/users\/2"}],"replies":[{"embeddable":true,"href":"https:\/\/www.ladiagonale.net\/index.php\/wp-json\/wp\/v2\/comments?post=9492"}],"version-history":[{"count":2,"href":"https:\/\/www.ladiagonale.net\/index.php\/wp-json\/wp\/v2\/posts\/9492\/revisions"}],"predecessor-version":[{"id":9535,"href":"https:\/\/www.ladiagonale.net\/index.php\/wp-json\/wp\/v2\/posts\/9492\/revisions\/9535"}],"wp:attachment":[{"href":"https:\/\/www.ladiagonale.net\/index.php\/wp-json\/wp\/v2\/media?parent=9492"}],"wp:term":[{"taxonomy":"category","embeddable":true,"href":"https:\/\/www.ladiagonale.net\/index.php\/wp-json\/wp\/v2\/categories?post=9492"},{"taxonomy":"post_tag","embeddable":true,"href":"https:\/\/www.ladiagonale.net\/index.php\/wp-json\/wp\/v2\/tags?post=9492"}],"curies":[{"name":"wp","href":"https:\/\/api.w.org\/{rel}","templated":true}]}}