{"id":9530,"date":"2023-02-11T11:30:49","date_gmt":"2023-02-11T10:30:49","guid":{"rendered":"https:\/\/www.ladiagonale.net\/?p=9530"},"modified":"2023-02-11T13:50:40","modified_gmt":"2023-02-11T12:50:40","slug":"monaco-paris-sg-chaine-tv-commentateurs-rediffusion-2","status":"publish","type":"post","link":"https:\/\/www.ladiagonale.net\/index.php\/2023\/02\/11\/monaco-paris-sg-chaine-tv-commentateurs-rediffusion-2\/","title":{"rendered":"Monaco-Paris SG : cha\u00eene TV, commentateurs, rediffusion"},"content":{"rendered":"\n\n\n<p>L&rsquo;AS Monaco re\u00e7oit le PSG ce samedi (17h), dans le cadre de la 23<sup>e<\/sup> journ\u00e9e de Ligue 1. La rencontre sera retransmise en exclusivit\u00e9 sur la plateforme de streaming d&rsquo;Amazon, <em>Prime Video. <\/em>Pour pouvoir la regarder en direct ou en diff\u00e9r\u00e9, il faudra <a href=\"https:\/\/www.primevideo.com\/storefront\/ref=atv_3p_lig_c_jN3BLM_kQMVdv_1_1?contentType=subscription&amp;contentId=ligue1fr&amp;benefitId=ligue1fr\">souscrire \u00e0 un abonnement<\/a> au service Amazon Prime ainsi qu&rsquo;au <em>Pass Ligue 1<\/em>. Celui-ci est une nouvelle fois en promotion, passant d\u00e9sormais \u00e0 54 euros jusqu&rsquo;\u00e0 la fin de la saison.<\/p>\n\n\n\n<p>La prise d&rsquo;antenne depuis le stade Louis-II est pr\u00e9vue pour 16h40. La pr\u00e9sentation du match sera assur\u00e9e par Thibault Le Rol et Thierry Henry. Julien Brun sera le commentateur et il sera associ\u00e9 \u00e0 Benoit Cheyrou. Le micro du bord terrain sera confi\u00e9 \u00e0 David Aiello. Un replay du match sera disponible quinze minutes apr\u00e8s la fin de la retransmission et ce durant sept jours.<\/p>\n\n\n\n<p>Source : <a href=\"https:\/\/twitter.com\/EnPleineLucarne\">En Pleine Lucarne<\/a><\/p>\n","protected":false},"excerpt":{"rendered":"<p>L&rsquo;AS Monaco re\u00e7oit le PSG ce samedi (17h), dans le cadre de la 23e journ\u00e9e de Ligue 1. La rencontre sera retransmise en exclusivit\u00e9 sur la plateforme de streaming d&rsquo;Amazon, Prime Video. Pour pouvoir la regarder en direct ou en diff\u00e9r\u00e9, il faudra souscrire \u00e0 un abonnement au service Amazon Prime ainsi qu&rsquo;au Pass Ligue [&#8230;]\n","protected":false},"author":2,"featured_media":0,"comment_status":"open","ping_status":"open","sticky":false,"template":"","format":"standard","meta":[],"categories":[6],"tags":[86,235,94,384],"yoast_head":"<!-- This site is optimized with the Yoast SEO plugin v19.8 - https:\/\/yoast.com\/wordpress\/plugins\/seo\/ -->\n<title>Monaco-Paris SG : cha\u00eene TV, commentateurs, rediffusion - La Diagonale<\/title>\n<meta name=\"robots\" content=\"index, follow, max-snippet:-1, max-image-preview:large, max-video-preview:-1\" \/>\n<link rel=\"canonical\" href=\"https:\/\/www.ladiagonale.net\/index.php\/2023\/02\/11\/monaco-paris-sg-chaine-tv-commentateurs-rediffusion-2\/\" \/>\n<meta property=\"og:locale\" content=\"fr_FR\" \/>\n<meta property=\"og:type\" content=\"article\" \/>\n<meta property=\"og:title\" content=\"Monaco-Paris SG : cha\u00eene TV, commentateurs, rediffusion - La Diagonale\" \/>\n<meta property=\"og:description\" content=\"L&rsquo;AS Monaco re\u00e7oit le PSG ce samedi (17h), dans le cadre de la 23e journ\u00e9e de Ligue 1. La rencontre sera retransmise en exclusivit\u00e9 sur la plateforme de streaming d&rsquo;Amazon, Prime Video. Pour pouvoir la regarder en direct ou en diff\u00e9r\u00e9, il faudra souscrire \u00e0 un abonnement au service Amazon Prime ainsi qu&rsquo;au Pass Ligue [...]\" \/>\n<meta property=\"og:url\" content=\"https:\/\/www.ladiagonale.net\/index.php\/2023\/02\/11\/monaco-paris-sg-chaine-tv-commentateurs-rediffusion-2\/\" \/>\n<meta property=\"og:site_name\" content=\"La Diagonale\" \/>\n<meta property=\"article:published_time\" content=\"2023-02-11T10:30:49+00:00\" \/>\n<meta property=\"article:modified_time\" content=\"2023-02-11T12:50:40+00:00\" \/>\n<meta property=\"og:image\" content=\"https:\/\/www.ladiagonale.net\/wp-content\/uploads\/2022\/10\/prime.png\" \/>\n\t<meta property=\"og:image:width\" content=\"1160\" \/>\n\t<meta property=\"og:image:height\" content=\"650\" \/>\n\t<meta property=\"og:image:type\" content=\"image\/png\" \/>\n<meta name=\"author\" content=\"Damien Dellerba\" \/>\n<meta name=\"twitter:card\" content=\"summary_large_image\" \/>\n<meta name=\"twitter:image\" content=\"https:\/\/www.ladiagonale.net\/wp-content\/uploads\/2022\/10\/prime.png\" \/>\n<meta name=\"twitter:label1\" content=\"\u00c9crit par\" \/>\n\t<meta name=\"twitter:data1\" content=\"Damien Dellerba\" \/>\n\t<meta name=\"twitter:label2\" content=\"Dur\u00e9e de lecture estim\u00e9e\" \/>\n\t<meta name=\"twitter:data2\" content=\"1 minute\" \/>\n<script type=\"application\/ld+json\" class=\"yoast-schema-graph\">{\"@context\":\"https:\/\/schema.org\",\"@graph\":[{\"@type\":\"WebPage\",\"@id\":\"https:\/\/www.ladiagonale.net\/index.php\/2023\/02\/11\/monaco-paris-sg-chaine-tv-commentateurs-rediffusion-2\/\",\"url\":\"https:\/\/www.ladiagonale.net\/index.php\/2023\/02\/11\/monaco-paris-sg-chaine-tv-commentateurs-rediffusion-2\/\",\"name\":\"Monaco-Paris SG : cha\u00eene TV, commentateurs, rediffusion - La Diagonale\",\"isPartOf\":{\"@id\":\"https:\/\/www.ladiagonale.net\/#website\"},\"datePublished\":\"2023-02-11T10:30:49+00:00\",\"dateModified\":\"2023-02-11T12:50:40+00:00\",\"author\":{\"@id\":\"https:\/\/www.ladiagonale.net\/#\/schema\/person\/79ff1e7b0853ed01b2aa26e64ad300bf\"},\"breadcrumb\":{\"@id\":\"https:\/\/www.ladiagonale.net\/index.php\/2023\/02\/11\/monaco-paris-sg-chaine-tv-commentateurs-rediffusion-2\/#breadcrumb\"},\"inLanguage\":\"fr-FR\",\"potentialAction\":[{\"@type\":\"ReadAction\",\"target\":[\"https:\/\/www.ladiagonale.net\/index.php\/2023\/02\/11\/monaco-paris-sg-chaine-tv-commentateurs-rediffusion-2\/\"]}]},{\"@type\":\"BreadcrumbList\",\"@id\":\"https:\/\/www.ladiagonale.net\/index.php\/2023\/02\/11\/monaco-paris-sg-chaine-tv-commentateurs-rediffusion-2\/#breadcrumb\",\"itemListElement\":[{\"@type\":\"ListItem\",\"position\":1,\"name\":\"Accueil\",\"item\":\"https:\/\/www.ladiagonale.net\/\"},{\"@type\":\"ListItem\",\"position\":2,\"name\":\"Monaco-Paris SG : cha\u00eene TV, commentateurs, rediffusion\"}]},{\"@type\":\"WebSite\",\"@id\":\"https:\/\/www.ladiagonale.net\/#website\",\"url\":\"https:\/\/www.ladiagonale.net\/\",\"name\":\"La Diagonale\",\"description\":\"Le site des supporters de l&#039;AS Monaco FC\",\"potentialAction\":[{\"@type\":\"SearchAction\",\"target\":{\"@type\":\"EntryPoint\",\"urlTemplate\":\"https:\/\/www.ladiagonale.net\/?s={search_term_string}\"},\"query-input\":\"required name=search_term_string\"}],\"inLanguage\":\"fr-FR\"},{\"@type\":\"Person\",\"@id\":\"https:\/\/www.ladiagonale.net\/#\/schema\/person\/79ff1e7b0853ed01b2aa26e64ad300bf\",\"name\":\"Damien Dellerba\",\"image\":{\"@type\":\"ImageObject\",\"inLanguage\":\"fr-FR\",\"@id\":\"https:\/\/www.ladiagonale.net\/#\/schema\/person\/image\/\",\"url\":\"https:\/\/secure.gravatar.com\/avatar\/c7850e06d3ff63cdbaee88b7fc16e2f0?s=96&d=mm&r=g\",\"contentUrl\":\"https:\/\/secure.gravatar.com\/avatar\/c7850e06d3ff63cdbaee88b7fc16e2f0?s=96&d=mm&r=g\",\"caption\":\"Damien Dellerba\"},\"url\":\"https:\/\/www.ladiagonale.net\/index.php\/author\/damien\/\"}]}<\/script>\n<!-- \/ Yoast SEO plugin. -->","yoast_head_json":{"title":"Monaco-Paris SG : cha\u00eene TV, commentateurs, rediffusion - La Diagonale","robots":{"index":"index","follow":"follow","max-snippet":"max-snippet:-1","max-image-preview":"max-image-preview:large","max-video-preview":"max-video-preview:-1"},"canonical":"https:\/\/www.ladiagonale.net\/index.php\/2023\/02\/11\/monaco-paris-sg-chaine-tv-commentateurs-rediffusion-2\/","og_locale":"fr_FR","og_type":"article","og_title":"Monaco-Paris SG : cha\u00eene TV, commentateurs, rediffusion - La Diagonale","og_description":"L&rsquo;AS Monaco re\u00e7oit le PSG ce samedi (17h), dans le cadre de la 23e journ\u00e9e de Ligue 1. La rencontre sera retransmise en exclusivit\u00e9 sur la plateforme de streaming d&rsquo;Amazon, Prime Video. Pour pouvoir la regarder en direct ou en diff\u00e9r\u00e9, il faudra souscrire \u00e0 un abonnement au service Amazon Prime ainsi qu&rsquo;au Pass Ligue [...]","og_url":"https:\/\/www.ladiagonale.net\/index.php\/2023\/02\/11\/monaco-paris-sg-chaine-tv-commentateurs-rediffusion-2\/","og_site_name":"La Diagonale","article_published_time":"2023-02-11T10:30:49+00:00","article_modified_time":"2023-02-11T12:50:40+00:00","og_image":[{"width":1160,"height":650,"url":"https:\/\/www.ladiagonale.net\/wp-content\/uploads\/2022\/10\/prime.png","type":"image\/png"}],"author":"Damien Dellerba","twitter_card":"summary_large_image","twitter_image":"https:\/\/www.ladiagonale.net\/wp-content\/uploads\/2022\/10\/prime.png","twitter_misc":{"\u00c9crit par":"Damien Dellerba","Dur\u00e9e de lecture estim\u00e9e":"1 minute"},"schema":{"@context":"https:\/\/schema.org","@graph":[{"@type":"WebPage","@id":"https:\/\/www.ladiagonale.net\/index.php\/2023\/02\/11\/monaco-paris-sg-chaine-tv-commentateurs-rediffusion-2\/","url":"https:\/\/www.ladiagonale.net\/index.php\/2023\/02\/11\/monaco-paris-sg-chaine-tv-commentateurs-rediffusion-2\/","name":"Monaco-Paris SG : cha\u00eene TV, commentateurs, rediffusion - La Diagonale","isPartOf":{"@id":"https:\/\/www.ladiagonale.net\/#website"},"datePublished":"2023-02-11T10:30:49+00:00","dateModified":"2023-02-11T12:50:40+00:00","author":{"@id":"https:\/\/www.ladiagonale.net\/#\/schema\/person\/79ff1e7b0853ed01b2aa26e64ad300bf"},"breadcrumb":{"@id":"https:\/\/www.ladiagonale.net\/index.php\/2023\/02\/11\/monaco-paris-sg-chaine-tv-commentateurs-rediffusion-2\/#breadcrumb"},"inLanguage":"fr-FR","potentialAction":[{"@type":"ReadAction","target":["https:\/\/www.ladiagonale.net\/index.php\/2023\/02\/11\/monaco-paris-sg-chaine-tv-commentateurs-rediffusion-2\/"]}]},{"@type":"BreadcrumbList","@id":"https:\/\/www.ladiagonale.net\/index.php\/2023\/02\/11\/monaco-paris-sg-chaine-tv-commentateurs-rediffusion-2\/#breadcrumb","itemListElement":[{"@type":"ListItem","position":1,"name":"Accueil","item":"https:\/\/www.ladiagonale.net\/"},{"@type":"ListItem","position":2,"name":"Monaco-Paris SG : cha\u00eene TV, commentateurs, rediffusion"}]},{"@type":"WebSite","@id":"https:\/\/www.ladiagonale.net\/#website","url":"https:\/\/www.ladiagonale.net\/","name":"La Diagonale","description":"Le site des supporters de l&#039;AS Monaco FC","potentialAction":[{"@type":"SearchAction","target":{"@type":"EntryPoint","urlTemplate":"https:\/\/www.ladiagonale.net\/?s={search_term_string}"},"query-input":"required name=search_term_string"}],"inLanguage":"fr-FR"},{"@type":"Person","@id":"https:\/\/www.ladiagonale.net\/#\/schema\/person\/79ff1e7b0853ed01b2aa26e64ad300bf","name":"Damien Dellerba","image":{"@type":"ImageObject","inLanguage":"fr-FR","@id":"https:\/\/www.ladiagonale.net\/#\/schema\/person\/image\/","url":"https:\/\/secure.gravatar.com\/avatar\/c7850e06d3ff63cdbaee88b7fc16e2f0?s=96&d=mm&r=g","contentUrl":"https:\/\/secure.gravatar.com\/avatar\/c7850e06d3ff63cdbaee88b7fc16e2f0?s=96&d=mm&r=g","caption":"Damien Dellerba"},"url":"https:\/\/www.ladiagonale.net\/index.php\/author\/damien\/"}]}},"_links":{"self":[{"href":"https:\/\/www.ladiagonale.net\/index.php\/wp-json\/wp\/v2\/posts\/9530"}],"collection":[{"href":"https:\/\/www.ladiagonale.net\/index.php\/wp-json\/wp\/v2\/posts"}],"about":[{"href":"https:\/\/www.ladiagonale.net\/index.php\/wp-json\/wp\/v2\/types\/post"}],"author":[{"embeddable":true,"href":"https:\/\/www.ladiagonale.net\/index.php\/wp-json\/wp\/v2\/users\/2"}],"replies":[{"embeddable":true,"href":"https:\/\/www.ladiagonale.net\/index.php\/wp-json\/wp\/v2\/comments?post=9530"}],"version-history":[{"count":2,"href":"https:\/\/www.ladiagonale.net\/index.php\/wp-json\/wp\/v2\/posts\/9530\/revisions"}],"predecessor-version":[{"id":9534,"href":"https:\/\/www.ladiagonale.net\/index.php\/wp-json\/wp\/v2\/posts\/9530\/revisions\/9534"}],"wp:attachment":[{"href":"https:\/\/www.ladiagonale.net\/index.php\/wp-json\/wp\/v2\/media?parent=9530"}],"wp:term":[{"taxonomy":"category","embeddable":true,"href":"https:\/\/www.ladiagonale.net\/index.php\/wp-json\/wp\/v2\/categories?post=9530"},{"taxonomy":"post_tag","embeddable":true,"href":"https:\/\/www.ladiagonale.net\/index.php\/wp-json\/wp\/v2\/tags?post=9530"}],"curies":[{"name":"wp","href":"https:\/\/api.w.org\/{rel}","templated":true}]}}