{"id":9559,"date":"2023-02-11T20:39:43","date_gmt":"2023-02-11T19:39:43","guid":{"rendered":"https:\/\/www.ladiagonale.net\/?p=9559"},"modified":"2023-02-12T02:11:19","modified_gmt":"2023-02-12T01:11:19","slug":"les-perfs-ben-yedder-confirme-sa-bonne-forme","status":"publish","type":"post","link":"https:\/\/www.ladiagonale.net\/index.php\/2023\/02\/11\/les-perfs-ben-yedder-confirme-sa-bonne-forme\/","title":{"rendered":"Les perfs : Ben Yedder confirme sa bonne forme"},"content":{"rendered":"\n<p><strong>Monaco a livr\u00e9 une prestation exemplaire face au PSG. Ben Yedder a inscrit un doubl\u00e9 et se positionne d\u00e9sormais en t\u00eate du classement des buteurs, \u00e0 \u00e9galit\u00e9 avec Balogun<\/strong>.<\/p>\n\n\n\n<h4 class=\"has-white-color has-text-color has-background\" style=\"background-color:#14902d\">Top : Wissam BEN YEDDER<\/h4>\n\n\n\n<div class=\"wp-block-media-text alignwide is-stacked-on-mobile\" style=\"grid-template-columns:20% auto\"><figure class=\"wp-block-media-text__media\"><img loading=\"lazy\" width=\"256\" height=\"256\" src=\"https:\/\/www.ladiagonale.net\/wp-content\/uploads\/2023\/02\/top-ben-yedder.png\" alt=\"\" class=\"wp-image-9515 size-full\"\/><\/figure><div class=\"wp-block-media-text__content\">\n<p style=\"font-size:16px\">Face au PSG, Ben Yedder aime inscrire des doubl\u00e9s. Clement lui a fait confiance en l&rsquo;alignant d&rsquo;entr\u00e9e et le capitaine mon\u00e9gasque lui a rendu cette confiance. Il a \u00e9t\u00e9 tr\u00e8s pr\u00e9sent dans le jeu et a beaucoup jou\u00e9 pour ses co\u00e9quipiers. Il est \u00e0 l&rsquo;origine du premier but (4<sup>e<\/sup>) et a frapp\u00e9 deux fois (18e, 45<sup>e<\/sup>+1). Il a aussi id\u00e9alement lanc\u00e9 Golovin (41<sup>e<\/sup>). Gourmand avec le ballon, il a gratifi\u00e9 les spectateurs de quelques beaux gestes techniques. comme cette talonnade pour Aguilar (27<sup>e<\/sup>). Remplac\u00e9 par <strong>EMBOLO<\/strong> (72<sup>e<\/sup>) qui s&rsquo;est procur\u00e9 deux situations (78<sup>e<\/sup>, 83<sup>e<\/sup>).<\/p>\n<\/div><\/div>\n\n\n\n<div style=\"height:20px\" aria-hidden=\"true\" class=\"wp-block-spacer\"><\/div>\n\n\n\n<h4 class=\"has-white-color has-text-color has-background\" style=\"background-color:#14902d\">Top : Aleksandr GOLOVIN<\/h4>\n\n\n\n<div class=\"wp-block-media-text alignwide is-stacked-on-mobile\" style=\"grid-template-columns:20% auto\"><figure class=\"wp-block-media-text__media\"><img loading=\"lazy\" width=\"256\" height=\"256\" src=\"https:\/\/www.ladiagonale.net\/wp-content\/uploads\/2022\/10\/top-golovin.png\" alt=\"\" class=\"wp-image-4956 size-full\"\/><\/figure><div class=\"wp-block-media-text__content\">\n<p style=\"font-size:16px\">Il s&rsquo;est montr\u00e9 opportuniste sur le but et cela a mis Monaco sur de bons rails (4<sup>e<\/sup>). Malheureusement il \u00e9choue face \u00e0 Donnarumma avant la mi-temps (41<sup>e<\/sup>), ce qui aurait pu dissiper le moment de flottement des Mon\u00e9gasques. Mais pour fluidifier le jeu, il a encore \u00e9t\u00e9 ultra-important. Remplac\u00e9 par <strong>JAKOBS<\/strong> (80<sup>e<\/sup>) qui g\u00e2che une situation (81<sup>e<\/sup>) mais qui fait aussi un bon d\u00e9calage pour Embolo. <\/p>\n<\/div><\/div>\n\n\n\n<div style=\"height:20px\" aria-hidden=\"true\" class=\"wp-block-spacer\"><\/div>\n\n\n\n<h4 class=\"has-white-color has-text-color has-background\" style=\"background-color:#14902d\">Top : Mohamed CAMARA<\/h4>\n\n\n\n<div class=\"wp-block-media-text alignwide is-stacked-on-mobile\" style=\"grid-template-columns:20% auto\"><figure class=\"wp-block-media-text__media\"><img loading=\"lazy\" width=\"256\" height=\"256\" src=\"https:\/\/www.ladiagonale.net\/wp-content\/uploads\/2023\/02\/top-camara.png\" alt=\"\" class=\"wp-image-9516 size-full\"\/><\/figure><div class=\"wp-block-media-text__content\">\n<p style=\"font-size:16px\">Apr\u00e8s deux rencontres o\u00f9 il a \u00e9t\u00e9 un peu en-dessous, le milieu de terrain malien a sign\u00e9 une tr\u00e8s bonne performance au milieu de terrain. Tr\u00e8s pr\u00e9sent dans l&rsquo;entrejeu, il a \u00e9t\u00e9 actif \u00e0 la r\u00e9cup\u00e9ration et pr\u00e9cieux pour couper les passes parisiennes. Pas toujours tr\u00e8s juste dans ses sorties de balles mais il s&rsquo;est aussi montr\u00e9 tr\u00e8s g\u00e9n\u00e9reux pour remonter le ballon balle au pied. \u00c0 bout de forces, il a \u00e9t\u00e9 remplac\u00e9 dans le temps additionnel par <strong>MATAZO <\/strong>(90<sup>e<\/sup>+3). <\/p>\n<\/div><\/div>\n\n\n\n<div style=\"height:20px\" aria-hidden=\"true\" class=\"wp-block-spacer\"><\/div>\n\n\n\n<h4 class=\"has-vivid-red-color has-white-background-color has-text-color has-background\" style=\"font-style:normal;font-weight:500;text-transform:uppercase\">les autres Joueurs<\/h4>\n\n\n\n<p><strong>N\u00dcBEL :<\/strong> le portier allemand a livr\u00e9 une bonne performance, notamment dans l&rsquo;anticipation et la lecture du jeu, se permettant m\u00eame une petite feinte sur Neymar. Il n&rsquo;a pas \u00e9t\u00e9 vraiment inqui\u00e9t\u00e9 et \u00e9t\u00e9 attentif sur chaque situation parisienne (10<sup>e<\/sup>, 13<sup>e<\/sup>, 21<sup>e<\/sup>). Une frayeur sur corner o\u00f9 il se fait surprendre par la d\u00e9viation de Fofana (28<sup>e<\/sup>). <\/p>\n\n\n\n<p><strong>AGUILAR :<\/strong> Il a remplac\u00e9 Vanderson pour la deuxi\u00e8me fois de suite apr\u00e8s Clermont et a livr\u00e9 une belle prestation lui aussi. Tr\u00e8s actif dans son couloir, il a souvent port\u00e9 le danger et s&rsquo;est beaucoup montr\u00e9 dans la surface, comme cette grosse occasion sur une t\u00eate plongeante (14<sup>e<\/sup>) sortie par Donnarumma ou sur cette frappe (27<sup>e<\/sup>) d\u00e9tourn\u00e9e par le portier italien. Il a \u00e9galement sign\u00e9 une intervention d\u00e9cisive sur corner (28<sup>e<\/sup>). Seul point n\u00e9gatif, lorsqu&rsquo;il se fait prendre par Bernat dans son dos sur le but parisien (39<sup>e<\/sup>).<\/p>\n\n\n\n<p class=\"has-white-color has-text-color has-background\" style=\"background-color:#929292;font-size:16px\"><a href=\"https:\/\/www.ladiagonale.net\/index.php\/2023\/02\/11\/monaco-montre-les-dents-2\/\">Lire le compte-rendu de la rencontre<\/a><\/p>\n\n\n\n<p><strong>DISASI :<\/strong> solide dans le domaine a\u00e9rien, l&rsquo;international fran\u00e7ais a \u00e9t\u00e9 plut\u00f4t tranquille et a r\u00e9alis\u00e9 un bon contre sur une frappe de Bernat (55<sup>e<\/sup>).<\/p>\n\n\n\n<p><strong>MARIPAN :<\/strong> il a bien g\u00e9r\u00e9 la profondeur face \u00e0 Ekitike, qui ne lui a pas beaucoup pos\u00e9 de soucis tant l&rsquo;ancien r\u00e9mois a peu pes\u00e9 dans le jeu. En revanche, il rate sa compensation sur le but parisien et ne voit pas Za\u00efre-Emery derri\u00e8re lui (39<sup>e<\/sup>). Il est cependant bien rest\u00e9 dans son match et a v\u00e9cu un second acte serein.<\/p>\n\n\n\n<p class=\"has-white-color has-text-color has-background\" style=\"background-color:#929292;font-size:16px\">Voir aussi : <a href=\"https:\/\/www.ladiagonale.net\/index.php\/event\/monaco-paris-sg\/\">la feuille de match<\/a><\/p>\n\n\n\n<p><strong>C. HENRIQUE :<\/strong> pr\u00e9cis sur le plan technique, le lat\u00e9ral br\u00e9silien a apport\u00e9 avec justesse et sans en faire trop. Pr\u00e9cieux lorsqu&rsquo;il s&rsquo;agissait de faire circuler le ballon. Sa complicit\u00e9 avec Golovin a \u00e9t\u00e9 discr\u00e8te mais essentielle.<\/p>\n\n\n\n<p><strong>FOFANA :<\/strong> il a \u00e9t\u00e9 moins visible que son bin\u00f4me Camara mais il a \u00e9t\u00e9 tr\u00e8s important par la justesse de son placement. Pr\u00e9cieux notamment comme relais au milieu de terrain. Malgr\u00e9 du d\u00e9chet, ses passes vers l&rsquo;avant ont \u00e9t\u00e9 souvent bien senties et il a \u00e9t\u00e9 un rouage essentiel dans le jeu en transition.<\/p>\n\n\n\n<p class=\"has-white-color has-text-color has-background\" style=\"background-color:#929292;font-size:16px\">Voir aussi : <a href=\"https:\/\/www.ladiagonale.net\/index.php\/2023\/02\/11\/monaco-psg-le-match-en-chiffres\/\">le match en chiffres<\/a><\/p>\n\n\n\n<p><strong>DIATTA :<\/strong> des approximations en d\u00e9but de match \u00e0 l&rsquo;image de sa reprise manqu\u00e9e sur le ballon renvoy\u00e9 par Donnarumma (14<sup>e<\/sup>). En revanche, il pousse Bitshiabu \u00e0 la faute et sa r\u00e9cup\u00e9ration offre une passe d\u00e9cisive \u00e0 Ben Yedder (18<sup>e<\/sup>), ce qui \u00e9tait plut\u00f4t bien vu. Mais dans une rencontre domin\u00e9e par l&rsquo;ASM, on aurait aim\u00e9 le voir davantage.<\/p>\n\n\n\n<p><strong>BEN SEGHIR:<\/strong> il a mis du temps \u00e0 bien rentrer dans le match et a souvent manqu\u00e9 de simplicit\u00e9 sur certaines situations. Parfois il n&rsquo;a pas fait les bons choix \u00e0 l&rsquo;image de sa frappe peu dangereuse (36<sup>e<\/sup>). Mais sa passe pour Ben Yedder sur le troisi\u00e8me but c&rsquo;est du velours. Il n&rsquo;a jamais l\u00e2ch\u00e9 comme lorsqu&rsquo;il tente de prendre le ballon \u00e0 Danilo sur la ligne de but (51<sup>e<\/sup>). Tr\u00e8s intelligent dans son placement pour emp\u00eacher les premi\u00e8re relances parisiennes. Sorti au profit de <strong>MINAMINO<\/strong> (72<sup>e<\/sup>) qui se procure une belle occasion sauv\u00e9e par Donnarumma (90e+1).<\/p>\n\n\n\n<p class=\"has-cyan-bluish-gray-background-color has-background\"><strong>Philippe CLEMENT :<\/strong> Encore une tr\u00e8s bonne pr\u00e9paration de son \u00e9quipe qui a annihil\u00e9 le collectif, certes amoindri, du PSG. Son \u00e9quipe a connu un temps faible apr\u00e8s la r\u00e9organisation tactique parisienne mais elle a repris la main en seconde p\u00e9riode et aurait pu mettre une vraie pilule au leader.<\/p>\n\n\n\n<p>Photo : <em>AS Monaco<\/em><\/p>\n","protected":false},"excerpt":{"rendered":"<p>Monaco a livr\u00e9 une prestation exemplaire face au PSG. Ben Yedder a inscrit un doubl\u00e9 et se positionne d\u00e9sormais en t\u00eate du classement des buteurs, \u00e0 \u00e9galit\u00e9 avec Balogun. Top : Wissam BEN YEDDER Face au PSG, Ben Yedder aime inscrire des doubl\u00e9s. Clement lui a fait confiance en l&rsquo;alignant d&rsquo;entr\u00e9e et le capitaine mon\u00e9gasque [&#8230;]\n","protected":false},"author":2,"featured_media":9591,"comment_status":"open","ping_status":"open","sticky":false,"template":"","format":"standard","meta":[],"categories":[5,6],"tags":[86,94,384,217],"yoast_head":"<!-- This site is optimized with the Yoast SEO plugin v19.8 - https:\/\/yoast.com\/wordpress\/plugins\/seo\/ -->\n<title>Les perfs : Ben Yedder confirme sa bonne forme - La Diagonale<\/title>\n<meta name=\"robots\" content=\"index, follow, max-snippet:-1, max-image-preview:large, max-video-preview:-1\" \/>\n<link rel=\"canonical\" href=\"https:\/\/www.ladiagonale.net\/index.php\/2023\/02\/11\/les-perfs-ben-yedder-confirme-sa-bonne-forme\/\" \/>\n<meta property=\"og:locale\" content=\"fr_FR\" \/>\n<meta property=\"og:type\" content=\"article\" \/>\n<meta property=\"og:title\" content=\"Les perfs : Ben Yedder confirme sa bonne forme - La Diagonale\" \/>\n<meta property=\"og:description\" content=\"Monaco a livr\u00e9 une prestation exemplaire face au PSG. Ben Yedder a inscrit un doubl\u00e9 et se positionne d\u00e9sormais en t\u00eate du classement des buteurs, \u00e0 \u00e9galit\u00e9 avec Balogun. Top : Wissam BEN YEDDER Face au PSG, Ben Yedder aime inscrire des doubl\u00e9s. Clement lui a fait confiance en l&rsquo;alignant d&rsquo;entr\u00e9e et le capitaine mon\u00e9gasque [...]\" \/>\n<meta property=\"og:url\" content=\"https:\/\/www.ladiagonale.net\/index.php\/2023\/02\/11\/les-perfs-ben-yedder-confirme-sa-bonne-forme\/\" \/>\n<meta property=\"og:site_name\" content=\"La Diagonale\" \/>\n<meta property=\"article:published_time\" content=\"2023-02-11T19:39:43+00:00\" \/>\n<meta property=\"article:modified_time\" content=\"2023-02-12T01:11:19+00:00\" \/>\n<meta property=\"og:image\" content=\"https:\/\/www.ladiagonale.net\/wp-content\/uploads\/2023\/02\/ben-yedder-psg.png\" \/>\n\t<meta property=\"og:image:width\" content=\"1160\" \/>\n\t<meta property=\"og:image:height\" content=\"650\" \/>\n\t<meta property=\"og:image:type\" content=\"image\/png\" \/>\n<meta name=\"author\" content=\"Damien Dellerba\" \/>\n<meta name=\"twitter:card\" content=\"summary_large_image\" \/>\n<meta name=\"twitter:image\" content=\"https:\/\/www.ladiagonale.net\/wp-content\/uploads\/2023\/02\/ben-yedder-psg.png\" \/>\n<meta name=\"twitter:label1\" content=\"\u00c9crit par\" \/>\n\t<meta name=\"twitter:data1\" content=\"Damien Dellerba\" \/>\n\t<meta name=\"twitter:label2\" content=\"Dur\u00e9e de lecture estim\u00e9e\" \/>\n\t<meta name=\"twitter:data2\" content=\"5 minutes\" \/>\n<script type=\"application\/ld+json\" class=\"yoast-schema-graph\">{\"@context\":\"https:\/\/schema.org\",\"@graph\":[{\"@type\":\"WebPage\",\"@id\":\"https:\/\/www.ladiagonale.net\/index.php\/2023\/02\/11\/les-perfs-ben-yedder-confirme-sa-bonne-forme\/\",\"url\":\"https:\/\/www.ladiagonale.net\/index.php\/2023\/02\/11\/les-perfs-ben-yedder-confirme-sa-bonne-forme\/\",\"name\":\"Les perfs : Ben Yedder confirme sa bonne forme - La Diagonale\",\"isPartOf\":{\"@id\":\"https:\/\/www.ladiagonale.net\/#website\"},\"datePublished\":\"2023-02-11T19:39:43+00:00\",\"dateModified\":\"2023-02-12T01:11:19+00:00\",\"author\":{\"@id\":\"https:\/\/www.ladiagonale.net\/#\/schema\/person\/79ff1e7b0853ed01b2aa26e64ad300bf\"},\"breadcrumb\":{\"@id\":\"https:\/\/www.ladiagonale.net\/index.php\/2023\/02\/11\/les-perfs-ben-yedder-confirme-sa-bonne-forme\/#breadcrumb\"},\"inLanguage\":\"fr-FR\",\"potentialAction\":[{\"@type\":\"ReadAction\",\"target\":[\"https:\/\/www.ladiagonale.net\/index.php\/2023\/02\/11\/les-perfs-ben-yedder-confirme-sa-bonne-forme\/\"]}]},{\"@type\":\"BreadcrumbList\",\"@id\":\"https:\/\/www.ladiagonale.net\/index.php\/2023\/02\/11\/les-perfs-ben-yedder-confirme-sa-bonne-forme\/#breadcrumb\",\"itemListElement\":[{\"@type\":\"ListItem\",\"position\":1,\"name\":\"Accueil\",\"item\":\"https:\/\/www.ladiagonale.net\/\"},{\"@type\":\"ListItem\",\"position\":2,\"name\":\"Les perfs : Ben Yedder confirme sa bonne forme\"}]},{\"@type\":\"WebSite\",\"@id\":\"https:\/\/www.ladiagonale.net\/#website\",\"url\":\"https:\/\/www.ladiagonale.net\/\",\"name\":\"La Diagonale\",\"description\":\"Le site des supporters de l&#039;AS Monaco FC\",\"potentialAction\":[{\"@type\":\"SearchAction\",\"target\":{\"@type\":\"EntryPoint\",\"urlTemplate\":\"https:\/\/www.ladiagonale.net\/?s={search_term_string}\"},\"query-input\":\"required name=search_term_string\"}],\"inLanguage\":\"fr-FR\"},{\"@type\":\"Person\",\"@id\":\"https:\/\/www.ladiagonale.net\/#\/schema\/person\/79ff1e7b0853ed01b2aa26e64ad300bf\",\"name\":\"Damien Dellerba\",\"image\":{\"@type\":\"ImageObject\",\"inLanguage\":\"fr-FR\",\"@id\":\"https:\/\/www.ladiagonale.net\/#\/schema\/person\/image\/\",\"url\":\"https:\/\/secure.gravatar.com\/avatar\/c7850e06d3ff63cdbaee88b7fc16e2f0?s=96&d=mm&r=g\",\"contentUrl\":\"https:\/\/secure.gravatar.com\/avatar\/c7850e06d3ff63cdbaee88b7fc16e2f0?s=96&d=mm&r=g\",\"caption\":\"Damien Dellerba\"},\"url\":\"https:\/\/www.ladiagonale.net\/index.php\/author\/damien\/\"}]}<\/script>\n<!-- \/ Yoast SEO plugin. -->","yoast_head_json":{"title":"Les perfs : Ben Yedder confirme sa bonne forme - La Diagonale","robots":{"index":"index","follow":"follow","max-snippet":"max-snippet:-1","max-image-preview":"max-image-preview:large","max-video-preview":"max-video-preview:-1"},"canonical":"https:\/\/www.ladiagonale.net\/index.php\/2023\/02\/11\/les-perfs-ben-yedder-confirme-sa-bonne-forme\/","og_locale":"fr_FR","og_type":"article","og_title":"Les perfs : Ben Yedder confirme sa bonne forme - La Diagonale","og_description":"Monaco a livr\u00e9 une prestation exemplaire face au PSG. Ben Yedder a inscrit un doubl\u00e9 et se positionne d\u00e9sormais en t\u00eate du classement des buteurs, \u00e0 \u00e9galit\u00e9 avec Balogun. Top : Wissam BEN YEDDER Face au PSG, Ben Yedder aime inscrire des doubl\u00e9s. Clement lui a fait confiance en l&rsquo;alignant d&rsquo;entr\u00e9e et le capitaine mon\u00e9gasque [...]","og_url":"https:\/\/www.ladiagonale.net\/index.php\/2023\/02\/11\/les-perfs-ben-yedder-confirme-sa-bonne-forme\/","og_site_name":"La Diagonale","article_published_time":"2023-02-11T19:39:43+00:00","article_modified_time":"2023-02-12T01:11:19+00:00","og_image":[{"width":1160,"height":650,"url":"https:\/\/www.ladiagonale.net\/wp-content\/uploads\/2023\/02\/ben-yedder-psg.png","type":"image\/png"}],"author":"Damien Dellerba","twitter_card":"summary_large_image","twitter_image":"https:\/\/www.ladiagonale.net\/wp-content\/uploads\/2023\/02\/ben-yedder-psg.png","twitter_misc":{"\u00c9crit par":"Damien Dellerba","Dur\u00e9e de lecture estim\u00e9e":"5 minutes"},"schema":{"@context":"https:\/\/schema.org","@graph":[{"@type":"WebPage","@id":"https:\/\/www.ladiagonale.net\/index.php\/2023\/02\/11\/les-perfs-ben-yedder-confirme-sa-bonne-forme\/","url":"https:\/\/www.ladiagonale.net\/index.php\/2023\/02\/11\/les-perfs-ben-yedder-confirme-sa-bonne-forme\/","name":"Les perfs : Ben Yedder confirme sa bonne forme - La Diagonale","isPartOf":{"@id":"https:\/\/www.ladiagonale.net\/#website"},"datePublished":"2023-02-11T19:39:43+00:00","dateModified":"2023-02-12T01:11:19+00:00","author":{"@id":"https:\/\/www.ladiagonale.net\/#\/schema\/person\/79ff1e7b0853ed01b2aa26e64ad300bf"},"breadcrumb":{"@id":"https:\/\/www.ladiagonale.net\/index.php\/2023\/02\/11\/les-perfs-ben-yedder-confirme-sa-bonne-forme\/#breadcrumb"},"inLanguage":"fr-FR","potentialAction":[{"@type":"ReadAction","target":["https:\/\/www.ladiagonale.net\/index.php\/2023\/02\/11\/les-perfs-ben-yedder-confirme-sa-bonne-forme\/"]}]},{"@type":"BreadcrumbList","@id":"https:\/\/www.ladiagonale.net\/index.php\/2023\/02\/11\/les-perfs-ben-yedder-confirme-sa-bonne-forme\/#breadcrumb","itemListElement":[{"@type":"ListItem","position":1,"name":"Accueil","item":"https:\/\/www.ladiagonale.net\/"},{"@type":"ListItem","position":2,"name":"Les perfs : Ben Yedder confirme sa bonne forme"}]},{"@type":"WebSite","@id":"https:\/\/www.ladiagonale.net\/#website","url":"https:\/\/www.ladiagonale.net\/","name":"La Diagonale","description":"Le site des supporters de l&#039;AS Monaco FC","potentialAction":[{"@type":"SearchAction","target":{"@type":"EntryPoint","urlTemplate":"https:\/\/www.ladiagonale.net\/?s={search_term_string}"},"query-input":"required name=search_term_string"}],"inLanguage":"fr-FR"},{"@type":"Person","@id":"https:\/\/www.ladiagonale.net\/#\/schema\/person\/79ff1e7b0853ed01b2aa26e64ad300bf","name":"Damien Dellerba","image":{"@type":"ImageObject","inLanguage":"fr-FR","@id":"https:\/\/www.ladiagonale.net\/#\/schema\/person\/image\/","url":"https:\/\/secure.gravatar.com\/avatar\/c7850e06d3ff63cdbaee88b7fc16e2f0?s=96&d=mm&r=g","contentUrl":"https:\/\/secure.gravatar.com\/avatar\/c7850e06d3ff63cdbaee88b7fc16e2f0?s=96&d=mm&r=g","caption":"Damien Dellerba"},"url":"https:\/\/www.ladiagonale.net\/index.php\/author\/damien\/"}]}},"_links":{"self":[{"href":"https:\/\/www.ladiagonale.net\/index.php\/wp-json\/wp\/v2\/posts\/9559"}],"collection":[{"href":"https:\/\/www.ladiagonale.net\/index.php\/wp-json\/wp\/v2\/posts"}],"about":[{"href":"https:\/\/www.ladiagonale.net\/index.php\/wp-json\/wp\/v2\/types\/post"}],"author":[{"embeddable":true,"href":"https:\/\/www.ladiagonale.net\/index.php\/wp-json\/wp\/v2\/users\/2"}],"replies":[{"embeddable":true,"href":"https:\/\/www.ladiagonale.net\/index.php\/wp-json\/wp\/v2\/comments?post=9559"}],"version-history":[{"count":7,"href":"https:\/\/www.ladiagonale.net\/index.php\/wp-json\/wp\/v2\/posts\/9559\/revisions"}],"predecessor-version":[{"id":9790,"href":"https:\/\/www.ladiagonale.net\/index.php\/wp-json\/wp\/v2\/posts\/9559\/revisions\/9790"}],"wp:featuredmedia":[{"embeddable":true,"href":"https:\/\/www.ladiagonale.net\/index.php\/wp-json\/wp\/v2\/media\/9591"}],"wp:attachment":[{"href":"https:\/\/www.ladiagonale.net\/index.php\/wp-json\/wp\/v2\/media?parent=9559"}],"wp:term":[{"taxonomy":"category","embeddable":true,"href":"https:\/\/www.ladiagonale.net\/index.php\/wp-json\/wp\/v2\/categories?post=9559"},{"taxonomy":"post_tag","embeddable":true,"href":"https:\/\/www.ladiagonale.net\/index.php\/wp-json\/wp\/v2\/tags?post=9559"}],"curies":[{"name":"wp","href":"https:\/\/api.w.org\/{rel}","templated":true}]}}