{"id":9569,"date":"2023-02-11T18:59:24","date_gmt":"2023-02-11T17:59:24","guid":{"rendered":"https:\/\/www.ladiagonale.net\/?p=9569"},"modified":"2023-02-11T19:52:13","modified_gmt":"2023-02-11T18:52:13","slug":"monaco-bat-le-psg-avec-la-maniere-3-1","status":"publish","type":"post","link":"https:\/\/www.ladiagonale.net\/index.php\/2023\/02\/11\/monaco-bat-le-psg-avec-la-maniere-3-1\/","title":{"rendered":"Monaco bat le PSG avec la mani\u00e8re (3-1)"},"content":{"rendered":"\n\n\n<p>L&rsquo;AS Monaco a sign\u00e9 une performance de choix face au leader de la Ligue 1. Les Mon\u00e9gasques se sont impos\u00e9s avec deux buts d&rsquo;avance (3-1). Un score qui a \u00e9t\u00e9 d\u00e9finitivement acquis en premi\u00e8re p\u00e9riode, puisqu&rsquo;aucun but n&rsquo;a \u00e9t\u00e9 inscrit lors du second acte. Les Rouge et Blanc ont pris le contr\u00f4le du cuir d\u00e8s l&rsquo;entame, et cela s&rsquo;est rapidement concr\u00e9tis\u00e9 au tableau d&rsquo;affichage avec un Golovin opportuniste (1-0, 4<sup>e<\/sup>). <\/p>\n\n\n\n<p>Apr\u00e8s le quart d&rsquo;heure de jeu, Wissam Ben Yedder a profit\u00e9 d&rsquo;une bonne r\u00e9cup\u00e9ration de Diatta pour faire le break (2-0, 18<sup>e<\/sup>). Si Paris a repris la main et r\u00e9duit l&rsquo;\u00e9cart par un Za\u00efre-Emery esseul\u00e9 au second poteau (2-1, 39<sup>e<\/sup>), Monaco n&rsquo;a pas flanch\u00e9 et imm\u00e9diatement r\u00e9pondu gr\u00e2ce \u00e0 Ben Yedder, bien trouv\u00e9 par Ben Seghir (3-1, 45+1<sup>e<\/sup>).<\/p>\n\n\n\n<p>La seconde p\u00e9riode a \u00e9t\u00e9 plus \u00e9quilibr\u00e9e et si Monaco n&rsquo;est pas all\u00e9 puiser dans ses ressources les plus profondes, c&rsquo;est aussi parce que Paris n&rsquo;avait plus les arguments pour mettre l&rsquo;ASM en difficult\u00e9. Les hommes de Philippe Clement se sont m\u00eame procur\u00e9s les meilleures occasions et auraient pu alourdir le score sans un Donnarumma des grands soirs. Monaco signe un beau et grand succ\u00e8s. <\/p>\n","protected":false},"excerpt":{"rendered":"<p>L&rsquo;AS Monaco a sign\u00e9 une performance de choix face au leader de la Ligue 1. Les Mon\u00e9gasques se sont impos\u00e9s avec deux buts d&rsquo;avance (3-1). Un score qui a \u00e9t\u00e9 d\u00e9finitivement acquis en premi\u00e8re p\u00e9riode, puisqu&rsquo;aucun but n&rsquo;a \u00e9t\u00e9 inscrit lors du second acte. Les Rouge et Blanc ont pris le contr\u00f4le du cuir d\u00e8s [&#8230;]\n","protected":false},"author":2,"featured_media":0,"comment_status":"open","ping_status":"open","sticky":false,"template":"","format":"standard","meta":[],"categories":[4,6],"tags":[86,94,384],"yoast_head":"<!-- This site is optimized with the Yoast SEO plugin v19.8 - https:\/\/yoast.com\/wordpress\/plugins\/seo\/ -->\n<title>Monaco bat le PSG avec la mani\u00e8re (3-1) - La Diagonale<\/title>\n<meta name=\"robots\" content=\"index, follow, max-snippet:-1, max-image-preview:large, max-video-preview:-1\" \/>\n<link rel=\"canonical\" href=\"https:\/\/www.ladiagonale.net\/index.php\/2023\/02\/11\/monaco-bat-le-psg-avec-la-maniere-3-1\/\" \/>\n<meta property=\"og:locale\" content=\"fr_FR\" \/>\n<meta property=\"og:type\" content=\"article\" \/>\n<meta property=\"og:title\" content=\"Monaco bat le PSG avec la mani\u00e8re (3-1) - La Diagonale\" \/>\n<meta property=\"og:description\" content=\"L&rsquo;AS Monaco a sign\u00e9 une performance de choix face au leader de la Ligue 1. Les Mon\u00e9gasques se sont impos\u00e9s avec deux buts d&rsquo;avance (3-1). Un score qui a \u00e9t\u00e9 d\u00e9finitivement acquis en premi\u00e8re p\u00e9riode, puisqu&rsquo;aucun but n&rsquo;a \u00e9t\u00e9 inscrit lors du second acte. Les Rouge et Blanc ont pris le contr\u00f4le du cuir d\u00e8s [...]\" \/>\n<meta property=\"og:url\" content=\"https:\/\/www.ladiagonale.net\/index.php\/2023\/02\/11\/monaco-bat-le-psg-avec-la-maniere-3-1\/\" \/>\n<meta property=\"og:site_name\" content=\"La Diagonale\" \/>\n<meta property=\"article:published_time\" content=\"2023-02-11T17:59:24+00:00\" \/>\n<meta property=\"article:modified_time\" content=\"2023-02-11T18:52:13+00:00\" \/>\n<meta property=\"og:image\" content=\"https:\/\/www.ladiagonale.net\/wp-content\/uploads\/2022\/11\/benyedder2.png\" \/>\n\t<meta property=\"og:image:width\" content=\"1160\" \/>\n\t<meta property=\"og:image:height\" content=\"650\" \/>\n\t<meta property=\"og:image:type\" content=\"image\/png\" \/>\n<meta name=\"author\" content=\"Damien Dellerba\" \/>\n<meta name=\"twitter:card\" content=\"summary_large_image\" \/>\n<meta name=\"twitter:image\" content=\"https:\/\/www.ladiagonale.net\/wp-content\/uploads\/2022\/11\/benyedder2.png\" \/>\n<meta name=\"twitter:label1\" content=\"\u00c9crit par\" \/>\n\t<meta name=\"twitter:data1\" content=\"Damien Dellerba\" \/>\n\t<meta name=\"twitter:label2\" content=\"Dur\u00e9e de lecture estim\u00e9e\" \/>\n\t<meta name=\"twitter:data2\" content=\"2 minutes\" \/>\n<script type=\"application\/ld+json\" class=\"yoast-schema-graph\">{\"@context\":\"https:\/\/schema.org\",\"@graph\":[{\"@type\":\"WebPage\",\"@id\":\"https:\/\/www.ladiagonale.net\/index.php\/2023\/02\/11\/monaco-bat-le-psg-avec-la-maniere-3-1\/\",\"url\":\"https:\/\/www.ladiagonale.net\/index.php\/2023\/02\/11\/monaco-bat-le-psg-avec-la-maniere-3-1\/\",\"name\":\"Monaco bat le PSG avec la mani\u00e8re (3-1) - La Diagonale\",\"isPartOf\":{\"@id\":\"https:\/\/www.ladiagonale.net\/#website\"},\"datePublished\":\"2023-02-11T17:59:24+00:00\",\"dateModified\":\"2023-02-11T18:52:13+00:00\",\"author\":{\"@id\":\"https:\/\/www.ladiagonale.net\/#\/schema\/person\/79ff1e7b0853ed01b2aa26e64ad300bf\"},\"breadcrumb\":{\"@id\":\"https:\/\/www.ladiagonale.net\/index.php\/2023\/02\/11\/monaco-bat-le-psg-avec-la-maniere-3-1\/#breadcrumb\"},\"inLanguage\":\"fr-FR\",\"potentialAction\":[{\"@type\":\"ReadAction\",\"target\":[\"https:\/\/www.ladiagonale.net\/index.php\/2023\/02\/11\/monaco-bat-le-psg-avec-la-maniere-3-1\/\"]}]},{\"@type\":\"BreadcrumbList\",\"@id\":\"https:\/\/www.ladiagonale.net\/index.php\/2023\/02\/11\/monaco-bat-le-psg-avec-la-maniere-3-1\/#breadcrumb\",\"itemListElement\":[{\"@type\":\"ListItem\",\"position\":1,\"name\":\"Accueil\",\"item\":\"https:\/\/www.ladiagonale.net\/\"},{\"@type\":\"ListItem\",\"position\":2,\"name\":\"Monaco bat le PSG avec la mani\u00e8re (3-1)\"}]},{\"@type\":\"WebSite\",\"@id\":\"https:\/\/www.ladiagonale.net\/#website\",\"url\":\"https:\/\/www.ladiagonale.net\/\",\"name\":\"La Diagonale\",\"description\":\"Le site des supporters de l&#039;AS Monaco FC\",\"potentialAction\":[{\"@type\":\"SearchAction\",\"target\":{\"@type\":\"EntryPoint\",\"urlTemplate\":\"https:\/\/www.ladiagonale.net\/?s={search_term_string}\"},\"query-input\":\"required name=search_term_string\"}],\"inLanguage\":\"fr-FR\"},{\"@type\":\"Person\",\"@id\":\"https:\/\/www.ladiagonale.net\/#\/schema\/person\/79ff1e7b0853ed01b2aa26e64ad300bf\",\"name\":\"Damien Dellerba\",\"image\":{\"@type\":\"ImageObject\",\"inLanguage\":\"fr-FR\",\"@id\":\"https:\/\/www.ladiagonale.net\/#\/schema\/person\/image\/\",\"url\":\"https:\/\/secure.gravatar.com\/avatar\/c7850e06d3ff63cdbaee88b7fc16e2f0?s=96&d=mm&r=g\",\"contentUrl\":\"https:\/\/secure.gravatar.com\/avatar\/c7850e06d3ff63cdbaee88b7fc16e2f0?s=96&d=mm&r=g\",\"caption\":\"Damien Dellerba\"},\"url\":\"https:\/\/www.ladiagonale.net\/index.php\/author\/damien\/\"}]}<\/script>\n<!-- \/ Yoast SEO plugin. -->","yoast_head_json":{"title":"Monaco bat le PSG avec la mani\u00e8re (3-1) - La Diagonale","robots":{"index":"index","follow":"follow","max-snippet":"max-snippet:-1","max-image-preview":"max-image-preview:large","max-video-preview":"max-video-preview:-1"},"canonical":"https:\/\/www.ladiagonale.net\/index.php\/2023\/02\/11\/monaco-bat-le-psg-avec-la-maniere-3-1\/","og_locale":"fr_FR","og_type":"article","og_title":"Monaco bat le PSG avec la mani\u00e8re (3-1) - La Diagonale","og_description":"L&rsquo;AS Monaco a sign\u00e9 une performance de choix face au leader de la Ligue 1. Les Mon\u00e9gasques se sont impos\u00e9s avec deux buts d&rsquo;avance (3-1). Un score qui a \u00e9t\u00e9 d\u00e9finitivement acquis en premi\u00e8re p\u00e9riode, puisqu&rsquo;aucun but n&rsquo;a \u00e9t\u00e9 inscrit lors du second acte. Les Rouge et Blanc ont pris le contr\u00f4le du cuir d\u00e8s [...]","og_url":"https:\/\/www.ladiagonale.net\/index.php\/2023\/02\/11\/monaco-bat-le-psg-avec-la-maniere-3-1\/","og_site_name":"La Diagonale","article_published_time":"2023-02-11T17:59:24+00:00","article_modified_time":"2023-02-11T18:52:13+00:00","og_image":[{"width":1160,"height":650,"url":"https:\/\/www.ladiagonale.net\/wp-content\/uploads\/2022\/11\/benyedder2.png","type":"image\/png"}],"author":"Damien Dellerba","twitter_card":"summary_large_image","twitter_image":"https:\/\/www.ladiagonale.net\/wp-content\/uploads\/2022\/11\/benyedder2.png","twitter_misc":{"\u00c9crit par":"Damien Dellerba","Dur\u00e9e de lecture estim\u00e9e":"2 minutes"},"schema":{"@context":"https:\/\/schema.org","@graph":[{"@type":"WebPage","@id":"https:\/\/www.ladiagonale.net\/index.php\/2023\/02\/11\/monaco-bat-le-psg-avec-la-maniere-3-1\/","url":"https:\/\/www.ladiagonale.net\/index.php\/2023\/02\/11\/monaco-bat-le-psg-avec-la-maniere-3-1\/","name":"Monaco bat le PSG avec la mani\u00e8re (3-1) - La Diagonale","isPartOf":{"@id":"https:\/\/www.ladiagonale.net\/#website"},"datePublished":"2023-02-11T17:59:24+00:00","dateModified":"2023-02-11T18:52:13+00:00","author":{"@id":"https:\/\/www.ladiagonale.net\/#\/schema\/person\/79ff1e7b0853ed01b2aa26e64ad300bf"},"breadcrumb":{"@id":"https:\/\/www.ladiagonale.net\/index.php\/2023\/02\/11\/monaco-bat-le-psg-avec-la-maniere-3-1\/#breadcrumb"},"inLanguage":"fr-FR","potentialAction":[{"@type":"ReadAction","target":["https:\/\/www.ladiagonale.net\/index.php\/2023\/02\/11\/monaco-bat-le-psg-avec-la-maniere-3-1\/"]}]},{"@type":"BreadcrumbList","@id":"https:\/\/www.ladiagonale.net\/index.php\/2023\/02\/11\/monaco-bat-le-psg-avec-la-maniere-3-1\/#breadcrumb","itemListElement":[{"@type":"ListItem","position":1,"name":"Accueil","item":"https:\/\/www.ladiagonale.net\/"},{"@type":"ListItem","position":2,"name":"Monaco bat le PSG avec la mani\u00e8re (3-1)"}]},{"@type":"WebSite","@id":"https:\/\/www.ladiagonale.net\/#website","url":"https:\/\/www.ladiagonale.net\/","name":"La Diagonale","description":"Le site des supporters de l&#039;AS Monaco FC","potentialAction":[{"@type":"SearchAction","target":{"@type":"EntryPoint","urlTemplate":"https:\/\/www.ladiagonale.net\/?s={search_term_string}"},"query-input":"required name=search_term_string"}],"inLanguage":"fr-FR"},{"@type":"Person","@id":"https:\/\/www.ladiagonale.net\/#\/schema\/person\/79ff1e7b0853ed01b2aa26e64ad300bf","name":"Damien Dellerba","image":{"@type":"ImageObject","inLanguage":"fr-FR","@id":"https:\/\/www.ladiagonale.net\/#\/schema\/person\/image\/","url":"https:\/\/secure.gravatar.com\/avatar\/c7850e06d3ff63cdbaee88b7fc16e2f0?s=96&d=mm&r=g","contentUrl":"https:\/\/secure.gravatar.com\/avatar\/c7850e06d3ff63cdbaee88b7fc16e2f0?s=96&d=mm&r=g","caption":"Damien Dellerba"},"url":"https:\/\/www.ladiagonale.net\/index.php\/author\/damien\/"}]}},"_links":{"self":[{"href":"https:\/\/www.ladiagonale.net\/index.php\/wp-json\/wp\/v2\/posts\/9569"}],"collection":[{"href":"https:\/\/www.ladiagonale.net\/index.php\/wp-json\/wp\/v2\/posts"}],"about":[{"href":"https:\/\/www.ladiagonale.net\/index.php\/wp-json\/wp\/v2\/types\/post"}],"author":[{"embeddable":true,"href":"https:\/\/www.ladiagonale.net\/index.php\/wp-json\/wp\/v2\/users\/2"}],"replies":[{"embeddable":true,"href":"https:\/\/www.ladiagonale.net\/index.php\/wp-json\/wp\/v2\/comments?post=9569"}],"version-history":[{"count":2,"href":"https:\/\/www.ladiagonale.net\/index.php\/wp-json\/wp\/v2\/posts\/9569\/revisions"}],"predecessor-version":[{"id":9579,"href":"https:\/\/www.ladiagonale.net\/index.php\/wp-json\/wp\/v2\/posts\/9569\/revisions\/9579"}],"wp:attachment":[{"href":"https:\/\/www.ladiagonale.net\/index.php\/wp-json\/wp\/v2\/media?parent=9569"}],"wp:term":[{"taxonomy":"category","embeddable":true,"href":"https:\/\/www.ladiagonale.net\/index.php\/wp-json\/wp\/v2\/categories?post=9569"},{"taxonomy":"post_tag","embeddable":true,"href":"https:\/\/www.ladiagonale.net\/index.php\/wp-json\/wp\/v2\/tags?post=9569"}],"curies":[{"name":"wp","href":"https:\/\/api.w.org\/{rel}","templated":true}]}}