{"id":9576,"date":"2023-02-11T19:47:52","date_gmt":"2023-02-11T18:47:52","guid":{"rendered":"https:\/\/www.ladiagonale.net\/?p=9576"},"modified":"2023-02-12T01:35:05","modified_gmt":"2023-02-12T00:35:05","slug":"disasi-trop-tot-pour-parler-de-titre","status":"publish","type":"post","link":"https:\/\/www.ladiagonale.net\/index.php\/2023\/02\/11\/disasi-trop-tot-pour-parler-de-titre\/","title":{"rendered":"Disasi&nbsp;: \u00ab&nbsp;Trop t\u00f4t pour parler de titre&nbsp;\u00bb"},"content":{"rendered":"\n<p>Interrog\u00e9 au micro de Prime Video \u00e0 la fin de la rencontre, Axel Disasi a \u00e9voqu\u00e9 une \u00ab <em>bonne et belle victoire<\/em> \u00bb face au Paris Saint-Germain ce samedi (3-1). Un r\u00e9sultat qui place Monaco en seconde position provisoire au classement. Pour autant, Disasi ne veut pas parler de titre : \u00ab <em>C\u2019est trop t\u00f4t pour parler de titre m\u00eame si je trouve que sur ces derni\u00e8res semaines on montre un tr\u00e8s beau visage.<\/em> \u00bb<\/p>\n\n\n\n<p>Le d\u00e9fenseur central de l\u2019AS Monaco estime que les semaines \u00e0 venir permettront de voir si Monaco a gagn\u00e9 en r\u00e9gularit\u00e9 : \u00ab <em>Il reste encore pas mal de matchs et \u00e7a va \u00eatre l\u2019occasion de voir si on a grandi par rapport \u00e0 la saison derni\u00e8re, en \u00e9tant plus constants tout au long de la saison et ne pas uniquement faire un sprint final comme la saison derni\u00e8re. \u00c7a va \u00eatre le d\u00e9fi.<\/em> \u00bb<\/p>\n\n\n\n<p>M\u00eame si parler de titre est encore pr\u00e9matur\u00e9, car Paris garde sept longueurs d\u2019avance, Disasi estime que Monaco devient un outsider tr\u00e8s s\u00e9rieux&nbsp;: \u00ab&nbsp;<em>Que ce soit les jeunes comme les plus anciens, on a pris conscience de ce qu\u2019on pouvait faire. \u00c7a fait maintenant plus d\u2019un an qu\u2019on travaille avec le coach, il nous connait mieux et on le connait mieux. (\u2026) Je ne veux pas dire qu\u2019on lance un message mais notre position fait qu\u2019on ne peut plus trop se cacher. C\u2019est \u00e0 nous d\u2019assumer.<\/em>&nbsp;\u00bb<\/p>\n\n\n","protected":false},"excerpt":{"rendered":"<p>Interrog\u00e9 au micro de Prime Video \u00e0 la fin de la rencontre, Axel Disasi a \u00e9voqu\u00e9 une \u00ab bonne et belle victoire \u00bb face au Paris Saint-Germain ce samedi (3-1). Un r\u00e9sultat qui place Monaco en seconde position provisoire au classement. Pour autant, Disasi ne veut pas parler de titre : \u00ab C\u2019est trop t\u00f4t [&#8230;]\n","protected":false},"author":2,"featured_media":0,"comment_status":"open","ping_status":"open","sticky":false,"template":"","format":"standard","meta":[],"categories":[6],"tags":[86,178,94,384],"yoast_head":"<!-- This site is optimized with the Yoast SEO plugin v19.8 - https:\/\/yoast.com\/wordpress\/plugins\/seo\/ -->\n<title>Disasi&nbsp;: \u00ab&nbsp;Trop t\u00f4t pour parler de titre&nbsp;\u00bb - La Diagonale<\/title>\n<meta name=\"robots\" content=\"index, follow, max-snippet:-1, max-image-preview:large, max-video-preview:-1\" \/>\n<link rel=\"canonical\" href=\"https:\/\/www.ladiagonale.net\/index.php\/2023\/02\/11\/disasi-trop-tot-pour-parler-de-titre\/\" \/>\n<meta property=\"og:locale\" content=\"fr_FR\" \/>\n<meta property=\"og:type\" content=\"article\" \/>\n<meta property=\"og:title\" content=\"Disasi&nbsp;: \u00ab&nbsp;Trop t\u00f4t pour parler de titre&nbsp;\u00bb - La Diagonale\" \/>\n<meta property=\"og:description\" content=\"Interrog\u00e9 au micro de Prime Video \u00e0 la fin de la rencontre, Axel Disasi a \u00e9voqu\u00e9 une \u00ab bonne et belle victoire \u00bb face au Paris Saint-Germain ce samedi (3-1). Un r\u00e9sultat qui place Monaco en seconde position provisoire au classement. Pour autant, Disasi ne veut pas parler de titre : \u00ab C\u2019est trop t\u00f4t [...]\" \/>\n<meta property=\"og:url\" content=\"https:\/\/www.ladiagonale.net\/index.php\/2023\/02\/11\/disasi-trop-tot-pour-parler-de-titre\/\" \/>\n<meta property=\"og:site_name\" content=\"La Diagonale\" \/>\n<meta property=\"article:published_time\" content=\"2023-02-11T18:47:52+00:00\" \/>\n<meta property=\"article:modified_time\" content=\"2023-02-12T00:35:05+00:00\" \/>\n<meta property=\"og:image\" content=\"https:\/\/www.ladiagonale.net\/wp-content\/uploads\/2023\/01\/disasi2.png\" \/>\n\t<meta property=\"og:image:width\" content=\"1160\" \/>\n\t<meta property=\"og:image:height\" content=\"650\" \/>\n\t<meta property=\"og:image:type\" content=\"image\/png\" \/>\n<meta name=\"author\" content=\"Damien Dellerba\" \/>\n<meta name=\"twitter:card\" content=\"summary_large_image\" \/>\n<meta name=\"twitter:image\" content=\"https:\/\/www.ladiagonale.net\/wp-content\/uploads\/2023\/01\/disasi2.png\" \/>\n<meta name=\"twitter:label1\" content=\"\u00c9crit par\" \/>\n\t<meta name=\"twitter:data1\" content=\"Damien Dellerba\" \/>\n\t<meta name=\"twitter:label2\" content=\"Dur\u00e9e de lecture estim\u00e9e\" \/>\n\t<meta name=\"twitter:data2\" content=\"2 minutes\" \/>\n<script type=\"application\/ld+json\" class=\"yoast-schema-graph\">{\"@context\":\"https:\/\/schema.org\",\"@graph\":[{\"@type\":\"WebPage\",\"@id\":\"https:\/\/www.ladiagonale.net\/index.php\/2023\/02\/11\/disasi-trop-tot-pour-parler-de-titre\/\",\"url\":\"https:\/\/www.ladiagonale.net\/index.php\/2023\/02\/11\/disasi-trop-tot-pour-parler-de-titre\/\",\"name\":\"Disasi&nbsp;: \u00ab&nbsp;Trop t\u00f4t pour parler de titre&nbsp;\u00bb - La Diagonale\",\"isPartOf\":{\"@id\":\"https:\/\/www.ladiagonale.net\/#website\"},\"datePublished\":\"2023-02-11T18:47:52+00:00\",\"dateModified\":\"2023-02-12T00:35:05+00:00\",\"author\":{\"@id\":\"https:\/\/www.ladiagonale.net\/#\/schema\/person\/79ff1e7b0853ed01b2aa26e64ad300bf\"},\"breadcrumb\":{\"@id\":\"https:\/\/www.ladiagonale.net\/index.php\/2023\/02\/11\/disasi-trop-tot-pour-parler-de-titre\/#breadcrumb\"},\"inLanguage\":\"fr-FR\",\"potentialAction\":[{\"@type\":\"ReadAction\",\"target\":[\"https:\/\/www.ladiagonale.net\/index.php\/2023\/02\/11\/disasi-trop-tot-pour-parler-de-titre\/\"]}]},{\"@type\":\"BreadcrumbList\",\"@id\":\"https:\/\/www.ladiagonale.net\/index.php\/2023\/02\/11\/disasi-trop-tot-pour-parler-de-titre\/#breadcrumb\",\"itemListElement\":[{\"@type\":\"ListItem\",\"position\":1,\"name\":\"Accueil\",\"item\":\"https:\/\/www.ladiagonale.net\/\"},{\"@type\":\"ListItem\",\"position\":2,\"name\":\"Disasi&nbsp;: \u00ab&nbsp;Trop t\u00f4t pour parler de titre&nbsp;\u00bb\"}]},{\"@type\":\"WebSite\",\"@id\":\"https:\/\/www.ladiagonale.net\/#website\",\"url\":\"https:\/\/www.ladiagonale.net\/\",\"name\":\"La Diagonale\",\"description\":\"Le site des supporters de l&#039;AS Monaco FC\",\"potentialAction\":[{\"@type\":\"SearchAction\",\"target\":{\"@type\":\"EntryPoint\",\"urlTemplate\":\"https:\/\/www.ladiagonale.net\/?s={search_term_string}\"},\"query-input\":\"required name=search_term_string\"}],\"inLanguage\":\"fr-FR\"},{\"@type\":\"Person\",\"@id\":\"https:\/\/www.ladiagonale.net\/#\/schema\/person\/79ff1e7b0853ed01b2aa26e64ad300bf\",\"name\":\"Damien Dellerba\",\"image\":{\"@type\":\"ImageObject\",\"inLanguage\":\"fr-FR\",\"@id\":\"https:\/\/www.ladiagonale.net\/#\/schema\/person\/image\/\",\"url\":\"https:\/\/secure.gravatar.com\/avatar\/c7850e06d3ff63cdbaee88b7fc16e2f0?s=96&d=mm&r=g\",\"contentUrl\":\"https:\/\/secure.gravatar.com\/avatar\/c7850e06d3ff63cdbaee88b7fc16e2f0?s=96&d=mm&r=g\",\"caption\":\"Damien Dellerba\"},\"url\":\"https:\/\/www.ladiagonale.net\/index.php\/author\/damien\/\"}]}<\/script>\n<!-- \/ Yoast SEO plugin. -->","yoast_head_json":{"title":"Disasi&nbsp;: \u00ab&nbsp;Trop t\u00f4t pour parler de titre&nbsp;\u00bb - La Diagonale","robots":{"index":"index","follow":"follow","max-snippet":"max-snippet:-1","max-image-preview":"max-image-preview:large","max-video-preview":"max-video-preview:-1"},"canonical":"https:\/\/www.ladiagonale.net\/index.php\/2023\/02\/11\/disasi-trop-tot-pour-parler-de-titre\/","og_locale":"fr_FR","og_type":"article","og_title":"Disasi&nbsp;: \u00ab&nbsp;Trop t\u00f4t pour parler de titre&nbsp;\u00bb - La Diagonale","og_description":"Interrog\u00e9 au micro de Prime Video \u00e0 la fin de la rencontre, Axel Disasi a \u00e9voqu\u00e9 une \u00ab bonne et belle victoire \u00bb face au Paris Saint-Germain ce samedi (3-1). Un r\u00e9sultat qui place Monaco en seconde position provisoire au classement. Pour autant, Disasi ne veut pas parler de titre : \u00ab C\u2019est trop t\u00f4t [...]","og_url":"https:\/\/www.ladiagonale.net\/index.php\/2023\/02\/11\/disasi-trop-tot-pour-parler-de-titre\/","og_site_name":"La Diagonale","article_published_time":"2023-02-11T18:47:52+00:00","article_modified_time":"2023-02-12T00:35:05+00:00","og_image":[{"width":1160,"height":650,"url":"https:\/\/www.ladiagonale.net\/wp-content\/uploads\/2023\/01\/disasi2.png","type":"image\/png"}],"author":"Damien Dellerba","twitter_card":"summary_large_image","twitter_image":"https:\/\/www.ladiagonale.net\/wp-content\/uploads\/2023\/01\/disasi2.png","twitter_misc":{"\u00c9crit par":"Damien Dellerba","Dur\u00e9e de lecture estim\u00e9e":"2 minutes"},"schema":{"@context":"https:\/\/schema.org","@graph":[{"@type":"WebPage","@id":"https:\/\/www.ladiagonale.net\/index.php\/2023\/02\/11\/disasi-trop-tot-pour-parler-de-titre\/","url":"https:\/\/www.ladiagonale.net\/index.php\/2023\/02\/11\/disasi-trop-tot-pour-parler-de-titre\/","name":"Disasi&nbsp;: \u00ab&nbsp;Trop t\u00f4t pour parler de titre&nbsp;\u00bb - La Diagonale","isPartOf":{"@id":"https:\/\/www.ladiagonale.net\/#website"},"datePublished":"2023-02-11T18:47:52+00:00","dateModified":"2023-02-12T00:35:05+00:00","author":{"@id":"https:\/\/www.ladiagonale.net\/#\/schema\/person\/79ff1e7b0853ed01b2aa26e64ad300bf"},"breadcrumb":{"@id":"https:\/\/www.ladiagonale.net\/index.php\/2023\/02\/11\/disasi-trop-tot-pour-parler-de-titre\/#breadcrumb"},"inLanguage":"fr-FR","potentialAction":[{"@type":"ReadAction","target":["https:\/\/www.ladiagonale.net\/index.php\/2023\/02\/11\/disasi-trop-tot-pour-parler-de-titre\/"]}]},{"@type":"BreadcrumbList","@id":"https:\/\/www.ladiagonale.net\/index.php\/2023\/02\/11\/disasi-trop-tot-pour-parler-de-titre\/#breadcrumb","itemListElement":[{"@type":"ListItem","position":1,"name":"Accueil","item":"https:\/\/www.ladiagonale.net\/"},{"@type":"ListItem","position":2,"name":"Disasi&nbsp;: \u00ab&nbsp;Trop t\u00f4t pour parler de titre&nbsp;\u00bb"}]},{"@type":"WebSite","@id":"https:\/\/www.ladiagonale.net\/#website","url":"https:\/\/www.ladiagonale.net\/","name":"La Diagonale","description":"Le site des supporters de l&#039;AS Monaco FC","potentialAction":[{"@type":"SearchAction","target":{"@type":"EntryPoint","urlTemplate":"https:\/\/www.ladiagonale.net\/?s={search_term_string}"},"query-input":"required name=search_term_string"}],"inLanguage":"fr-FR"},{"@type":"Person","@id":"https:\/\/www.ladiagonale.net\/#\/schema\/person\/79ff1e7b0853ed01b2aa26e64ad300bf","name":"Damien Dellerba","image":{"@type":"ImageObject","inLanguage":"fr-FR","@id":"https:\/\/www.ladiagonale.net\/#\/schema\/person\/image\/","url":"https:\/\/secure.gravatar.com\/avatar\/c7850e06d3ff63cdbaee88b7fc16e2f0?s=96&d=mm&r=g","contentUrl":"https:\/\/secure.gravatar.com\/avatar\/c7850e06d3ff63cdbaee88b7fc16e2f0?s=96&d=mm&r=g","caption":"Damien Dellerba"},"url":"https:\/\/www.ladiagonale.net\/index.php\/author\/damien\/"}]}},"_links":{"self":[{"href":"https:\/\/www.ladiagonale.net\/index.php\/wp-json\/wp\/v2\/posts\/9576"}],"collection":[{"href":"https:\/\/www.ladiagonale.net\/index.php\/wp-json\/wp\/v2\/posts"}],"about":[{"href":"https:\/\/www.ladiagonale.net\/index.php\/wp-json\/wp\/v2\/types\/post"}],"author":[{"embeddable":true,"href":"https:\/\/www.ladiagonale.net\/index.php\/wp-json\/wp\/v2\/users\/2"}],"replies":[{"embeddable":true,"href":"https:\/\/www.ladiagonale.net\/index.php\/wp-json\/wp\/v2\/comments?post=9576"}],"version-history":[{"count":4,"href":"https:\/\/www.ladiagonale.net\/index.php\/wp-json\/wp\/v2\/posts\/9576\/revisions"}],"predecessor-version":[{"id":9590,"href":"https:\/\/www.ladiagonale.net\/index.php\/wp-json\/wp\/v2\/posts\/9576\/revisions\/9590"}],"wp:attachment":[{"href":"https:\/\/www.ladiagonale.net\/index.php\/wp-json\/wp\/v2\/media?parent=9576"}],"wp:term":[{"taxonomy":"category","embeddable":true,"href":"https:\/\/www.ladiagonale.net\/index.php\/wp-json\/wp\/v2\/categories?post=9576"},{"taxonomy":"post_tag","embeddable":true,"href":"https:\/\/www.ladiagonale.net\/index.php\/wp-json\/wp\/v2\/tags?post=9576"}],"curies":[{"name":"wp","href":"https:\/\/api.w.org\/{rel}","templated":true}]}}