{"id":9578,"date":"2023-02-11T20:04:56","date_gmt":"2023-02-11T19:04:56","guid":{"rendered":"https:\/\/www.ladiagonale.net\/?p=9578"},"modified":"2023-02-11T20:26:58","modified_gmt":"2023-02-11T19:26:58","slug":"monaco-montre-les-dents-2","status":"publish","type":"post","link":"https:\/\/www.ladiagonale.net\/index.php\/2023\/02\/11\/monaco-montre-les-dents-2\/","title":{"rendered":"Monaco montre les dents"},"content":{"rendered":"\n\n\n<p>C&rsquo;est une performance de choix qu&rsquo;a sign\u00e9 l&rsquo;AS Monaco face au leader de la Ligue 1, le Paris Saint-Germain. Les Mon\u00e9gasques se sont impos\u00e9s gr\u00e2ce \u00e0 un doubl\u00e9 de Wissam Ben Yedder et une r\u00e9alisation d&rsquo;Aleksandr Golovin (3-1). Un score qui a \u00e9t\u00e9 d\u00e9finitivement acquis en premi\u00e8re p\u00e9riode, puisqu&rsquo;aucun but n&rsquo;a \u00e9t\u00e9 inscrit lors du second acte. Les Rouge et Blanc ont pris le contr\u00f4le du cuir d\u00e8s l&rsquo;entame, et cela s&rsquo;est rapidement concr\u00e9tis\u00e9 au tableau d&rsquo;affichage, avec un Golovin opportuniste (1-0, 4<sup>e<\/sup>), poursuivant une action de Ben Yedder. Le capitaine mon\u00e9gasque a \u00e9t\u00e9 l&rsquo;homme du break apr\u00e8s le quart d&rsquo;heure de jeu, profitant d&rsquo;une bonne r\u00e9cup\u00e9ration de Diatta (2-0, 18<sup>e<\/sup>). <\/p>\n\n\n\n<p>Si Paris a repris la main dans la possession, avec notamment une r\u00e9organisation tactique, et r\u00e9duit l&rsquo;\u00e9cart par un Za\u00efre-Emery esseul\u00e9 au second poteau (2-1, 39<sup>e<\/sup>), Monaco n&rsquo;a pas flanch\u00e9 et a imm\u00e9diatement r\u00e9pondu gr\u00e2ce \u00e0 Ben Yedder, d\u00e9cid\u00e9ment tr\u00e8s en jambes et bien trouv\u00e9 par Ben Seghir (3-1, 45+1<sup>e<\/sup>). La seconde p\u00e9riode a \u00e9t\u00e9 plus calme, m\u00eame si Monaco a eu les opportunit\u00e9s pour alourdir la marque, notamment en fin de match, avec deux occasions d&rsquo;Embolo sur lesquelles Donnarumma a \u00e9t\u00e9 d\u00e9cisif (78<sup>e<\/sup>, 83<sup>e<\/sup>) et une autre de Minamino (90<sup>e<\/sup>+1). Le portier italien s&rsquo;\u00e9tait d&rsquo;ailleurs d\u00e9j\u00e0 illustr\u00e9 en premi\u00e8re p\u00e9riode devant Aguilar (14<sup>e<\/sup>, 27<sup>e<\/sup>) ou encore Golovin (41<sup>e<\/sup>). Monaco a sign\u00e9 une \u00ab\u00a0<em>bonne et belle victoire<\/em>\u00a0\u00bb, selon les dires d&rsquo;Axel Disasi et a compl\u00e8tement annihil\u00e9 le jeu parisien. <\/p>\n\n\n\n<p>Les As\u00e9mistes ont su se montrer agressifs \u00e0 la r\u00e9cup\u00e9ration mais dans un autre style que celui de Marseille en milieu de semaine. Ils ont \u00e9t\u00e9 aussi tr\u00e8s pr\u00e9sents dans la surface, avec notamment 16 tirs tent\u00e9s dans la seize m\u00e8tres adverses. Et surtout, ils ont enfin domin\u00e9 une \u00e9quipe du top 6, ce qui ne leur \u00e9tait encore jamais arriv\u00e9 cette saison. En reprenant provisoirement la deuxi\u00e8me place au classement avec 47 points, les Rouge et Blanc peuvent esp\u00e9rer cr\u00e9er quelque chose de fort sur cette deuxi\u00e8me moiti\u00e9 de saison, surtout quand on conna\u00eet leur facult\u00e9 \u00e0 tr\u00e8s bien finir les saisons depuis deux ans. Mais attention au rythme qui va s&#8217;emballer en ce mois de f\u00e9vrier avec notamment le retour de l&rsquo;Europe. L&rsquo;encha\u00eenement de deux matchs par semaines, on le sait, n&rsquo;a pas toujours \u00e9t\u00e9 le fort des joueurs de la Principaut\u00e9.<\/p>\n","protected":false},"excerpt":{"rendered":"<p>C&rsquo;est une performance de choix qu&rsquo;a sign\u00e9 l&rsquo;AS Monaco face au leader de la Ligue 1, le Paris Saint-Germain. Les Mon\u00e9gasques se sont impos\u00e9s gr\u00e2ce \u00e0 un doubl\u00e9 de Wissam Ben Yedder et une r\u00e9alisation d&rsquo;Aleksandr Golovin (3-1). Un score qui a \u00e9t\u00e9 d\u00e9finitivement acquis en premi\u00e8re p\u00e9riode, puisqu&rsquo;aucun but n&rsquo;a \u00e9t\u00e9 inscrit lors du [&#8230;]\n","protected":false},"author":2,"featured_media":8515,"comment_status":"open","ping_status":"open","sticky":false,"template":"","format":"standard","meta":[],"categories":[5,6],"tags":[86,94,384],"yoast_head":"<!-- This site is optimized with the Yoast SEO plugin v19.8 - https:\/\/yoast.com\/wordpress\/plugins\/seo\/ -->\n<title>Monaco montre les dents - La Diagonale<\/title>\n<meta name=\"robots\" content=\"index, follow, max-snippet:-1, max-image-preview:large, max-video-preview:-1\" \/>\n<link rel=\"canonical\" href=\"https:\/\/www.ladiagonale.net\/index.php\/2023\/02\/11\/monaco-montre-les-dents-2\/\" \/>\n<meta property=\"og:locale\" content=\"fr_FR\" \/>\n<meta property=\"og:type\" content=\"article\" \/>\n<meta property=\"og:title\" content=\"Monaco montre les dents - La Diagonale\" \/>\n<meta property=\"og:description\" content=\"C&rsquo;est une performance de choix qu&rsquo;a sign\u00e9 l&rsquo;AS Monaco face au leader de la Ligue 1, le Paris Saint-Germain. Les Mon\u00e9gasques se sont impos\u00e9s gr\u00e2ce \u00e0 un doubl\u00e9 de Wissam Ben Yedder et une r\u00e9alisation d&rsquo;Aleksandr Golovin (3-1). Un score qui a \u00e9t\u00e9 d\u00e9finitivement acquis en premi\u00e8re p\u00e9riode, puisqu&rsquo;aucun but n&rsquo;a \u00e9t\u00e9 inscrit lors du [...]\" \/>\n<meta property=\"og:url\" content=\"https:\/\/www.ladiagonale.net\/index.php\/2023\/02\/11\/monaco-montre-les-dents-2\/\" \/>\n<meta property=\"og:site_name\" content=\"La Diagonale\" \/>\n<meta property=\"article:published_time\" content=\"2023-02-11T19:04:56+00:00\" \/>\n<meta property=\"article:modified_time\" content=\"2023-02-11T19:26:58+00:00\" \/>\n<meta property=\"og:image\" content=\"https:\/\/www.ladiagonale.net\/wp-content\/uploads\/2023\/01\/ben-yedder4.png\" \/>\n\t<meta property=\"og:image:width\" content=\"1160\" \/>\n\t<meta property=\"og:image:height\" content=\"650\" \/>\n\t<meta property=\"og:image:type\" content=\"image\/png\" \/>\n<meta name=\"author\" content=\"Damien Dellerba\" \/>\n<meta name=\"twitter:card\" content=\"summary_large_image\" \/>\n<meta name=\"twitter:image\" content=\"https:\/\/www.ladiagonale.net\/wp-content\/uploads\/2023\/01\/ben-yedder4.png\" \/>\n<meta name=\"twitter:label1\" content=\"\u00c9crit par\" \/>\n\t<meta name=\"twitter:data1\" content=\"Damien Dellerba\" \/>\n\t<meta name=\"twitter:label2\" content=\"Dur\u00e9e de lecture estim\u00e9e\" \/>\n\t<meta name=\"twitter:data2\" content=\"3 minutes\" \/>\n<script type=\"application\/ld+json\" class=\"yoast-schema-graph\">{\"@context\":\"https:\/\/schema.org\",\"@graph\":[{\"@type\":\"WebPage\",\"@id\":\"https:\/\/www.ladiagonale.net\/index.php\/2023\/02\/11\/monaco-montre-les-dents-2\/\",\"url\":\"https:\/\/www.ladiagonale.net\/index.php\/2023\/02\/11\/monaco-montre-les-dents-2\/\",\"name\":\"Monaco montre les dents - La Diagonale\",\"isPartOf\":{\"@id\":\"https:\/\/www.ladiagonale.net\/#website\"},\"datePublished\":\"2023-02-11T19:04:56+00:00\",\"dateModified\":\"2023-02-11T19:26:58+00:00\",\"author\":{\"@id\":\"https:\/\/www.ladiagonale.net\/#\/schema\/person\/79ff1e7b0853ed01b2aa26e64ad300bf\"},\"breadcrumb\":{\"@id\":\"https:\/\/www.ladiagonale.net\/index.php\/2023\/02\/11\/monaco-montre-les-dents-2\/#breadcrumb\"},\"inLanguage\":\"fr-FR\",\"potentialAction\":[{\"@type\":\"ReadAction\",\"target\":[\"https:\/\/www.ladiagonale.net\/index.php\/2023\/02\/11\/monaco-montre-les-dents-2\/\"]}]},{\"@type\":\"BreadcrumbList\",\"@id\":\"https:\/\/www.ladiagonale.net\/index.php\/2023\/02\/11\/monaco-montre-les-dents-2\/#breadcrumb\",\"itemListElement\":[{\"@type\":\"ListItem\",\"position\":1,\"name\":\"Accueil\",\"item\":\"https:\/\/www.ladiagonale.net\/\"},{\"@type\":\"ListItem\",\"position\":2,\"name\":\"Monaco montre les dents\"}]},{\"@type\":\"WebSite\",\"@id\":\"https:\/\/www.ladiagonale.net\/#website\",\"url\":\"https:\/\/www.ladiagonale.net\/\",\"name\":\"La Diagonale\",\"description\":\"Le site des supporters de l&#039;AS Monaco FC\",\"potentialAction\":[{\"@type\":\"SearchAction\",\"target\":{\"@type\":\"EntryPoint\",\"urlTemplate\":\"https:\/\/www.ladiagonale.net\/?s={search_term_string}\"},\"query-input\":\"required name=search_term_string\"}],\"inLanguage\":\"fr-FR\"},{\"@type\":\"Person\",\"@id\":\"https:\/\/www.ladiagonale.net\/#\/schema\/person\/79ff1e7b0853ed01b2aa26e64ad300bf\",\"name\":\"Damien Dellerba\",\"image\":{\"@type\":\"ImageObject\",\"inLanguage\":\"fr-FR\",\"@id\":\"https:\/\/www.ladiagonale.net\/#\/schema\/person\/image\/\",\"url\":\"https:\/\/secure.gravatar.com\/avatar\/c7850e06d3ff63cdbaee88b7fc16e2f0?s=96&d=mm&r=g\",\"contentUrl\":\"https:\/\/secure.gravatar.com\/avatar\/c7850e06d3ff63cdbaee88b7fc16e2f0?s=96&d=mm&r=g\",\"caption\":\"Damien Dellerba\"},\"url\":\"https:\/\/www.ladiagonale.net\/index.php\/author\/damien\/\"}]}<\/script>\n<!-- \/ Yoast SEO plugin. -->","yoast_head_json":{"title":"Monaco montre les dents - La Diagonale","robots":{"index":"index","follow":"follow","max-snippet":"max-snippet:-1","max-image-preview":"max-image-preview:large","max-video-preview":"max-video-preview:-1"},"canonical":"https:\/\/www.ladiagonale.net\/index.php\/2023\/02\/11\/monaco-montre-les-dents-2\/","og_locale":"fr_FR","og_type":"article","og_title":"Monaco montre les dents - La Diagonale","og_description":"C&rsquo;est une performance de choix qu&rsquo;a sign\u00e9 l&rsquo;AS Monaco face au leader de la Ligue 1, le Paris Saint-Germain. Les Mon\u00e9gasques se sont impos\u00e9s gr\u00e2ce \u00e0 un doubl\u00e9 de Wissam Ben Yedder et une r\u00e9alisation d&rsquo;Aleksandr Golovin (3-1). Un score qui a \u00e9t\u00e9 d\u00e9finitivement acquis en premi\u00e8re p\u00e9riode, puisqu&rsquo;aucun but n&rsquo;a \u00e9t\u00e9 inscrit lors du [...]","og_url":"https:\/\/www.ladiagonale.net\/index.php\/2023\/02\/11\/monaco-montre-les-dents-2\/","og_site_name":"La Diagonale","article_published_time":"2023-02-11T19:04:56+00:00","article_modified_time":"2023-02-11T19:26:58+00:00","og_image":[{"width":1160,"height":650,"url":"https:\/\/www.ladiagonale.net\/wp-content\/uploads\/2023\/01\/ben-yedder4.png","type":"image\/png"}],"author":"Damien Dellerba","twitter_card":"summary_large_image","twitter_image":"https:\/\/www.ladiagonale.net\/wp-content\/uploads\/2023\/01\/ben-yedder4.png","twitter_misc":{"\u00c9crit par":"Damien Dellerba","Dur\u00e9e de lecture estim\u00e9e":"3 minutes"},"schema":{"@context":"https:\/\/schema.org","@graph":[{"@type":"WebPage","@id":"https:\/\/www.ladiagonale.net\/index.php\/2023\/02\/11\/monaco-montre-les-dents-2\/","url":"https:\/\/www.ladiagonale.net\/index.php\/2023\/02\/11\/monaco-montre-les-dents-2\/","name":"Monaco montre les dents - La Diagonale","isPartOf":{"@id":"https:\/\/www.ladiagonale.net\/#website"},"datePublished":"2023-02-11T19:04:56+00:00","dateModified":"2023-02-11T19:26:58+00:00","author":{"@id":"https:\/\/www.ladiagonale.net\/#\/schema\/person\/79ff1e7b0853ed01b2aa26e64ad300bf"},"breadcrumb":{"@id":"https:\/\/www.ladiagonale.net\/index.php\/2023\/02\/11\/monaco-montre-les-dents-2\/#breadcrumb"},"inLanguage":"fr-FR","potentialAction":[{"@type":"ReadAction","target":["https:\/\/www.ladiagonale.net\/index.php\/2023\/02\/11\/monaco-montre-les-dents-2\/"]}]},{"@type":"BreadcrumbList","@id":"https:\/\/www.ladiagonale.net\/index.php\/2023\/02\/11\/monaco-montre-les-dents-2\/#breadcrumb","itemListElement":[{"@type":"ListItem","position":1,"name":"Accueil","item":"https:\/\/www.ladiagonale.net\/"},{"@type":"ListItem","position":2,"name":"Monaco montre les dents"}]},{"@type":"WebSite","@id":"https:\/\/www.ladiagonale.net\/#website","url":"https:\/\/www.ladiagonale.net\/","name":"La Diagonale","description":"Le site des supporters de l&#039;AS Monaco FC","potentialAction":[{"@type":"SearchAction","target":{"@type":"EntryPoint","urlTemplate":"https:\/\/www.ladiagonale.net\/?s={search_term_string}"},"query-input":"required name=search_term_string"}],"inLanguage":"fr-FR"},{"@type":"Person","@id":"https:\/\/www.ladiagonale.net\/#\/schema\/person\/79ff1e7b0853ed01b2aa26e64ad300bf","name":"Damien Dellerba","image":{"@type":"ImageObject","inLanguage":"fr-FR","@id":"https:\/\/www.ladiagonale.net\/#\/schema\/person\/image\/","url":"https:\/\/secure.gravatar.com\/avatar\/c7850e06d3ff63cdbaee88b7fc16e2f0?s=96&d=mm&r=g","contentUrl":"https:\/\/secure.gravatar.com\/avatar\/c7850e06d3ff63cdbaee88b7fc16e2f0?s=96&d=mm&r=g","caption":"Damien Dellerba"},"url":"https:\/\/www.ladiagonale.net\/index.php\/author\/damien\/"}]}},"_links":{"self":[{"href":"https:\/\/www.ladiagonale.net\/index.php\/wp-json\/wp\/v2\/posts\/9578"}],"collection":[{"href":"https:\/\/www.ladiagonale.net\/index.php\/wp-json\/wp\/v2\/posts"}],"about":[{"href":"https:\/\/www.ladiagonale.net\/index.php\/wp-json\/wp\/v2\/types\/post"}],"author":[{"embeddable":true,"href":"https:\/\/www.ladiagonale.net\/index.php\/wp-json\/wp\/v2\/users\/2"}],"replies":[{"embeddable":true,"href":"https:\/\/www.ladiagonale.net\/index.php\/wp-json\/wp\/v2\/comments?post=9578"}],"version-history":[{"count":2,"href":"https:\/\/www.ladiagonale.net\/index.php\/wp-json\/wp\/v2\/posts\/9578\/revisions"}],"predecessor-version":[{"id":9581,"href":"https:\/\/www.ladiagonale.net\/index.php\/wp-json\/wp\/v2\/posts\/9578\/revisions\/9581"}],"wp:featuredmedia":[{"embeddable":true,"href":"https:\/\/www.ladiagonale.net\/index.php\/wp-json\/wp\/v2\/media\/8515"}],"wp:attachment":[{"href":"https:\/\/www.ladiagonale.net\/index.php\/wp-json\/wp\/v2\/media?parent=9578"}],"wp:term":[{"taxonomy":"category","embeddable":true,"href":"https:\/\/www.ladiagonale.net\/index.php\/wp-json\/wp\/v2\/categories?post=9578"},{"taxonomy":"post_tag","embeddable":true,"href":"https:\/\/www.ladiagonale.net\/index.php\/wp-json\/wp\/v2\/tags?post=9578"}],"curies":[{"name":"wp","href":"https:\/\/api.w.org\/{rel}","templated":true}]}}