{"id":9583,"date":"2023-02-11T21:42:50","date_gmt":"2023-02-11T20:42:50","guid":{"rendered":"https:\/\/www.ladiagonale.net\/?p=9583"},"modified":"2023-02-11T21:42:52","modified_gmt":"2023-02-11T20:42:52","slug":"clement-une-grande-victoire","status":"publish","type":"post","link":"https:\/\/www.ladiagonale.net\/index.php\/2023\/02\/11\/clement-une-grande-victoire\/","title":{"rendered":"Clement\u00a0: \u00ab\u00a0Une grande victoire\u00a0\u00bb"},"content":{"rendered":"\n\n\n<p>Apr\u00e8s une belle victoire face au Paris Saint-Germain (3-1), Philippe Clement s\u2019est pr\u00e9sent\u00e9 tr\u00e8s heureux en conf\u00e9rence de presse\u00a0: \u00ab\u00a0<em>Nous avons r\u00e9alis\u00e9 un tr\u00e8s bon match avec des joueurs qui ont \u00e9t\u00e9 tr\u00e8s concentr\u00e9s, engag\u00e9s et forts collectivement, que ce soit les titulaires o\u00f9 ceux qui sont entr\u00e9s en cours de match. Aujourd\u2019hui, tous doivent \u00eatre contents et fiers de leurs performances. Forc\u00e9ment, nous sommes donc satisfaits. C\u2019est une grande victoire ce soir et cela a fait plaisir \u00e0 tout le monde au club de voir le Stade Louis-II aussi rempli. Je pense que tous ceux qui ont assist\u00e9 \u00e0 cette performance seront contents quand ils rentreront chez eux.<\/em>\u00a0\u00bb<\/p>\n\n\n\n<p>Le technicien belge s\u2019est forc\u00e9ment r\u00e9joui de la mani\u00e8re et a reconnu qu\u2019ils \u00e9taient tomb\u00e9s sur un grand gardien\u00a0: \u00ab\u00a0<em>Je suis tr\u00e8s content de ce que j\u2019ai vu dans la structure avec et sans ballon. Cela devient plus naturel pour tous les joueurs. De plus, ils ont une capacit\u00e9 d\u2019adaptation lorsque l\u2019adversaire change de syst\u00e8me, et cela devient clair dans ce qu\u2019ils doivent faire \u00e0 chaque situation. Il y a plus d\u2019automatismes entre eux, et c\u2019est le cas pour tous les joueurs de l\u2019effectif. C\u2019est tr\u00e8s important pour une \u00e9quipe qui se veut d\u2019\u00eatre performante et je le vois de plus en plus.<\/em>\u00a0\u00bb<\/p>\n\n\n\n<p>Si Monaco prend provisoirement la seconde place au classement, l\u2019entra\u00eeneur as\u00e9miste pr\u00e9f\u00e8re continuer \u00e0 prendre les matchs les uns apr\u00e8s les autres et ne veut pas penser au titre\u00a0: \u00ab\u00a0<em>Comme j\u2019ai pu d\u00e9j\u00e0 le dire, je suis concentr\u00e9 uniquement sur nos r\u00e9sultats car nous pouvons les contr\u00f4ler. C\u2019est donc \u00e0 nous de prendre le plus de points possible. Aujourd\u2019hui, je vois une \u00e9quipe qui grandit de semaine en semaine et de mois en mois. L\u2019objectif est de continuer \u00e0 progresser ensemble. Mais il y a un \u00e9norme potentiel d\u2019am\u00e9lioration, que ce soit en termes d\u2019individualit\u00e9 et d\u2019effectif. Je suis concentr\u00e9 sur \u00e7a et pas au classement des autres.<\/em>\u00a0\u00bb<\/p>\n\n\n\n<p>Source : <em>AS Monaco<\/em><\/p>\n","protected":false},"excerpt":{"rendered":"<p>Apr\u00e8s une belle victoire face au Paris Saint-Germain (3-1), Philippe Clement s\u2019est pr\u00e9sent\u00e9 tr\u00e8s heureux en conf\u00e9rence de presse\u00a0: \u00ab\u00a0Nous avons r\u00e9alis\u00e9 un tr\u00e8s bon match avec des joueurs qui ont \u00e9t\u00e9 tr\u00e8s concentr\u00e9s, engag\u00e9s et forts collectivement, que ce soit les titulaires o\u00f9 ceux qui sont entr\u00e9s en cours de match. Aujourd\u2019hui, tous doivent [&#8230;]\n","protected":false},"author":2,"featured_media":0,"comment_status":"open","ping_status":"open","sticky":false,"template":"","format":"standard","meta":[],"categories":[6],"tags":[86,94,384,191],"yoast_head":"<!-- This site is optimized with the Yoast SEO plugin v19.8 - https:\/\/yoast.com\/wordpress\/plugins\/seo\/ -->\n<title>Clement\u00a0: \u00ab\u00a0Une grande victoire\u00a0\u00bb - La Diagonale<\/title>\n<meta name=\"robots\" content=\"index, follow, max-snippet:-1, max-image-preview:large, max-video-preview:-1\" \/>\n<link rel=\"canonical\" href=\"https:\/\/www.ladiagonale.net\/index.php\/2023\/02\/11\/clement-une-grande-victoire\/\" \/>\n<meta property=\"og:locale\" content=\"fr_FR\" \/>\n<meta property=\"og:type\" content=\"article\" \/>\n<meta property=\"og:title\" content=\"Clement\u00a0: \u00ab\u00a0Une grande victoire\u00a0\u00bb - La Diagonale\" \/>\n<meta property=\"og:description\" content=\"Apr\u00e8s une belle victoire face au Paris Saint-Germain (3-1), Philippe Clement s\u2019est pr\u00e9sent\u00e9 tr\u00e8s heureux en conf\u00e9rence de presse\u00a0: \u00ab\u00a0Nous avons r\u00e9alis\u00e9 un tr\u00e8s bon match avec des joueurs qui ont \u00e9t\u00e9 tr\u00e8s concentr\u00e9s, engag\u00e9s et forts collectivement, que ce soit les titulaires o\u00f9 ceux qui sont entr\u00e9s en cours de match. Aujourd\u2019hui, tous doivent [...]\" \/>\n<meta property=\"og:url\" content=\"https:\/\/www.ladiagonale.net\/index.php\/2023\/02\/11\/clement-une-grande-victoire\/\" \/>\n<meta property=\"og:site_name\" content=\"La Diagonale\" \/>\n<meta property=\"article:published_time\" content=\"2023-02-11T20:42:50+00:00\" \/>\n<meta property=\"article:modified_time\" content=\"2023-02-11T20:42:52+00:00\" \/>\n<meta property=\"og:image\" content=\"https:\/\/www.ladiagonale.net\/wp-content\/uploads\/2022\/10\/clement.png\" \/>\n\t<meta property=\"og:image:width\" content=\"1160\" \/>\n\t<meta property=\"og:image:height\" content=\"650\" \/>\n\t<meta property=\"og:image:type\" content=\"image\/png\" \/>\n<meta name=\"author\" content=\"Damien Dellerba\" \/>\n<meta name=\"twitter:card\" content=\"summary_large_image\" \/>\n<meta name=\"twitter:image\" content=\"https:\/\/www.ladiagonale.net\/wp-content\/uploads\/2022\/10\/clement.png\" \/>\n<meta name=\"twitter:label1\" content=\"\u00c9crit par\" \/>\n\t<meta name=\"twitter:data1\" content=\"Damien Dellerba\" \/>\n\t<meta name=\"twitter:label2\" content=\"Dur\u00e9e de lecture estim\u00e9e\" \/>\n\t<meta name=\"twitter:data2\" content=\"2 minutes\" \/>\n<script type=\"application\/ld+json\" class=\"yoast-schema-graph\">{\"@context\":\"https:\/\/schema.org\",\"@graph\":[{\"@type\":\"WebPage\",\"@id\":\"https:\/\/www.ladiagonale.net\/index.php\/2023\/02\/11\/clement-une-grande-victoire\/\",\"url\":\"https:\/\/www.ladiagonale.net\/index.php\/2023\/02\/11\/clement-une-grande-victoire\/\",\"name\":\"Clement\u00a0: \u00ab\u00a0Une grande victoire\u00a0\u00bb - La Diagonale\",\"isPartOf\":{\"@id\":\"https:\/\/www.ladiagonale.net\/#website\"},\"datePublished\":\"2023-02-11T20:42:50+00:00\",\"dateModified\":\"2023-02-11T20:42:52+00:00\",\"author\":{\"@id\":\"https:\/\/www.ladiagonale.net\/#\/schema\/person\/79ff1e7b0853ed01b2aa26e64ad300bf\"},\"breadcrumb\":{\"@id\":\"https:\/\/www.ladiagonale.net\/index.php\/2023\/02\/11\/clement-une-grande-victoire\/#breadcrumb\"},\"inLanguage\":\"fr-FR\",\"potentialAction\":[{\"@type\":\"ReadAction\",\"target\":[\"https:\/\/www.ladiagonale.net\/index.php\/2023\/02\/11\/clement-une-grande-victoire\/\"]}]},{\"@type\":\"BreadcrumbList\",\"@id\":\"https:\/\/www.ladiagonale.net\/index.php\/2023\/02\/11\/clement-une-grande-victoire\/#breadcrumb\",\"itemListElement\":[{\"@type\":\"ListItem\",\"position\":1,\"name\":\"Accueil\",\"item\":\"https:\/\/www.ladiagonale.net\/\"},{\"@type\":\"ListItem\",\"position\":2,\"name\":\"Clement\u00a0: \u00ab\u00a0Une grande victoire\u00a0\u00bb\"}]},{\"@type\":\"WebSite\",\"@id\":\"https:\/\/www.ladiagonale.net\/#website\",\"url\":\"https:\/\/www.ladiagonale.net\/\",\"name\":\"La Diagonale\",\"description\":\"Le site des supporters de l&#039;AS Monaco FC\",\"potentialAction\":[{\"@type\":\"SearchAction\",\"target\":{\"@type\":\"EntryPoint\",\"urlTemplate\":\"https:\/\/www.ladiagonale.net\/?s={search_term_string}\"},\"query-input\":\"required name=search_term_string\"}],\"inLanguage\":\"fr-FR\"},{\"@type\":\"Person\",\"@id\":\"https:\/\/www.ladiagonale.net\/#\/schema\/person\/79ff1e7b0853ed01b2aa26e64ad300bf\",\"name\":\"Damien Dellerba\",\"image\":{\"@type\":\"ImageObject\",\"inLanguage\":\"fr-FR\",\"@id\":\"https:\/\/www.ladiagonale.net\/#\/schema\/person\/image\/\",\"url\":\"https:\/\/secure.gravatar.com\/avatar\/c7850e06d3ff63cdbaee88b7fc16e2f0?s=96&d=mm&r=g\",\"contentUrl\":\"https:\/\/secure.gravatar.com\/avatar\/c7850e06d3ff63cdbaee88b7fc16e2f0?s=96&d=mm&r=g\",\"caption\":\"Damien Dellerba\"},\"url\":\"https:\/\/www.ladiagonale.net\/index.php\/author\/damien\/\"}]}<\/script>\n<!-- \/ Yoast SEO plugin. -->","yoast_head_json":{"title":"Clement\u00a0: \u00ab\u00a0Une grande victoire\u00a0\u00bb - La Diagonale","robots":{"index":"index","follow":"follow","max-snippet":"max-snippet:-1","max-image-preview":"max-image-preview:large","max-video-preview":"max-video-preview:-1"},"canonical":"https:\/\/www.ladiagonale.net\/index.php\/2023\/02\/11\/clement-une-grande-victoire\/","og_locale":"fr_FR","og_type":"article","og_title":"Clement\u00a0: \u00ab\u00a0Une grande victoire\u00a0\u00bb - La Diagonale","og_description":"Apr\u00e8s une belle victoire face au Paris Saint-Germain (3-1), Philippe Clement s\u2019est pr\u00e9sent\u00e9 tr\u00e8s heureux en conf\u00e9rence de presse\u00a0: \u00ab\u00a0Nous avons r\u00e9alis\u00e9 un tr\u00e8s bon match avec des joueurs qui ont \u00e9t\u00e9 tr\u00e8s concentr\u00e9s, engag\u00e9s et forts collectivement, que ce soit les titulaires o\u00f9 ceux qui sont entr\u00e9s en cours de match. Aujourd\u2019hui, tous doivent [...]","og_url":"https:\/\/www.ladiagonale.net\/index.php\/2023\/02\/11\/clement-une-grande-victoire\/","og_site_name":"La Diagonale","article_published_time":"2023-02-11T20:42:50+00:00","article_modified_time":"2023-02-11T20:42:52+00:00","og_image":[{"width":1160,"height":650,"url":"https:\/\/www.ladiagonale.net\/wp-content\/uploads\/2022\/10\/clement.png","type":"image\/png"}],"author":"Damien Dellerba","twitter_card":"summary_large_image","twitter_image":"https:\/\/www.ladiagonale.net\/wp-content\/uploads\/2022\/10\/clement.png","twitter_misc":{"\u00c9crit par":"Damien Dellerba","Dur\u00e9e de lecture estim\u00e9e":"2 minutes"},"schema":{"@context":"https:\/\/schema.org","@graph":[{"@type":"WebPage","@id":"https:\/\/www.ladiagonale.net\/index.php\/2023\/02\/11\/clement-une-grande-victoire\/","url":"https:\/\/www.ladiagonale.net\/index.php\/2023\/02\/11\/clement-une-grande-victoire\/","name":"Clement\u00a0: \u00ab\u00a0Une grande victoire\u00a0\u00bb - La Diagonale","isPartOf":{"@id":"https:\/\/www.ladiagonale.net\/#website"},"datePublished":"2023-02-11T20:42:50+00:00","dateModified":"2023-02-11T20:42:52+00:00","author":{"@id":"https:\/\/www.ladiagonale.net\/#\/schema\/person\/79ff1e7b0853ed01b2aa26e64ad300bf"},"breadcrumb":{"@id":"https:\/\/www.ladiagonale.net\/index.php\/2023\/02\/11\/clement-une-grande-victoire\/#breadcrumb"},"inLanguage":"fr-FR","potentialAction":[{"@type":"ReadAction","target":["https:\/\/www.ladiagonale.net\/index.php\/2023\/02\/11\/clement-une-grande-victoire\/"]}]},{"@type":"BreadcrumbList","@id":"https:\/\/www.ladiagonale.net\/index.php\/2023\/02\/11\/clement-une-grande-victoire\/#breadcrumb","itemListElement":[{"@type":"ListItem","position":1,"name":"Accueil","item":"https:\/\/www.ladiagonale.net\/"},{"@type":"ListItem","position":2,"name":"Clement\u00a0: \u00ab\u00a0Une grande victoire\u00a0\u00bb"}]},{"@type":"WebSite","@id":"https:\/\/www.ladiagonale.net\/#website","url":"https:\/\/www.ladiagonale.net\/","name":"La Diagonale","description":"Le site des supporters de l&#039;AS Monaco FC","potentialAction":[{"@type":"SearchAction","target":{"@type":"EntryPoint","urlTemplate":"https:\/\/www.ladiagonale.net\/?s={search_term_string}"},"query-input":"required name=search_term_string"}],"inLanguage":"fr-FR"},{"@type":"Person","@id":"https:\/\/www.ladiagonale.net\/#\/schema\/person\/79ff1e7b0853ed01b2aa26e64ad300bf","name":"Damien Dellerba","image":{"@type":"ImageObject","inLanguage":"fr-FR","@id":"https:\/\/www.ladiagonale.net\/#\/schema\/person\/image\/","url":"https:\/\/secure.gravatar.com\/avatar\/c7850e06d3ff63cdbaee88b7fc16e2f0?s=96&d=mm&r=g","contentUrl":"https:\/\/secure.gravatar.com\/avatar\/c7850e06d3ff63cdbaee88b7fc16e2f0?s=96&d=mm&r=g","caption":"Damien Dellerba"},"url":"https:\/\/www.ladiagonale.net\/index.php\/author\/damien\/"}]}},"_links":{"self":[{"href":"https:\/\/www.ladiagonale.net\/index.php\/wp-json\/wp\/v2\/posts\/9583"}],"collection":[{"href":"https:\/\/www.ladiagonale.net\/index.php\/wp-json\/wp\/v2\/posts"}],"about":[{"href":"https:\/\/www.ladiagonale.net\/index.php\/wp-json\/wp\/v2\/types\/post"}],"author":[{"embeddable":true,"href":"https:\/\/www.ladiagonale.net\/index.php\/wp-json\/wp\/v2\/users\/2"}],"replies":[{"embeddable":true,"href":"https:\/\/www.ladiagonale.net\/index.php\/wp-json\/wp\/v2\/comments?post=9583"}],"version-history":[{"count":1,"href":"https:\/\/www.ladiagonale.net\/index.php\/wp-json\/wp\/v2\/posts\/9583\/revisions"}],"predecessor-version":[{"id":9584,"href":"https:\/\/www.ladiagonale.net\/index.php\/wp-json\/wp\/v2\/posts\/9583\/revisions\/9584"}],"wp:attachment":[{"href":"https:\/\/www.ladiagonale.net\/index.php\/wp-json\/wp\/v2\/media?parent=9583"}],"wp:term":[{"taxonomy":"category","embeddable":true,"href":"https:\/\/www.ladiagonale.net\/index.php\/wp-json\/wp\/v2\/categories?post=9583"},{"taxonomy":"post_tag","embeddable":true,"href":"https:\/\/www.ladiagonale.net\/index.php\/wp-json\/wp\/v2\/tags?post=9583"}],"curies":[{"name":"wp","href":"https:\/\/api.w.org\/{rel}","templated":true}]}}