{"id":9585,"date":"2023-02-11T23:30:04","date_gmt":"2023-02-11T22:30:04","guid":{"rendered":"https:\/\/www.ladiagonale.net\/?p=9585"},"modified":"2023-02-11T23:30:07","modified_gmt":"2023-02-11T22:30:07","slug":"les-u17-a-la-fete","status":"publish","type":"post","link":"https:\/\/www.ladiagonale.net\/index.php\/2023\/02\/11\/les-u17-a-la-fete\/","title":{"rendered":"Les U17 \u00e0 la f\u00eate"},"content":{"rendered":"\n\n\n<p>Les U17 de l&rsquo;AS Monaco se sont brillamment impos\u00e9s contre Castelnau-Le Cr\u00e8s (6-1) lors de la 18e journ\u00e9e de championnat. Un tripl\u00e9 de Joan Tincres et un doubl\u00e9 de Nacim Dendani ont notamment mis les Rouge et Blanc sur orbite dans cette rencontre. Les hommes de Manu Dos Santos ont rapidement pris l&rsquo;avantage gr\u00e2ce \u00e0 une premi\u00e8re r\u00e9alisation de Malick Sylla (1-0, 9e). Tincres (2-0, 15e) puis Dendani (3-0, 19e) ont donn\u00e9 un avantage plus cons\u00e9quent dans le premier acte.<\/p>\n\n\n\n<p>La seconde p\u00e9riode a \u00e9galement \u00e9t\u00e9 remport\u00e9e par les As\u00e9mistes. D\u00e8s le retour des vestiaires, Joan Tincres a inscrit le quatri\u00e8me but mon\u00e9gasque (4-0, 47e) avant de signer un coup du chapeau apr\u00e8s l&rsquo;heure de jeu (6-0, 68e). Quelques minutes plus t\u00f4t, Dendani avait inscrit le cinqui\u00e8me but (5-0, 62e). En fin de match, Castelnau a r\u00e9duit l&rsquo;\u00e9cart et rendu l&rsquo;addition moins sal\u00e9e (6-1, 90e).<\/p>\n\n\n\n<p class=\"has-white-color has-text-color has-background\" style=\"background-color:#303030\"><a href=\"https:\/\/www.ladiagonale.net\/index.php\/event\/monaco-u17-castelnau-le-cres-u17\/\">Voir la feuille de match<\/a><\/p>\n\n\n\n<p>Au classement, trois \u00e9quipes sont d\u00e9sormais bien d\u00e9tach\u00e9es du reste du peloton. Monaco pointe en troisi\u00e8me position avec 40 points, deux points derri\u00e8re Nice, le nouveau leader, et Saint-\u00c9tienne. La semaine prochaine, certains U17 seront sur le pont pour le 8es de finale de la Coupe Gambardella face \u00e0 Rouen avant d&rsquo;encha\u00eener avec un d\u00e9placement au Gaz\u00e9lec Ajaccio dans 15 jours.<\/p>\n","protected":false},"excerpt":{"rendered":"<p>Les U17 de l&rsquo;AS Monaco se sont brillamment impos\u00e9s contre Castelnau-Le Cr\u00e8s (6-1) lors de la 18e journ\u00e9e de championnat. Un tripl\u00e9 de Joan Tincres et un doubl\u00e9 de Nacim Dendani ont notamment mis les Rouge et Blanc sur orbite dans cette rencontre. Les hommes de Manu Dos Santos ont rapidement pris l&rsquo;avantage gr\u00e2ce \u00e0 [&#8230;]\n","protected":false},"author":2,"featured_media":0,"comment_status":"open","ping_status":"open","sticky":false,"template":"","format":"standard","meta":[],"categories":[6],"tags":[76,86,130],"yoast_head":"<!-- This site is optimized with the Yoast SEO plugin v19.8 - https:\/\/yoast.com\/wordpress\/plugins\/seo\/ -->\n<title>Les U17 \u00e0 la f\u00eate - La Diagonale<\/title>\n<meta name=\"robots\" content=\"index, follow, max-snippet:-1, max-image-preview:large, max-video-preview:-1\" \/>\n<link rel=\"canonical\" href=\"https:\/\/www.ladiagonale.net\/index.php\/2023\/02\/11\/les-u17-a-la-fete\/\" \/>\n<meta property=\"og:locale\" content=\"fr_FR\" \/>\n<meta property=\"og:type\" content=\"article\" \/>\n<meta property=\"og:title\" content=\"Les U17 \u00e0 la f\u00eate - La Diagonale\" \/>\n<meta property=\"og:description\" content=\"Les U17 de l&rsquo;AS Monaco se sont brillamment impos\u00e9s contre Castelnau-Le Cr\u00e8s (6-1) lors de la 18e journ\u00e9e de championnat. Un tripl\u00e9 de Joan Tincres et un doubl\u00e9 de Nacim Dendani ont notamment mis les Rouge et Blanc sur orbite dans cette rencontre. Les hommes de Manu Dos Santos ont rapidement pris l&rsquo;avantage gr\u00e2ce \u00e0 [...]\" \/>\n<meta property=\"og:url\" content=\"https:\/\/www.ladiagonale.net\/index.php\/2023\/02\/11\/les-u17-a-la-fete\/\" \/>\n<meta property=\"og:site_name\" content=\"La Diagonale\" \/>\n<meta property=\"article:published_time\" content=\"2023-02-11T22:30:04+00:00\" \/>\n<meta property=\"article:modified_time\" content=\"2023-02-11T22:30:07+00:00\" \/>\n<meta property=\"og:image\" content=\"https:\/\/www.ladiagonale.net\/wp-content\/uploads\/2023\/01\/u17.png\" \/>\n\t<meta property=\"og:image:width\" content=\"1160\" \/>\n\t<meta property=\"og:image:height\" content=\"650\" \/>\n\t<meta property=\"og:image:type\" content=\"image\/png\" \/>\n<meta name=\"author\" content=\"Damien Dellerba\" \/>\n<meta name=\"twitter:card\" content=\"summary_large_image\" \/>\n<meta name=\"twitter:image\" content=\"https:\/\/www.ladiagonale.net\/wp-content\/uploads\/2023\/01\/u17.png\" \/>\n<meta name=\"twitter:label1\" content=\"\u00c9crit par\" \/>\n\t<meta name=\"twitter:data1\" content=\"Damien Dellerba\" \/>\n\t<meta name=\"twitter:label2\" content=\"Dur\u00e9e de lecture estim\u00e9e\" \/>\n\t<meta name=\"twitter:data2\" content=\"2 minutes\" \/>\n<script type=\"application\/ld+json\" class=\"yoast-schema-graph\">{\"@context\":\"https:\/\/schema.org\",\"@graph\":[{\"@type\":\"WebPage\",\"@id\":\"https:\/\/www.ladiagonale.net\/index.php\/2023\/02\/11\/les-u17-a-la-fete\/\",\"url\":\"https:\/\/www.ladiagonale.net\/index.php\/2023\/02\/11\/les-u17-a-la-fete\/\",\"name\":\"Les U17 \u00e0 la f\u00eate - La Diagonale\",\"isPartOf\":{\"@id\":\"https:\/\/www.ladiagonale.net\/#website\"},\"datePublished\":\"2023-02-11T22:30:04+00:00\",\"dateModified\":\"2023-02-11T22:30:07+00:00\",\"author\":{\"@id\":\"https:\/\/www.ladiagonale.net\/#\/schema\/person\/79ff1e7b0853ed01b2aa26e64ad300bf\"},\"breadcrumb\":{\"@id\":\"https:\/\/www.ladiagonale.net\/index.php\/2023\/02\/11\/les-u17-a-la-fete\/#breadcrumb\"},\"inLanguage\":\"fr-FR\",\"potentialAction\":[{\"@type\":\"ReadAction\",\"target\":[\"https:\/\/www.ladiagonale.net\/index.php\/2023\/02\/11\/les-u17-a-la-fete\/\"]}]},{\"@type\":\"BreadcrumbList\",\"@id\":\"https:\/\/www.ladiagonale.net\/index.php\/2023\/02\/11\/les-u17-a-la-fete\/#breadcrumb\",\"itemListElement\":[{\"@type\":\"ListItem\",\"position\":1,\"name\":\"Accueil\",\"item\":\"https:\/\/www.ladiagonale.net\/\"},{\"@type\":\"ListItem\",\"position\":2,\"name\":\"Les U17 \u00e0 la f\u00eate\"}]},{\"@type\":\"WebSite\",\"@id\":\"https:\/\/www.ladiagonale.net\/#website\",\"url\":\"https:\/\/www.ladiagonale.net\/\",\"name\":\"La Diagonale\",\"description\":\"Le site des supporters de l&#039;AS Monaco FC\",\"potentialAction\":[{\"@type\":\"SearchAction\",\"target\":{\"@type\":\"EntryPoint\",\"urlTemplate\":\"https:\/\/www.ladiagonale.net\/?s={search_term_string}\"},\"query-input\":\"required name=search_term_string\"}],\"inLanguage\":\"fr-FR\"},{\"@type\":\"Person\",\"@id\":\"https:\/\/www.ladiagonale.net\/#\/schema\/person\/79ff1e7b0853ed01b2aa26e64ad300bf\",\"name\":\"Damien Dellerba\",\"image\":{\"@type\":\"ImageObject\",\"inLanguage\":\"fr-FR\",\"@id\":\"https:\/\/www.ladiagonale.net\/#\/schema\/person\/image\/\",\"url\":\"https:\/\/secure.gravatar.com\/avatar\/c7850e06d3ff63cdbaee88b7fc16e2f0?s=96&d=mm&r=g\",\"contentUrl\":\"https:\/\/secure.gravatar.com\/avatar\/c7850e06d3ff63cdbaee88b7fc16e2f0?s=96&d=mm&r=g\",\"caption\":\"Damien Dellerba\"},\"url\":\"https:\/\/www.ladiagonale.net\/index.php\/author\/damien\/\"}]}<\/script>\n<!-- \/ Yoast SEO plugin. -->","yoast_head_json":{"title":"Les U17 \u00e0 la f\u00eate - La Diagonale","robots":{"index":"index","follow":"follow","max-snippet":"max-snippet:-1","max-image-preview":"max-image-preview:large","max-video-preview":"max-video-preview:-1"},"canonical":"https:\/\/www.ladiagonale.net\/index.php\/2023\/02\/11\/les-u17-a-la-fete\/","og_locale":"fr_FR","og_type":"article","og_title":"Les U17 \u00e0 la f\u00eate - La Diagonale","og_description":"Les U17 de l&rsquo;AS Monaco se sont brillamment impos\u00e9s contre Castelnau-Le Cr\u00e8s (6-1) lors de la 18e journ\u00e9e de championnat. Un tripl\u00e9 de Joan Tincres et un doubl\u00e9 de Nacim Dendani ont notamment mis les Rouge et Blanc sur orbite dans cette rencontre. Les hommes de Manu Dos Santos ont rapidement pris l&rsquo;avantage gr\u00e2ce \u00e0 [...]","og_url":"https:\/\/www.ladiagonale.net\/index.php\/2023\/02\/11\/les-u17-a-la-fete\/","og_site_name":"La Diagonale","article_published_time":"2023-02-11T22:30:04+00:00","article_modified_time":"2023-02-11T22:30:07+00:00","og_image":[{"width":1160,"height":650,"url":"https:\/\/www.ladiagonale.net\/wp-content\/uploads\/2023\/01\/u17.png","type":"image\/png"}],"author":"Damien Dellerba","twitter_card":"summary_large_image","twitter_image":"https:\/\/www.ladiagonale.net\/wp-content\/uploads\/2023\/01\/u17.png","twitter_misc":{"\u00c9crit par":"Damien Dellerba","Dur\u00e9e de lecture estim\u00e9e":"2 minutes"},"schema":{"@context":"https:\/\/schema.org","@graph":[{"@type":"WebPage","@id":"https:\/\/www.ladiagonale.net\/index.php\/2023\/02\/11\/les-u17-a-la-fete\/","url":"https:\/\/www.ladiagonale.net\/index.php\/2023\/02\/11\/les-u17-a-la-fete\/","name":"Les U17 \u00e0 la f\u00eate - La Diagonale","isPartOf":{"@id":"https:\/\/www.ladiagonale.net\/#website"},"datePublished":"2023-02-11T22:30:04+00:00","dateModified":"2023-02-11T22:30:07+00:00","author":{"@id":"https:\/\/www.ladiagonale.net\/#\/schema\/person\/79ff1e7b0853ed01b2aa26e64ad300bf"},"breadcrumb":{"@id":"https:\/\/www.ladiagonale.net\/index.php\/2023\/02\/11\/les-u17-a-la-fete\/#breadcrumb"},"inLanguage":"fr-FR","potentialAction":[{"@type":"ReadAction","target":["https:\/\/www.ladiagonale.net\/index.php\/2023\/02\/11\/les-u17-a-la-fete\/"]}]},{"@type":"BreadcrumbList","@id":"https:\/\/www.ladiagonale.net\/index.php\/2023\/02\/11\/les-u17-a-la-fete\/#breadcrumb","itemListElement":[{"@type":"ListItem","position":1,"name":"Accueil","item":"https:\/\/www.ladiagonale.net\/"},{"@type":"ListItem","position":2,"name":"Les U17 \u00e0 la f\u00eate"}]},{"@type":"WebSite","@id":"https:\/\/www.ladiagonale.net\/#website","url":"https:\/\/www.ladiagonale.net\/","name":"La Diagonale","description":"Le site des supporters de l&#039;AS Monaco FC","potentialAction":[{"@type":"SearchAction","target":{"@type":"EntryPoint","urlTemplate":"https:\/\/www.ladiagonale.net\/?s={search_term_string}"},"query-input":"required name=search_term_string"}],"inLanguage":"fr-FR"},{"@type":"Person","@id":"https:\/\/www.ladiagonale.net\/#\/schema\/person\/79ff1e7b0853ed01b2aa26e64ad300bf","name":"Damien Dellerba","image":{"@type":"ImageObject","inLanguage":"fr-FR","@id":"https:\/\/www.ladiagonale.net\/#\/schema\/person\/image\/","url":"https:\/\/secure.gravatar.com\/avatar\/c7850e06d3ff63cdbaee88b7fc16e2f0?s=96&d=mm&r=g","contentUrl":"https:\/\/secure.gravatar.com\/avatar\/c7850e06d3ff63cdbaee88b7fc16e2f0?s=96&d=mm&r=g","caption":"Damien Dellerba"},"url":"https:\/\/www.ladiagonale.net\/index.php\/author\/damien\/"}]}},"_links":{"self":[{"href":"https:\/\/www.ladiagonale.net\/index.php\/wp-json\/wp\/v2\/posts\/9585"}],"collection":[{"href":"https:\/\/www.ladiagonale.net\/index.php\/wp-json\/wp\/v2\/posts"}],"about":[{"href":"https:\/\/www.ladiagonale.net\/index.php\/wp-json\/wp\/v2\/types\/post"}],"author":[{"embeddable":true,"href":"https:\/\/www.ladiagonale.net\/index.php\/wp-json\/wp\/v2\/users\/2"}],"replies":[{"embeddable":true,"href":"https:\/\/www.ladiagonale.net\/index.php\/wp-json\/wp\/v2\/comments?post=9585"}],"version-history":[{"count":1,"href":"https:\/\/www.ladiagonale.net\/index.php\/wp-json\/wp\/v2\/posts\/9585\/revisions"}],"predecessor-version":[{"id":9586,"href":"https:\/\/www.ladiagonale.net\/index.php\/wp-json\/wp\/v2\/posts\/9585\/revisions\/9586"}],"wp:attachment":[{"href":"https:\/\/www.ladiagonale.net\/index.php\/wp-json\/wp\/v2\/media?parent=9585"}],"wp:term":[{"taxonomy":"category","embeddable":true,"href":"https:\/\/www.ladiagonale.net\/index.php\/wp-json\/wp\/v2\/categories?post=9585"},{"taxonomy":"post_tag","embeddable":true,"href":"https:\/\/www.ladiagonale.net\/index.php\/wp-json\/wp\/v2\/tags?post=9585"}],"curies":[{"name":"wp","href":"https:\/\/api.w.org\/{rel}","templated":true}]}}