{"id":9813,"date":"2023-02-17T18:03:51","date_gmt":"2023-02-17T17:03:51","guid":{"rendered":"https:\/\/www.ladiagonale.net\/?p=9813"},"modified":"2023-02-17T18:03:54","modified_gmt":"2023-02-17T17:03:54","slug":"ben-el-hadj-au-sifflet-pour-brest-monaco","status":"publish","type":"post","link":"https:\/\/www.ladiagonale.net\/index.php\/2023\/02\/17\/ben-el-hadj-au-sifflet-pour-brest-monaco\/","title":{"rendered":"Ben El Hadj au sifflet pour Brest-Monaco"},"content":{"rendered":"\n\n\n<p>La LFP a annonc\u00e9 les arbitres qui officieront lors de la 24<sup>e<\/sup> journ\u00e9e de Ligue 1. \u00c0 cette occasion, Monaco se d\u00e9placera \u00e0 Brest ce dimanche (15h) et sera arbitr\u00e9 par Hakim Ben El Hadj. Il sera assist\u00e9 par Huseyin Ocak et Benjamin Pages sur la touche et par Hamid Guenaoui et Christian Guillard \u00e0 la vid\u00e9o.<\/p>\n\n\n\n<p>Cette saison, Hakim Ben El Hadj n&rsquo;a encore jamais arbitr\u00e9 l&rsquo;AS Monaco. Cela aurait d\u00fb \u00eatre le cas lors du 32<sup>es<\/sup> de finale de la Coupe de France contre Rodez mais il avait finalement \u00e9t\u00e9 remplac\u00e9 par Abdelatif Kherradji.<\/p>\n","protected":false},"excerpt":{"rendered":"<p>La LFP a annonc\u00e9 les arbitres qui officieront lors de la 24e journ\u00e9e de Ligue 1. \u00c0 cette occasion, Monaco se d\u00e9placera \u00e0 Brest ce dimanche (15h) et sera arbitr\u00e9 par Hakim Ben El Hadj. Il sera assist\u00e9 par Huseyin Ocak et Benjamin Pages sur la touche et par Hamid Guenaoui et Christian Guillard \u00e0 [&#8230;]\n","protected":false},"author":2,"featured_media":0,"comment_status":"open","ping_status":"open","sticky":false,"template":"","format":"standard","meta":[],"categories":[6],"tags":[156,86,373,359,94],"yoast_head":"<!-- This site is optimized with the Yoast SEO plugin v19.8 - https:\/\/yoast.com\/wordpress\/plugins\/seo\/ -->\n<title>Ben El Hadj au sifflet pour Brest-Monaco - La Diagonale<\/title>\n<meta name=\"robots\" content=\"index, follow, max-snippet:-1, max-image-preview:large, max-video-preview:-1\" \/>\n<link rel=\"canonical\" href=\"https:\/\/www.ladiagonale.net\/index.php\/2023\/02\/17\/ben-el-hadj-au-sifflet-pour-brest-monaco\/\" \/>\n<meta property=\"og:locale\" content=\"fr_FR\" \/>\n<meta property=\"og:type\" content=\"article\" \/>\n<meta property=\"og:title\" content=\"Ben El Hadj au sifflet pour Brest-Monaco - La Diagonale\" \/>\n<meta property=\"og:description\" content=\"La LFP a annonc\u00e9 les arbitres qui officieront lors de la 24e journ\u00e9e de Ligue 1. \u00c0 cette occasion, Monaco se d\u00e9placera \u00e0 Brest ce dimanche (15h) et sera arbitr\u00e9 par Hakim Ben El Hadj. Il sera assist\u00e9 par Huseyin Ocak et Benjamin Pages sur la touche et par Hamid Guenaoui et Christian Guillard \u00e0 [...]\" \/>\n<meta property=\"og:url\" content=\"https:\/\/www.ladiagonale.net\/index.php\/2023\/02\/17\/ben-el-hadj-au-sifflet-pour-brest-monaco\/\" \/>\n<meta property=\"og:site_name\" content=\"La Diagonale\" \/>\n<meta property=\"article:published_time\" content=\"2023-02-17T17:03:51+00:00\" \/>\n<meta property=\"article:modified_time\" content=\"2023-02-17T17:03:54+00:00\" \/>\n<meta property=\"og:image\" content=\"https:\/\/www.ladiagonale.net\/wp-content\/uploads\/2023\/01\/ben-el-hadj.png\" \/>\n\t<meta property=\"og:image:width\" content=\"1160\" \/>\n\t<meta property=\"og:image:height\" content=\"650\" \/>\n\t<meta property=\"og:image:type\" content=\"image\/png\" \/>\n<meta name=\"author\" content=\"Damien Dellerba\" \/>\n<meta name=\"twitter:card\" content=\"summary_large_image\" \/>\n<meta name=\"twitter:image\" content=\"https:\/\/www.ladiagonale.net\/wp-content\/uploads\/2023\/01\/ben-el-hadj.png\" \/>\n<meta name=\"twitter:label1\" content=\"\u00c9crit par\" \/>\n\t<meta name=\"twitter:data1\" content=\"Damien Dellerba\" \/>\n\t<meta name=\"twitter:label2\" content=\"Dur\u00e9e de lecture estim\u00e9e\" \/>\n\t<meta name=\"twitter:data2\" content=\"1 minute\" \/>\n<script type=\"application\/ld+json\" class=\"yoast-schema-graph\">{\"@context\":\"https:\/\/schema.org\",\"@graph\":[{\"@type\":\"WebPage\",\"@id\":\"https:\/\/www.ladiagonale.net\/index.php\/2023\/02\/17\/ben-el-hadj-au-sifflet-pour-brest-monaco\/\",\"url\":\"https:\/\/www.ladiagonale.net\/index.php\/2023\/02\/17\/ben-el-hadj-au-sifflet-pour-brest-monaco\/\",\"name\":\"Ben El Hadj au sifflet pour Brest-Monaco - La Diagonale\",\"isPartOf\":{\"@id\":\"https:\/\/www.ladiagonale.net\/#website\"},\"datePublished\":\"2023-02-17T17:03:51+00:00\",\"dateModified\":\"2023-02-17T17:03:54+00:00\",\"author\":{\"@id\":\"https:\/\/www.ladiagonale.net\/#\/schema\/person\/79ff1e7b0853ed01b2aa26e64ad300bf\"},\"breadcrumb\":{\"@id\":\"https:\/\/www.ladiagonale.net\/index.php\/2023\/02\/17\/ben-el-hadj-au-sifflet-pour-brest-monaco\/#breadcrumb\"},\"inLanguage\":\"fr-FR\",\"potentialAction\":[{\"@type\":\"ReadAction\",\"target\":[\"https:\/\/www.ladiagonale.net\/index.php\/2023\/02\/17\/ben-el-hadj-au-sifflet-pour-brest-monaco\/\"]}]},{\"@type\":\"BreadcrumbList\",\"@id\":\"https:\/\/www.ladiagonale.net\/index.php\/2023\/02\/17\/ben-el-hadj-au-sifflet-pour-brest-monaco\/#breadcrumb\",\"itemListElement\":[{\"@type\":\"ListItem\",\"position\":1,\"name\":\"Accueil\",\"item\":\"https:\/\/www.ladiagonale.net\/\"},{\"@type\":\"ListItem\",\"position\":2,\"name\":\"Ben El Hadj au sifflet pour Brest-Monaco\"}]},{\"@type\":\"WebSite\",\"@id\":\"https:\/\/www.ladiagonale.net\/#website\",\"url\":\"https:\/\/www.ladiagonale.net\/\",\"name\":\"La Diagonale\",\"description\":\"Le site des supporters de l&#039;AS Monaco FC\",\"potentialAction\":[{\"@type\":\"SearchAction\",\"target\":{\"@type\":\"EntryPoint\",\"urlTemplate\":\"https:\/\/www.ladiagonale.net\/?s={search_term_string}\"},\"query-input\":\"required name=search_term_string\"}],\"inLanguage\":\"fr-FR\"},{\"@type\":\"Person\",\"@id\":\"https:\/\/www.ladiagonale.net\/#\/schema\/person\/79ff1e7b0853ed01b2aa26e64ad300bf\",\"name\":\"Damien Dellerba\",\"image\":{\"@type\":\"ImageObject\",\"inLanguage\":\"fr-FR\",\"@id\":\"https:\/\/www.ladiagonale.net\/#\/schema\/person\/image\/\",\"url\":\"https:\/\/secure.gravatar.com\/avatar\/c7850e06d3ff63cdbaee88b7fc16e2f0?s=96&d=mm&r=g\",\"contentUrl\":\"https:\/\/secure.gravatar.com\/avatar\/c7850e06d3ff63cdbaee88b7fc16e2f0?s=96&d=mm&r=g\",\"caption\":\"Damien Dellerba\"},\"url\":\"https:\/\/www.ladiagonale.net\/index.php\/author\/damien\/\"}]}<\/script>\n<!-- \/ Yoast SEO plugin. -->","yoast_head_json":{"title":"Ben El Hadj au sifflet pour Brest-Monaco - La Diagonale","robots":{"index":"index","follow":"follow","max-snippet":"max-snippet:-1","max-image-preview":"max-image-preview:large","max-video-preview":"max-video-preview:-1"},"canonical":"https:\/\/www.ladiagonale.net\/index.php\/2023\/02\/17\/ben-el-hadj-au-sifflet-pour-brest-monaco\/","og_locale":"fr_FR","og_type":"article","og_title":"Ben El Hadj au sifflet pour Brest-Monaco - La Diagonale","og_description":"La LFP a annonc\u00e9 les arbitres qui officieront lors de la 24e journ\u00e9e de Ligue 1. \u00c0 cette occasion, Monaco se d\u00e9placera \u00e0 Brest ce dimanche (15h) et sera arbitr\u00e9 par Hakim Ben El Hadj. Il sera assist\u00e9 par Huseyin Ocak et Benjamin Pages sur la touche et par Hamid Guenaoui et Christian Guillard \u00e0 [...]","og_url":"https:\/\/www.ladiagonale.net\/index.php\/2023\/02\/17\/ben-el-hadj-au-sifflet-pour-brest-monaco\/","og_site_name":"La Diagonale","article_published_time":"2023-02-17T17:03:51+00:00","article_modified_time":"2023-02-17T17:03:54+00:00","og_image":[{"width":1160,"height":650,"url":"https:\/\/www.ladiagonale.net\/wp-content\/uploads\/2023\/01\/ben-el-hadj.png","type":"image\/png"}],"author":"Damien Dellerba","twitter_card":"summary_large_image","twitter_image":"https:\/\/www.ladiagonale.net\/wp-content\/uploads\/2023\/01\/ben-el-hadj.png","twitter_misc":{"\u00c9crit par":"Damien Dellerba","Dur\u00e9e de lecture estim\u00e9e":"1 minute"},"schema":{"@context":"https:\/\/schema.org","@graph":[{"@type":"WebPage","@id":"https:\/\/www.ladiagonale.net\/index.php\/2023\/02\/17\/ben-el-hadj-au-sifflet-pour-brest-monaco\/","url":"https:\/\/www.ladiagonale.net\/index.php\/2023\/02\/17\/ben-el-hadj-au-sifflet-pour-brest-monaco\/","name":"Ben El Hadj au sifflet pour Brest-Monaco - La Diagonale","isPartOf":{"@id":"https:\/\/www.ladiagonale.net\/#website"},"datePublished":"2023-02-17T17:03:51+00:00","dateModified":"2023-02-17T17:03:54+00:00","author":{"@id":"https:\/\/www.ladiagonale.net\/#\/schema\/person\/79ff1e7b0853ed01b2aa26e64ad300bf"},"breadcrumb":{"@id":"https:\/\/www.ladiagonale.net\/index.php\/2023\/02\/17\/ben-el-hadj-au-sifflet-pour-brest-monaco\/#breadcrumb"},"inLanguage":"fr-FR","potentialAction":[{"@type":"ReadAction","target":["https:\/\/www.ladiagonale.net\/index.php\/2023\/02\/17\/ben-el-hadj-au-sifflet-pour-brest-monaco\/"]}]},{"@type":"BreadcrumbList","@id":"https:\/\/www.ladiagonale.net\/index.php\/2023\/02\/17\/ben-el-hadj-au-sifflet-pour-brest-monaco\/#breadcrumb","itemListElement":[{"@type":"ListItem","position":1,"name":"Accueil","item":"https:\/\/www.ladiagonale.net\/"},{"@type":"ListItem","position":2,"name":"Ben El Hadj au sifflet pour Brest-Monaco"}]},{"@type":"WebSite","@id":"https:\/\/www.ladiagonale.net\/#website","url":"https:\/\/www.ladiagonale.net\/","name":"La Diagonale","description":"Le site des supporters de l&#039;AS Monaco FC","potentialAction":[{"@type":"SearchAction","target":{"@type":"EntryPoint","urlTemplate":"https:\/\/www.ladiagonale.net\/?s={search_term_string}"},"query-input":"required name=search_term_string"}],"inLanguage":"fr-FR"},{"@type":"Person","@id":"https:\/\/www.ladiagonale.net\/#\/schema\/person\/79ff1e7b0853ed01b2aa26e64ad300bf","name":"Damien Dellerba","image":{"@type":"ImageObject","inLanguage":"fr-FR","@id":"https:\/\/www.ladiagonale.net\/#\/schema\/person\/image\/","url":"https:\/\/secure.gravatar.com\/avatar\/c7850e06d3ff63cdbaee88b7fc16e2f0?s=96&d=mm&r=g","contentUrl":"https:\/\/secure.gravatar.com\/avatar\/c7850e06d3ff63cdbaee88b7fc16e2f0?s=96&d=mm&r=g","caption":"Damien Dellerba"},"url":"https:\/\/www.ladiagonale.net\/index.php\/author\/damien\/"}]}},"_links":{"self":[{"href":"https:\/\/www.ladiagonale.net\/index.php\/wp-json\/wp\/v2\/posts\/9813"}],"collection":[{"href":"https:\/\/www.ladiagonale.net\/index.php\/wp-json\/wp\/v2\/posts"}],"about":[{"href":"https:\/\/www.ladiagonale.net\/index.php\/wp-json\/wp\/v2\/types\/post"}],"author":[{"embeddable":true,"href":"https:\/\/www.ladiagonale.net\/index.php\/wp-json\/wp\/v2\/users\/2"}],"replies":[{"embeddable":true,"href":"https:\/\/www.ladiagonale.net\/index.php\/wp-json\/wp\/v2\/comments?post=9813"}],"version-history":[{"count":1,"href":"https:\/\/www.ladiagonale.net\/index.php\/wp-json\/wp\/v2\/posts\/9813\/revisions"}],"predecessor-version":[{"id":9814,"href":"https:\/\/www.ladiagonale.net\/index.php\/wp-json\/wp\/v2\/posts\/9813\/revisions\/9814"}],"wp:attachment":[{"href":"https:\/\/www.ladiagonale.net\/index.php\/wp-json\/wp\/v2\/media?parent=9813"}],"wp:term":[{"taxonomy":"category","embeddable":true,"href":"https:\/\/www.ladiagonale.net\/index.php\/wp-json\/wp\/v2\/categories?post=9813"},{"taxonomy":"post_tag","embeddable":true,"href":"https:\/\/www.ladiagonale.net\/index.php\/wp-json\/wp\/v2\/tags?post=9813"}],"curies":[{"name":"wp","href":"https:\/\/api.w.org\/{rel}","templated":true}]}}