{"id":9940,"date":"2023-02-19T23:23:46","date_gmt":"2023-02-19T22:23:46","guid":{"rendered":"https:\/\/www.ladiagonale.net\/?p=9940"},"modified":"2023-02-19T23:23:49","modified_gmt":"2023-02-19T22:23:49","slug":"clement-lequipe-sest-liberee","status":"publish","type":"post","link":"https:\/\/www.ladiagonale.net\/index.php\/2023\/02\/19\/clement-lequipe-sest-liberee\/","title":{"rendered":"Clement : \u00ab&nbsp;L\u2019\u00e9quipe s\u2019est lib\u00e9r\u00e9e&nbsp;\u00bb"},"content":{"rendered":"\n<p>Philippe Clement \u00e9tait en conf\u00e9rence de presse apr\u00e8s la solide victoire de l\u2019AS Monaco \u00e0 Brest. L\u2019entra\u00eeneur belge a aim\u00e9 la prestation de son \u00e9quipe malgr\u00e9 les changements effectu\u00e9s : \u00ab\u00a0<em>Il y a plusieurs enseignements \u00e0 retenir. Mais si je dois n\u2019en retenir qu\u2019un seul, je dirais la solidarit\u00e9. Malgr\u00e9 les blessures, tous les joueurs \u00e9taient pr\u00eat \u00e0 performer. Au d\u00e9but de match, on a ressenti le manque d\u2019automatismes entre les joueurs pas encore habitu\u00e9s \u00e0 commencer titulaires. Mais au fur et \u00e0 mesure de la rencontre, l\u2019\u00e9quipe a pris confiance et s\u2019est lib\u00e9r\u00e9e.<\/em>\u00a0\u00bb<\/p>\n\n\n\n<p>Le coach mon\u00e9gasque ne veut pas surtout pas voir son groupe se rel\u00e2cher et l\u2019enjoint \u00e0 continuer \u00e0 travailler dur : \u00ab\u00a0<em>\u00c0 partir du moment o\u00f9 l\u2019on pense de cette mani\u00e8re, que tout est acquis, alors on commence \u00e0 perdre des matchs. Ce qui nous permet d\u2019obtenir ces r\u00e9sultats, c\u2019est le travail au quotidien, la concentration sur les d\u00e9tails de la part de tout le groupe, que ce soit avec ou sans ballon. Les joueurs ont montr\u00e9 de belles choses aujourd\u2019hui. On doit continuer semaine apr\u00e8s semaine \u00e0 confirmer cette dynamique, d\u00e8s jeudi face \u00e0 Leverkusen.<\/em>\u00a0\u00bb<\/p>\n\n\n\n<h4 class=\"has-vivid-red-color has-text-color\" style=\"font-style:normal;font-weight:500;text-transform:uppercase\">Clement est heureux pour Boadu<\/h4>\n\n\n\n<p>Myron Boadu est apparu pour la derni\u00e8re fois contre Ajaccio (<em>le 15 janvier<\/em>) et Philippe Clement a pu lui donner plus de temps de jeu ce week-end : \u00ab\u00a0<em>S\u2019il est entr\u00e9 en jeu aujourd\u2019hui ce n\u2019est pas par hasard. La semaine pass\u00e9e, j\u2019ai re\u00e7u encore une fois cette question sur la rotation autour de Wissam et Breel. Certains observateurs disent que la rotation est difficile, car les deux sont performants. C\u2019est vrai, mais il y a aussi d\u2019autres joueurs qui donnent satisfaction, et qui m\u00e9ritent du temps de jeu.<\/em>\u00a0\u00bb<\/p>\n\n\n\n<p>Le technicien flamand a vu son choix payant puisque Boadu a marqu\u00e9 son second but de la saison apr\u00e8s celui contre Montpellier (<em>le 9 octobre 2022<\/em>) : \u00ab\u00a0<em>\u00c0 l\u2019entra\u00eenement, Myron est performant et pousse pour avoir du temps de jeu. Aujourd\u2019hui, il est bien mentalement et physiquement, \u00e7a se voit qu\u2019il a envie de jouer et j\u2019appr\u00e9cie cela. Il pousse les autres \u00e0 se d\u00e9passer aussi, et c\u2019est gr\u00e2ce \u00e0 cet investissement quotidien de lui et du groupe que l\u2019on grandi.<\/em>\u00a0\u00bb<\/p>\n\n\n","protected":false},"excerpt":{"rendered":"<p>Philippe Clement \u00e9tait en conf\u00e9rence de presse apr\u00e8s la solide victoire de l\u2019AS Monaco \u00e0 Brest. L\u2019entra\u00eeneur belge a aim\u00e9 la prestation de son \u00e9quipe malgr\u00e9 les changements effectu\u00e9s : \u00ab\u00a0Il y a plusieurs enseignements \u00e0 retenir. Mais si je dois n\u2019en retenir qu\u2019un seul, je dirais la solidarit\u00e9. Malgr\u00e9 les blessures, tous les joueurs [&#8230;]\n","protected":false},"author":2,"featured_media":0,"comment_status":"open","ping_status":"open","sticky":false,"template":"","format":"standard","meta":[],"categories":[6],"tags":[86,373,94,191],"yoast_head":"<!-- This site is optimized with the Yoast SEO plugin v19.8 - https:\/\/yoast.com\/wordpress\/plugins\/seo\/ -->\n<title>Clement : \u00ab&nbsp;L\u2019\u00e9quipe s\u2019est lib\u00e9r\u00e9e&nbsp;\u00bb - La Diagonale<\/title>\n<meta name=\"robots\" content=\"index, follow, max-snippet:-1, max-image-preview:large, max-video-preview:-1\" \/>\n<link rel=\"canonical\" href=\"https:\/\/www.ladiagonale.net\/index.php\/2023\/02\/19\/clement-lequipe-sest-liberee\/\" \/>\n<meta property=\"og:locale\" content=\"fr_FR\" \/>\n<meta property=\"og:type\" content=\"article\" \/>\n<meta property=\"og:title\" content=\"Clement : \u00ab&nbsp;L\u2019\u00e9quipe s\u2019est lib\u00e9r\u00e9e&nbsp;\u00bb - La Diagonale\" \/>\n<meta property=\"og:description\" content=\"Philippe Clement \u00e9tait en conf\u00e9rence de presse apr\u00e8s la solide victoire de l\u2019AS Monaco \u00e0 Brest. L\u2019entra\u00eeneur belge a aim\u00e9 la prestation de son \u00e9quipe malgr\u00e9 les changements effectu\u00e9s : \u00ab\u00a0Il y a plusieurs enseignements \u00e0 retenir. Mais si je dois n\u2019en retenir qu\u2019un seul, je dirais la solidarit\u00e9. Malgr\u00e9 les blessures, tous les joueurs [...]\" \/>\n<meta property=\"og:url\" content=\"https:\/\/www.ladiagonale.net\/index.php\/2023\/02\/19\/clement-lequipe-sest-liberee\/\" \/>\n<meta property=\"og:site_name\" content=\"La Diagonale\" \/>\n<meta property=\"article:published_time\" content=\"2023-02-19T22:23:46+00:00\" \/>\n<meta property=\"article:modified_time\" content=\"2023-02-19T22:23:49+00:00\" \/>\n<meta property=\"og:image\" content=\"https:\/\/www.ladiagonale.net\/wp-content\/uploads\/2022\/10\/clement.png\" \/>\n\t<meta property=\"og:image:width\" content=\"1160\" \/>\n\t<meta property=\"og:image:height\" content=\"650\" \/>\n\t<meta property=\"og:image:type\" content=\"image\/png\" \/>\n<meta name=\"author\" content=\"Damien Dellerba\" \/>\n<meta name=\"twitter:card\" content=\"summary_large_image\" \/>\n<meta name=\"twitter:image\" content=\"https:\/\/www.ladiagonale.net\/wp-content\/uploads\/2022\/10\/clement.png\" \/>\n<meta name=\"twitter:label1\" content=\"\u00c9crit par\" \/>\n\t<meta name=\"twitter:data1\" content=\"Damien Dellerba\" \/>\n\t<meta name=\"twitter:label2\" content=\"Dur\u00e9e de lecture estim\u00e9e\" \/>\n\t<meta name=\"twitter:data2\" content=\"2 minutes\" \/>\n<script type=\"application\/ld+json\" class=\"yoast-schema-graph\">{\"@context\":\"https:\/\/schema.org\",\"@graph\":[{\"@type\":\"WebPage\",\"@id\":\"https:\/\/www.ladiagonale.net\/index.php\/2023\/02\/19\/clement-lequipe-sest-liberee\/\",\"url\":\"https:\/\/www.ladiagonale.net\/index.php\/2023\/02\/19\/clement-lequipe-sest-liberee\/\",\"name\":\"Clement : \u00ab&nbsp;L\u2019\u00e9quipe s\u2019est lib\u00e9r\u00e9e&nbsp;\u00bb - La Diagonale\",\"isPartOf\":{\"@id\":\"https:\/\/www.ladiagonale.net\/#website\"},\"datePublished\":\"2023-02-19T22:23:46+00:00\",\"dateModified\":\"2023-02-19T22:23:49+00:00\",\"author\":{\"@id\":\"https:\/\/www.ladiagonale.net\/#\/schema\/person\/79ff1e7b0853ed01b2aa26e64ad300bf\"},\"breadcrumb\":{\"@id\":\"https:\/\/www.ladiagonale.net\/index.php\/2023\/02\/19\/clement-lequipe-sest-liberee\/#breadcrumb\"},\"inLanguage\":\"fr-FR\",\"potentialAction\":[{\"@type\":\"ReadAction\",\"target\":[\"https:\/\/www.ladiagonale.net\/index.php\/2023\/02\/19\/clement-lequipe-sest-liberee\/\"]}]},{\"@type\":\"BreadcrumbList\",\"@id\":\"https:\/\/www.ladiagonale.net\/index.php\/2023\/02\/19\/clement-lequipe-sest-liberee\/#breadcrumb\",\"itemListElement\":[{\"@type\":\"ListItem\",\"position\":1,\"name\":\"Accueil\",\"item\":\"https:\/\/www.ladiagonale.net\/\"},{\"@type\":\"ListItem\",\"position\":2,\"name\":\"Clement : \u00ab&nbsp;L\u2019\u00e9quipe s\u2019est lib\u00e9r\u00e9e&nbsp;\u00bb\"}]},{\"@type\":\"WebSite\",\"@id\":\"https:\/\/www.ladiagonale.net\/#website\",\"url\":\"https:\/\/www.ladiagonale.net\/\",\"name\":\"La Diagonale\",\"description\":\"Le site des supporters de l&#039;AS Monaco FC\",\"potentialAction\":[{\"@type\":\"SearchAction\",\"target\":{\"@type\":\"EntryPoint\",\"urlTemplate\":\"https:\/\/www.ladiagonale.net\/?s={search_term_string}\"},\"query-input\":\"required name=search_term_string\"}],\"inLanguage\":\"fr-FR\"},{\"@type\":\"Person\",\"@id\":\"https:\/\/www.ladiagonale.net\/#\/schema\/person\/79ff1e7b0853ed01b2aa26e64ad300bf\",\"name\":\"Damien Dellerba\",\"image\":{\"@type\":\"ImageObject\",\"inLanguage\":\"fr-FR\",\"@id\":\"https:\/\/www.ladiagonale.net\/#\/schema\/person\/image\/\",\"url\":\"https:\/\/secure.gravatar.com\/avatar\/c7850e06d3ff63cdbaee88b7fc16e2f0?s=96&d=mm&r=g\",\"contentUrl\":\"https:\/\/secure.gravatar.com\/avatar\/c7850e06d3ff63cdbaee88b7fc16e2f0?s=96&d=mm&r=g\",\"caption\":\"Damien Dellerba\"},\"url\":\"https:\/\/www.ladiagonale.net\/index.php\/author\/damien\/\"}]}<\/script>\n<!-- \/ Yoast SEO plugin. -->","yoast_head_json":{"title":"Clement : \u00ab&nbsp;L\u2019\u00e9quipe s\u2019est lib\u00e9r\u00e9e&nbsp;\u00bb - La Diagonale","robots":{"index":"index","follow":"follow","max-snippet":"max-snippet:-1","max-image-preview":"max-image-preview:large","max-video-preview":"max-video-preview:-1"},"canonical":"https:\/\/www.ladiagonale.net\/index.php\/2023\/02\/19\/clement-lequipe-sest-liberee\/","og_locale":"fr_FR","og_type":"article","og_title":"Clement : \u00ab&nbsp;L\u2019\u00e9quipe s\u2019est lib\u00e9r\u00e9e&nbsp;\u00bb - La Diagonale","og_description":"Philippe Clement \u00e9tait en conf\u00e9rence de presse apr\u00e8s la solide victoire de l\u2019AS Monaco \u00e0 Brest. L\u2019entra\u00eeneur belge a aim\u00e9 la prestation de son \u00e9quipe malgr\u00e9 les changements effectu\u00e9s : \u00ab\u00a0Il y a plusieurs enseignements \u00e0 retenir. Mais si je dois n\u2019en retenir qu\u2019un seul, je dirais la solidarit\u00e9. Malgr\u00e9 les blessures, tous les joueurs [...]","og_url":"https:\/\/www.ladiagonale.net\/index.php\/2023\/02\/19\/clement-lequipe-sest-liberee\/","og_site_name":"La Diagonale","article_published_time":"2023-02-19T22:23:46+00:00","article_modified_time":"2023-02-19T22:23:49+00:00","og_image":[{"width":1160,"height":650,"url":"https:\/\/www.ladiagonale.net\/wp-content\/uploads\/2022\/10\/clement.png","type":"image\/png"}],"author":"Damien Dellerba","twitter_card":"summary_large_image","twitter_image":"https:\/\/www.ladiagonale.net\/wp-content\/uploads\/2022\/10\/clement.png","twitter_misc":{"\u00c9crit par":"Damien Dellerba","Dur\u00e9e de lecture estim\u00e9e":"2 minutes"},"schema":{"@context":"https:\/\/schema.org","@graph":[{"@type":"WebPage","@id":"https:\/\/www.ladiagonale.net\/index.php\/2023\/02\/19\/clement-lequipe-sest-liberee\/","url":"https:\/\/www.ladiagonale.net\/index.php\/2023\/02\/19\/clement-lequipe-sest-liberee\/","name":"Clement : \u00ab&nbsp;L\u2019\u00e9quipe s\u2019est lib\u00e9r\u00e9e&nbsp;\u00bb - La Diagonale","isPartOf":{"@id":"https:\/\/www.ladiagonale.net\/#website"},"datePublished":"2023-02-19T22:23:46+00:00","dateModified":"2023-02-19T22:23:49+00:00","author":{"@id":"https:\/\/www.ladiagonale.net\/#\/schema\/person\/79ff1e7b0853ed01b2aa26e64ad300bf"},"breadcrumb":{"@id":"https:\/\/www.ladiagonale.net\/index.php\/2023\/02\/19\/clement-lequipe-sest-liberee\/#breadcrumb"},"inLanguage":"fr-FR","potentialAction":[{"@type":"ReadAction","target":["https:\/\/www.ladiagonale.net\/index.php\/2023\/02\/19\/clement-lequipe-sest-liberee\/"]}]},{"@type":"BreadcrumbList","@id":"https:\/\/www.ladiagonale.net\/index.php\/2023\/02\/19\/clement-lequipe-sest-liberee\/#breadcrumb","itemListElement":[{"@type":"ListItem","position":1,"name":"Accueil","item":"https:\/\/www.ladiagonale.net\/"},{"@type":"ListItem","position":2,"name":"Clement : \u00ab&nbsp;L\u2019\u00e9quipe s\u2019est lib\u00e9r\u00e9e&nbsp;\u00bb"}]},{"@type":"WebSite","@id":"https:\/\/www.ladiagonale.net\/#website","url":"https:\/\/www.ladiagonale.net\/","name":"La Diagonale","description":"Le site des supporters de l&#039;AS Monaco FC","potentialAction":[{"@type":"SearchAction","target":{"@type":"EntryPoint","urlTemplate":"https:\/\/www.ladiagonale.net\/?s={search_term_string}"},"query-input":"required name=search_term_string"}],"inLanguage":"fr-FR"},{"@type":"Person","@id":"https:\/\/www.ladiagonale.net\/#\/schema\/person\/79ff1e7b0853ed01b2aa26e64ad300bf","name":"Damien Dellerba","image":{"@type":"ImageObject","inLanguage":"fr-FR","@id":"https:\/\/www.ladiagonale.net\/#\/schema\/person\/image\/","url":"https:\/\/secure.gravatar.com\/avatar\/c7850e06d3ff63cdbaee88b7fc16e2f0?s=96&d=mm&r=g","contentUrl":"https:\/\/secure.gravatar.com\/avatar\/c7850e06d3ff63cdbaee88b7fc16e2f0?s=96&d=mm&r=g","caption":"Damien Dellerba"},"url":"https:\/\/www.ladiagonale.net\/index.php\/author\/damien\/"}]}},"_links":{"self":[{"href":"https:\/\/www.ladiagonale.net\/index.php\/wp-json\/wp\/v2\/posts\/9940"}],"collection":[{"href":"https:\/\/www.ladiagonale.net\/index.php\/wp-json\/wp\/v2\/posts"}],"about":[{"href":"https:\/\/www.ladiagonale.net\/index.php\/wp-json\/wp\/v2\/types\/post"}],"author":[{"embeddable":true,"href":"https:\/\/www.ladiagonale.net\/index.php\/wp-json\/wp\/v2\/users\/2"}],"replies":[{"embeddable":true,"href":"https:\/\/www.ladiagonale.net\/index.php\/wp-json\/wp\/v2\/comments?post=9940"}],"version-history":[{"count":1,"href":"https:\/\/www.ladiagonale.net\/index.php\/wp-json\/wp\/v2\/posts\/9940\/revisions"}],"predecessor-version":[{"id":9941,"href":"https:\/\/www.ladiagonale.net\/index.php\/wp-json\/wp\/v2\/posts\/9940\/revisions\/9941"}],"wp:attachment":[{"href":"https:\/\/www.ladiagonale.net\/index.php\/wp-json\/wp\/v2\/media?parent=9940"}],"wp:term":[{"taxonomy":"category","embeddable":true,"href":"https:\/\/www.ladiagonale.net\/index.php\/wp-json\/wp\/v2\/categories?post=9940"},{"taxonomy":"post_tag","embeddable":true,"href":"https:\/\/www.ladiagonale.net\/index.php\/wp-json\/wp\/v2\/tags?post=9940"}],"curies":[{"name":"wp","href":"https:\/\/api.w.org\/{rel}","templated":true}]}}