{"id":9961,"date":"2023-02-20T20:06:46","date_gmt":"2023-02-20T19:06:46","guid":{"rendered":"https:\/\/www.ladiagonale.net\/?p=9961"},"modified":"2023-02-20T20:08:34","modified_gmt":"2023-02-20T19:08:34","slug":"laction-cle-de-brest-monaco-matsima-casse-les-lignes","status":"publish","type":"post","link":"https:\/\/www.ladiagonale.net\/index.php\/2023\/02\/20\/laction-cle-de-brest-monaco-matsima-casse-les-lignes\/","title":{"rendered":"L\u2019action cl\u00e9 de Brest-Monaco : Matsima casse les lignes"},"content":{"rendered":"\n\n\n<p><strong>L\u2019AS Monaco a pris le meilleur sur Brest lors de la 24<sup>e<\/sup> journ\u00e9e de Ligue 1 (1-2) mais il a \u00e9t\u00e9 difficile pour les hommes de Philippe Clement de trouver les failles dans le bloc brestois. La faute aussi en partie \u00e0 une incapacit\u00e9 \u00e0 changer le rythme et \u00e0 trouver les bons d\u00e9calages. Sauf sur le premier but inscrit par Golovin (0-1, 39<sup>e<\/sup>), o\u00f9 la passe de Matsima va provoquer une acc\u00e9l\u00e9ration soudaine du jeu.<\/strong><\/p>\n\n\n\n<figure class=\"wp-block-image size-full\"><img loading=\"lazy\" width=\"1920\" height=\"1080\" src=\"https:\/\/www.ladiagonale.net\/wp-content\/uploads\/2023\/02\/Capture1-2.png\" alt=\"\" class=\"wp-image-9976\"\/><figcaption>Tous les joueurs de l\u2019AS Monaco, \u00e0 l&rsquo;exception de N\u00fcbel, sont dans le camp brestois. Disasi h\u00e9rite d\u2019un ballon de Fofana dans le rond central, ce dernier ayant \u00e9t\u00e9 repouss\u00e9 par le pressing brestois et notamment celui de Mahdi Camara. Fofana est oblig\u00e9 de repasser par derri\u00e8re car aucune solution n\u2019est ouverte et le bloc brestois, avec sa ligne de quatre d\u00e9fenseurs et de trois milieux, est parfaitement en place. Quatre joueurs as\u00e9mistes sont entre ces deux lignes mais les espaces sont tr\u00e8s serr\u00e9s. Matsima longe d\u00e9j\u00e0 la ligne de touche, pr\u00eat \u00e0 donner une solution pour le renversement du jeu. \u00c0 noter que Ben Yedder est sur la gauche du terrain, marqu\u00e9 par Lala, et \u00e0 l\u2019oppos\u00e9 de l\u00e0 o\u00f9 il finira l\u2019action. Golovin est quant \u00e0 lui d\u00e9j\u00e0 situ\u00e9 dans l&rsquo;axe.<\/figcaption><\/figure>\n\n\n\n<figure class=\"wp-block-image size-full\"><img loading=\"lazy\" width=\"1818\" height=\"1023\" src=\"https:\/\/www.ladiagonale.net\/wp-content\/uploads\/2023\/02\/Capture2.png\" alt=\"\" class=\"wp-image-9965\"\/><figcaption>Disasi a du champ et n\u2019est pas attaqu\u00e9, seul Le Douaron fait un effort pour essayer de g\u00eaner sa relance. Le d\u00e9fenseur mon\u00e9gasque voit une possibilit\u00e9 de passe pour Diatta, qui r\u00e9clame le ballon entre Pierre Lees-Melou et Romain Del Castillo. Le premier emp\u00eache notamment de trouver Ben Seghir tandis que le second a couliss\u00e9 pour anticiper le renversement et vient se placer entre Diatta et Matsima et rendre la passe vers ce dernier plus difficile. Disasi prend l\u2019information et d\u00e9cide \u00e0 ce moment-l\u00e0 de jouer sur Diatta, prenant ainsi Del Castillo \u00e0 contre-pied. Dans le m\u00eame temps, Ben Yedder se r\u00e9-axe progressivement.<\/figcaption><\/figure>\n\n\n\n<figure class=\"wp-block-image size-full\"><img loading=\"lazy\" width=\"1818\" height=\"1023\" src=\"https:\/\/www.ladiagonale.net\/wp-content\/uploads\/2023\/02\/Capture3.png\" alt=\"\" class=\"wp-image-9967\"\/><figcaption>Diatta sent Duverne monter sur lui et joue rapidement en une touche de balle vers Matsima, qui a commenc\u00e9 \u00e0 se projeter vers l\u2019avant. Malheureusement, la passe de l&rsquo;ailier s\u00e9n\u00e9galais manque de pr\u00e9cision et a un effet. Au lieu d\u2019arriver dans la course de Matsima, qui a d\u00e9j\u00e0 commenc\u00e9 son appel, elle oblige le d\u00e9fenseur a revenir l\u00e9g\u00e8rement sur ses pas et lorsqu\u2019il re\u00e7oit le ballon, il est de nouveau \u00e0 l\u2019arr\u00eat. Ben Seghir s\u2019est d\u00e9j\u00e0 mis en mouvement avant la passe de Diatta.<\/figcaption><\/figure>\n\n\n\n<figure class=\"wp-block-image size-full\"><img loading=\"lazy\" width=\"1818\" height=\"1023\" src=\"https:\/\/www.ladiagonale.net\/wp-content\/uploads\/2023\/02\/Capture4-1.png\" alt=\"\" class=\"wp-image-9970\"\/><figcaption>Matsima a r\u00e9cup\u00e9r\u00e9 le cuir mais il n&rsquo;est plus lanc\u00e9 et voit Del Castillo s&rsquo;opposer \u00e0 lui et le priver de deux options : progresser balle au pied ou jouer le une-deux avec Diatta. L&rsquo;appel du S\u00e9n\u00e9galais vise \u00e0 donner une solution mais il permet surtout d&rsquo;attirer Duverne avec lui et de laisser davantage de champ \u00e0 Ben Seghir. L&rsquo;angle de passe de Matsima pour Ben Seghir est tr\u00e8s faible mais le positionnement de Del Castillo, l\u00e9g\u00e8rement trop excentr\u00e9, lui ouvre un peu plus l&rsquo;espace. Lees-Melou a vu Ben Seghir dans son dos mais le temps de prendre l&rsquo;information accuse un pas de retard. C&rsquo;est \u00e0 ce moment que Matsima d\u00e9clenche son excellente passe qui va faire la diff\u00e9rence.<\/figcaption><\/figure>\n\n\n\n<figure class=\"wp-block-image size-full\"><img loading=\"lazy\" width=\"1818\" height=\"1023\" src=\"https:\/\/www.ladiagonale.net\/wp-content\/uploads\/2023\/02\/Capture5.png\" alt=\"\" class=\"wp-image-9971\"\/><figcaption>Ben Seghir se remet dans le sens du jeu par son contr\u00f4le du pied gauche mais va se retrouver rapidement pris en tenaille entre Lees-Melou, qui a lu la passe de Matsima et qui vient au duel, et Brassier, qui veut couper la trajectoire. Ben Yedder, en redoutable chasseur de but, est d\u00e9j\u00e0 dans la zone et lance son appel dans la surface. Golovin, a parcouru une faible distance depuis le d\u00e9but de l&rsquo;action et se contente de rester aux abords de la surface.<\/figcaption><\/figure>\n\n\n\n<figure class=\"wp-block-image size-full\"><img loading=\"lazy\" width=\"1818\" height=\"1023\" src=\"https:\/\/www.ladiagonale.net\/wp-content\/uploads\/2023\/02\/Capture6.png\" alt=\"\" class=\"wp-image-9972\"\/><figcaption>Ben Seghir pousse le ballon du pied droit devant lui mais se retrouve g\u00ean\u00e9 par Lees-Melou, qui laisse filer et ne veut pas accentuer un duel qui pourrait occasionner un contact et un \u00e9ventuel p\u00e9nalty contre lui. Sur la gauche de Ben Seghir, Brassier le devance l\u00e9g\u00e8rement. Mais Ben Yedder a le coup de rein et la meilleure trajectoire de course pour faire la diff\u00e9rence sur une douzaine de m\u00e8tres par rapport au d\u00e9fenseur brestois, qui perd aussi du terrain en raison de son duel avec Ben Seghir. Ils sont d\u00e9sormais trois joueurs \u00e0 se disputer le cuir. Golovin p\u00e9n\u00e8tre dans la surface mais se situe au milieu de quatre brestois.<\/figcaption><\/figure>\n\n\n\n<figure class=\"wp-block-image size-full\"><img loading=\"lazy\" width=\"1818\" height=\"1023\" src=\"https:\/\/www.ladiagonale.net\/wp-content\/uploads\/2023\/02\/Capture7-1.png\" alt=\"\" class=\"wp-image-9974\"\/><figcaption>Ben Yedder arrive le premier sur le ballon et coupe la route \u00e0 Brassier qui doit faire un pas de c\u00f4t\u00e9 pour essayer de se mettre entre le capitaine mon\u00e9gasque et son but. Sans m\u00eame regarder s\u2019il y a des solutions dans l\u2019axe, l\u2019attaquant mon\u00e9gasque centre en premi\u00e8re intention en retrait devant le but. Brassier est trop court pour le contrer, H\u00e9relle est pris a contre-pied. Golovin a continu\u00e9 sa course en direction du but, entre Haris Belkebla et Mahdi Camara, globalement tr\u00e8s passifs. Ce dernier, au pressing au d\u00e9but de l&rsquo;action, ne semble plus en mesure d&rsquo;effectuer un sprint plus intense pour revenir semble se rel\u00e2cher dans sa course. Marco Bizot, le portier brestois, a anticip\u00e9 un \u00e9ventuel tir de Ben Yedder et se retrouve au premier poteau pour boucher l\u2019angle.<\/figcaption><\/figure>\n\n\n\n<figure class=\"wp-block-image size-full\"><img loading=\"lazy\" width=\"1818\" height=\"1023\" src=\"https:\/\/www.ladiagonale.net\/wp-content\/uploads\/2023\/02\/Capture8.png\" alt=\"\" class=\"wp-image-9977\"\/><figcaption>Presque miraculeusement, le ballon ne rencontre aucune jambe brestoise et Golovin se jette pour tacler le ballon et le propulser au fond du but de Bizot avec son pied gauche. Contrairement \u00e0 Camara, Belkebla a poursuivi son effort mais il est derri\u00e8re Golovin et ne peut pas intervenir. Plac\u00e9 au premier poteau au moment du centre, Bizot n&rsquo;a pas eu le temps de se remettre dans une position plus axiale et le ballon de Golovin est hors de port\u00e9e pour lui. Monaco prend la t\u00eate \u00e0 la 39e minute.<\/figcaption><\/figure>\n\n\n\n<figure class=\"wp-block-image size-full\"><img loading=\"lazy\" width=\"1610\" height=\"906\" src=\"https:\/\/www.ladiagonale.net\/wp-content\/uploads\/2023\/02\/VideoScreenshot-PrimeVideoStadeBrestois29-ASMonaco-5857-1.png\" alt=\"\" class=\"wp-image-9978\"\/><\/figure>\n\n\n\n<p>Images : <em>Prime Video<\/em><\/p>\n\n\n\n<p>Photo : <em>AS Monaco<\/em><\/p>\n","protected":false},"excerpt":{"rendered":"<p>L\u2019AS Monaco a pris le meilleur sur Brest lors de la 24e journ\u00e9e de Ligue 1 (1-2) mais il a \u00e9t\u00e9 difficile pour les hommes de Philippe Clement de trouver les failles dans le bloc brestois. La faute aussi en partie \u00e0 une incapacit\u00e9 \u00e0 changer le rythme et \u00e0 trouver les bons d\u00e9calages. Sauf [&#8230;]\n","protected":false},"author":2,"featured_media":9962,"comment_status":"open","ping_status":"open","sticky":false,"template":"","format":"standard","meta":[],"categories":[5,6],"tags":[184,416,86,373,392,286,94,417,175],"yoast_head":"<!-- This site is optimized with the Yoast SEO plugin v19.8 - https:\/\/yoast.com\/wordpress\/plugins\/seo\/ -->\n<title>L\u2019action cl\u00e9 de Brest-Monaco : Matsima casse les lignes - La Diagonale<\/title>\n<meta name=\"robots\" content=\"index, follow, max-snippet:-1, max-image-preview:large, max-video-preview:-1\" \/>\n<link rel=\"canonical\" href=\"https:\/\/www.ladiagonale.net\/index.php\/2023\/02\/20\/laction-cle-de-brest-monaco-matsima-casse-les-lignes\/\" \/>\n<meta property=\"og:locale\" content=\"fr_FR\" \/>\n<meta property=\"og:type\" content=\"article\" \/>\n<meta property=\"og:title\" content=\"L\u2019action cl\u00e9 de Brest-Monaco : Matsima casse les lignes - La Diagonale\" \/>\n<meta property=\"og:description\" content=\"L\u2019AS Monaco a pris le meilleur sur Brest lors de la 24e journ\u00e9e de Ligue 1 (1-2) mais il a \u00e9t\u00e9 difficile pour les hommes de Philippe Clement de trouver les failles dans le bloc brestois. La faute aussi en partie \u00e0 une incapacit\u00e9 \u00e0 changer le rythme et \u00e0 trouver les bons d\u00e9calages. Sauf [...]\" \/>\n<meta property=\"og:url\" content=\"https:\/\/www.ladiagonale.net\/index.php\/2023\/02\/20\/laction-cle-de-brest-monaco-matsima-casse-les-lignes\/\" \/>\n<meta property=\"og:site_name\" content=\"La Diagonale\" \/>\n<meta property=\"article:published_time\" content=\"2023-02-20T19:06:46+00:00\" \/>\n<meta property=\"article:modified_time\" content=\"2023-02-20T19:08:34+00:00\" \/>\n<meta property=\"og:image\" content=\"https:\/\/www.ladiagonale.net\/wp-content\/uploads\/2023\/02\/analyse-brest.png\" \/>\n\t<meta property=\"og:image:width\" content=\"1160\" \/>\n\t<meta property=\"og:image:height\" content=\"650\" \/>\n\t<meta property=\"og:image:type\" content=\"image\/png\" \/>\n<meta name=\"author\" content=\"Damien Dellerba\" \/>\n<meta name=\"twitter:card\" content=\"summary_large_image\" \/>\n<meta name=\"twitter:image\" content=\"https:\/\/www.ladiagonale.net\/wp-content\/uploads\/2023\/02\/analyse-brest.png\" \/>\n<meta name=\"twitter:label1\" content=\"\u00c9crit par\" \/>\n\t<meta name=\"twitter:data1\" content=\"Damien Dellerba\" \/>\n\t<meta name=\"twitter:label2\" content=\"Dur\u00e9e de lecture estim\u00e9e\" \/>\n\t<meta name=\"twitter:data2\" content=\"7 minutes\" \/>\n<script type=\"application\/ld+json\" class=\"yoast-schema-graph\">{\"@context\":\"https:\/\/schema.org\",\"@graph\":[{\"@type\":\"WebPage\",\"@id\":\"https:\/\/www.ladiagonale.net\/index.php\/2023\/02\/20\/laction-cle-de-brest-monaco-matsima-casse-les-lignes\/\",\"url\":\"https:\/\/www.ladiagonale.net\/index.php\/2023\/02\/20\/laction-cle-de-brest-monaco-matsima-casse-les-lignes\/\",\"name\":\"L\u2019action cl\u00e9 de Brest-Monaco : Matsima casse les lignes - La Diagonale\",\"isPartOf\":{\"@id\":\"https:\/\/www.ladiagonale.net\/#website\"},\"datePublished\":\"2023-02-20T19:06:46+00:00\",\"dateModified\":\"2023-02-20T19:08:34+00:00\",\"author\":{\"@id\":\"https:\/\/www.ladiagonale.net\/#\/schema\/person\/79ff1e7b0853ed01b2aa26e64ad300bf\"},\"breadcrumb\":{\"@id\":\"https:\/\/www.ladiagonale.net\/index.php\/2023\/02\/20\/laction-cle-de-brest-monaco-matsima-casse-les-lignes\/#breadcrumb\"},\"inLanguage\":\"fr-FR\",\"potentialAction\":[{\"@type\":\"ReadAction\",\"target\":[\"https:\/\/www.ladiagonale.net\/index.php\/2023\/02\/20\/laction-cle-de-brest-monaco-matsima-casse-les-lignes\/\"]}]},{\"@type\":\"BreadcrumbList\",\"@id\":\"https:\/\/www.ladiagonale.net\/index.php\/2023\/02\/20\/laction-cle-de-brest-monaco-matsima-casse-les-lignes\/#breadcrumb\",\"itemListElement\":[{\"@type\":\"ListItem\",\"position\":1,\"name\":\"Accueil\",\"item\":\"https:\/\/www.ladiagonale.net\/\"},{\"@type\":\"ListItem\",\"position\":2,\"name\":\"L\u2019action cl\u00e9 de Brest-Monaco : Matsima casse les lignes\"}]},{\"@type\":\"WebSite\",\"@id\":\"https:\/\/www.ladiagonale.net\/#website\",\"url\":\"https:\/\/www.ladiagonale.net\/\",\"name\":\"La Diagonale\",\"description\":\"Le site des supporters de l&#039;AS Monaco FC\",\"potentialAction\":[{\"@type\":\"SearchAction\",\"target\":{\"@type\":\"EntryPoint\",\"urlTemplate\":\"https:\/\/www.ladiagonale.net\/?s={search_term_string}\"},\"query-input\":\"required name=search_term_string\"}],\"inLanguage\":\"fr-FR\"},{\"@type\":\"Person\",\"@id\":\"https:\/\/www.ladiagonale.net\/#\/schema\/person\/79ff1e7b0853ed01b2aa26e64ad300bf\",\"name\":\"Damien Dellerba\",\"image\":{\"@type\":\"ImageObject\",\"inLanguage\":\"fr-FR\",\"@id\":\"https:\/\/www.ladiagonale.net\/#\/schema\/person\/image\/\",\"url\":\"https:\/\/secure.gravatar.com\/avatar\/c7850e06d3ff63cdbaee88b7fc16e2f0?s=96&d=mm&r=g\",\"contentUrl\":\"https:\/\/secure.gravatar.com\/avatar\/c7850e06d3ff63cdbaee88b7fc16e2f0?s=96&d=mm&r=g\",\"caption\":\"Damien Dellerba\"},\"url\":\"https:\/\/www.ladiagonale.net\/index.php\/author\/damien\/\"}]}<\/script>\n<!-- \/ Yoast SEO plugin. -->","yoast_head_json":{"title":"L\u2019action cl\u00e9 de Brest-Monaco : Matsima casse les lignes - La Diagonale","robots":{"index":"index","follow":"follow","max-snippet":"max-snippet:-1","max-image-preview":"max-image-preview:large","max-video-preview":"max-video-preview:-1"},"canonical":"https:\/\/www.ladiagonale.net\/index.php\/2023\/02\/20\/laction-cle-de-brest-monaco-matsima-casse-les-lignes\/","og_locale":"fr_FR","og_type":"article","og_title":"L\u2019action cl\u00e9 de Brest-Monaco : Matsima casse les lignes - La Diagonale","og_description":"L\u2019AS Monaco a pris le meilleur sur Brest lors de la 24e journ\u00e9e de Ligue 1 (1-2) mais il a \u00e9t\u00e9 difficile pour les hommes de Philippe Clement de trouver les failles dans le bloc brestois. La faute aussi en partie \u00e0 une incapacit\u00e9 \u00e0 changer le rythme et \u00e0 trouver les bons d\u00e9calages. Sauf [...]","og_url":"https:\/\/www.ladiagonale.net\/index.php\/2023\/02\/20\/laction-cle-de-brest-monaco-matsima-casse-les-lignes\/","og_site_name":"La Diagonale","article_published_time":"2023-02-20T19:06:46+00:00","article_modified_time":"2023-02-20T19:08:34+00:00","og_image":[{"width":1160,"height":650,"url":"https:\/\/www.ladiagonale.net\/wp-content\/uploads\/2023\/02\/analyse-brest.png","type":"image\/png"}],"author":"Damien Dellerba","twitter_card":"summary_large_image","twitter_image":"https:\/\/www.ladiagonale.net\/wp-content\/uploads\/2023\/02\/analyse-brest.png","twitter_misc":{"\u00c9crit par":"Damien Dellerba","Dur\u00e9e de lecture estim\u00e9e":"7 minutes"},"schema":{"@context":"https:\/\/schema.org","@graph":[{"@type":"WebPage","@id":"https:\/\/www.ladiagonale.net\/index.php\/2023\/02\/20\/laction-cle-de-brest-monaco-matsima-casse-les-lignes\/","url":"https:\/\/www.ladiagonale.net\/index.php\/2023\/02\/20\/laction-cle-de-brest-monaco-matsima-casse-les-lignes\/","name":"L\u2019action cl\u00e9 de Brest-Monaco : Matsima casse les lignes - La Diagonale","isPartOf":{"@id":"https:\/\/www.ladiagonale.net\/#website"},"datePublished":"2023-02-20T19:06:46+00:00","dateModified":"2023-02-20T19:08:34+00:00","author":{"@id":"https:\/\/www.ladiagonale.net\/#\/schema\/person\/79ff1e7b0853ed01b2aa26e64ad300bf"},"breadcrumb":{"@id":"https:\/\/www.ladiagonale.net\/index.php\/2023\/02\/20\/laction-cle-de-brest-monaco-matsima-casse-les-lignes\/#breadcrumb"},"inLanguage":"fr-FR","potentialAction":[{"@type":"ReadAction","target":["https:\/\/www.ladiagonale.net\/index.php\/2023\/02\/20\/laction-cle-de-brest-monaco-matsima-casse-les-lignes\/"]}]},{"@type":"BreadcrumbList","@id":"https:\/\/www.ladiagonale.net\/index.php\/2023\/02\/20\/laction-cle-de-brest-monaco-matsima-casse-les-lignes\/#breadcrumb","itemListElement":[{"@type":"ListItem","position":1,"name":"Accueil","item":"https:\/\/www.ladiagonale.net\/"},{"@type":"ListItem","position":2,"name":"L\u2019action cl\u00e9 de Brest-Monaco : Matsima casse les lignes"}]},{"@type":"WebSite","@id":"https:\/\/www.ladiagonale.net\/#website","url":"https:\/\/www.ladiagonale.net\/","name":"La Diagonale","description":"Le site des supporters de l&#039;AS Monaco FC","potentialAction":[{"@type":"SearchAction","target":{"@type":"EntryPoint","urlTemplate":"https:\/\/www.ladiagonale.net\/?s={search_term_string}"},"query-input":"required name=search_term_string"}],"inLanguage":"fr-FR"},{"@type":"Person","@id":"https:\/\/www.ladiagonale.net\/#\/schema\/person\/79ff1e7b0853ed01b2aa26e64ad300bf","name":"Damien Dellerba","image":{"@type":"ImageObject","inLanguage":"fr-FR","@id":"https:\/\/www.ladiagonale.net\/#\/schema\/person\/image\/","url":"https:\/\/secure.gravatar.com\/avatar\/c7850e06d3ff63cdbaee88b7fc16e2f0?s=96&d=mm&r=g","contentUrl":"https:\/\/secure.gravatar.com\/avatar\/c7850e06d3ff63cdbaee88b7fc16e2f0?s=96&d=mm&r=g","caption":"Damien Dellerba"},"url":"https:\/\/www.ladiagonale.net\/index.php\/author\/damien\/"}]}},"_links":{"self":[{"href":"https:\/\/www.ladiagonale.net\/index.php\/wp-json\/wp\/v2\/posts\/9961"}],"collection":[{"href":"https:\/\/www.ladiagonale.net\/index.php\/wp-json\/wp\/v2\/posts"}],"about":[{"href":"https:\/\/www.ladiagonale.net\/index.php\/wp-json\/wp\/v2\/types\/post"}],"author":[{"embeddable":true,"href":"https:\/\/www.ladiagonale.net\/index.php\/wp-json\/wp\/v2\/users\/2"}],"replies":[{"embeddable":true,"href":"https:\/\/www.ladiagonale.net\/index.php\/wp-json\/wp\/v2\/comments?post=9961"}],"version-history":[{"count":8,"href":"https:\/\/www.ladiagonale.net\/index.php\/wp-json\/wp\/v2\/posts\/9961\/revisions"}],"predecessor-version":[{"id":9983,"href":"https:\/\/www.ladiagonale.net\/index.php\/wp-json\/wp\/v2\/posts\/9961\/revisions\/9983"}],"wp:featuredmedia":[{"embeddable":true,"href":"https:\/\/www.ladiagonale.net\/index.php\/wp-json\/wp\/v2\/media\/9962"}],"wp:attachment":[{"href":"https:\/\/www.ladiagonale.net\/index.php\/wp-json\/wp\/v2\/media?parent=9961"}],"wp:term":[{"taxonomy":"category","embeddable":true,"href":"https:\/\/www.ladiagonale.net\/index.php\/wp-json\/wp\/v2\/categories?post=9961"},{"taxonomy":"post_tag","embeddable":true,"href":"https:\/\/www.ladiagonale.net\/index.php\/wp-json\/wp\/v2\/tags?post=9961"}],"curies":[{"name":"wp","href":"https:\/\/api.w.org\/{rel}","templated":true}]}}